{"id":16491,"date":"2022-05-04T17:48:20","date_gmt":"2022-05-04T20:48:20","guid":{"rendered":"https:\/\/radiorevelacionfm.cl\/?p=16491"},"modified":"2022-05-04T17:48:20","modified_gmt":"2022-05-04T20:48:20","slug":"ante-la-crisis-economica-diputado-alinco-ingresa-proyecto-de-ley-que-permita-fijar-los-precios-al-consumidor","status":"publish","type":"post","link":"https:\/\/radiorevelacionfm.cl\/?p=16491","title":{"rendered":"Ante la crisis econ\u00f3mica:  Diputado Alinco ingresa proyecto de ley que permita fijar los precios al consumidor"},"content":{"rendered":"<div class=\"flex_column av_one_full  flex_column_div av-zero-column-padding first  avia-builder-el-0  el_before_av_one_full  avia-builder-el-first  \" style='border-radius:0px; '><div  class='avia-image-container  av-styling-    avia-builder-el-1  avia-builder-el-no-sibling  avia-align-center '  itemprop=\"image\" itemscope=\"itemscope\" itemtype=\"https:\/\/schema.org\/ImageObject\"  ><div class='avia-image-container-inner'><div class='avia-image-overlay-wrap'><img decoding=\"async\" class='wp-image-16495 avia-img-lazy-loading-not-16495 avia_image' src=\"https:\/\/radiorevelacionfm.cl\/wp-content\/uploads\/2022\/05\/WhatsApp-Image-2022-05-04-at-11.54.23-AM-2-1-1.jpeg\" alt='' title='WhatsApp Image 2022-05-04 at 11.54.23 AM (2) (1) (1)' height=\"600\" width=\"800\"  itemprop=\"thumbnailUrl\" srcset=\"https:\/\/radiorevelacionfm.cl\/wp-content\/uploads\/2022\/05\/WhatsApp-Image-2022-05-04-at-11.54.23-AM-2-1-1.jpeg 800w, https:\/\/radiorevelacionfm.cl\/wp-content\/uploads\/2022\/05\/WhatsApp-Image-2022-05-04-at-11.54.23-AM-2-1-1-300x225.jpeg 300w, https:\/\/radiorevelacionfm.cl\/wp-content\/uploads\/2022\/05\/WhatsApp-Image-2022-05-04-at-11.54.23-AM-2-1-1-768x576.jpeg 768w, https:\/\/radiorevelacionfm.cl\/wp-content\/uploads\/2022\/05\/WhatsApp-Image-2022-05-04-at-11.54.23-AM-2-1-1-705x529.jpeg 705w, https:\/\/radiorevelacionfm.cl\/wp-content\/uploads\/2022\/05\/WhatsApp-Image-2022-05-04-at-11.54.23-AM-2-1-1-600x450.jpeg 600w\" sizes=\"(max-width: 800px) 100vw, 800px\" \/><\/div><\/div><\/div><\/div><div class=\"flex_column av_one_full  flex_column_div av-zero-column-padding first  avia-builder-el-2  el_after_av_one_full  el_before_av_one_full  column-top-margin\" style='border-radius:0px; '><section class=\"av_textblock_section \"  itemscope=\"itemscope\" itemtype=\"https:\/\/schema.org\/BlogPosting\" itemprop=\"blogPost\" ><div class='avia_textblock  '   itemprop=\"text\" ><p style=\"text-align: center;\"><span style=\"font-size: 18pt;\"><strong>Ante la crisis econ\u00f3mica:\u00a0Diputado Alinco ingresa proyecto de ley que permita fijar los precios al consumidor<\/strong><\/span><\/p>\n<div id=\"gtx-trans\" style=\"position: absolute; left: -50px; top: 4.31534px;\">\n<div class=\"gtx-trans-icon\"><\/div>\n<\/div>\n<\/div><\/section><\/div><div class=\"flex_column av_one_full  flex_column_div av-zero-column-padding first  avia-builder-el-4  el_after_av_one_full  el_before_av_hr  column-top-margin\" style='border-radius:0px; '><section class=\"av_textblock_section \"  itemscope=\"itemscope\" itemtype=\"https:\/\/schema.org\/BlogPosting\" itemprop=\"blogPost\" ><div class='avia_textblock  '   itemprop=\"text\" ><p style=\"text-align: justify;\">Durante la jornada de ayer, el diputado aysenino Ren\u00e9 Alinco, junto a su par de bancada del PPD, Marta Gonz\u00e1lez y el parlamentario Gaspar Rivas del Partido de la Gente, ingresaron un proyecto de ley para reformar la constituci\u00f3n actual con el prop\u00f3sito de permitirle a un organismo t\u00e9cnico aut\u00f3nomo y no pol\u00edtico, como el Banco Central, que genere un sistema de formaci\u00f3n de precios al consumidor.<\/p>\n<p style=\"text-align: justify;\">El diputado independiente, Ren\u00e9 Alinco, se\u00f1al\u00f3 que \u00abreconocemos los esfuerzos que hace el Gobierno, pero no es suficiente. Siempre estamos atr\u00e1s y, por lo tanto, una de las medidas para evitar la inflaci\u00f3n y evitar que el poder adquisitivo de las y los trabajadores vaya disminuyendo, es fijar los precios\u00bb, sostuvo agregando que \u201cyo s\u00e9 que no es f\u00e1cil porque ya me imagino lo que va a decir Marcel (ministro de Hacienda), que esto va contra el principio de la libertad y que el mercado regula. Todos los chilenos y chilenas sabemos que el mercado regula, pero que regula para arriba y la intenci\u00f3n nuestra es fijar precios en los art\u00edculos de primera necesidad. Estamos hablando del pan, del aceite, huevo, arroz, etc., de las cosas b\u00e1sicas y creo que es una buena f\u00f3rmula para evitar las especulaciones y la inflaci\u00f3n. Este es un proyecto transversal, m\u00e1s que pol\u00edtico, es un proyecto humano y social, y esperamos que la C\u00e1mara de Diputadas y Diputados lo considere como tal\u00bb, remarc\u00f3 el parlamentario.<\/p>\n<p style=\"text-align: justify;\">Por su parte, el diputado Rivas afirm\u00f3 que esta medida va a posibilitar el control de la inflaci\u00f3n. \u201cQueremos recordarle al gobierno, a los grandes empresarios, al congreso y a los economistas de nuestro pa\u00eds, que adem\u00e1s de subir los salarios, otra medida de controlar la inflaci\u00f3n y mejorar aumentar la capacidad adquisitiva de los trabajadores es la forma de controlar los precios\u201d.<\/p>\n<p style=\"text-align: justify;\">Esta iniciativa seg\u00fan detall\u00f3, contribuye a que \u201cla capacidad adquisitiva de los trabajadores no se vea afectada en periodos de crisis econ\u00f3mica, incluso aunque ocurran aumentos de salario m\u00ednimo tan bajos como el que hoy d\u00eda est\u00e1 planteando el gobierno de tan solo 14 mil pesos reales\u201d.<\/p>\n<p style=\"text-align: justify;\">En la misma l\u00ednea, la diputada independiente, Marta Gonz\u00e1lez, manifest\u00f3 que \u00abb\u00e1sicamente lo que nosotros vemos y las iniciativas que vamos a estar impulsando tienen que ver con los criterios de las familias, los criterios de los consumidores y de los ciudadanos, porque ac\u00e1 hay una econom\u00eda que se ha instaurado, pero que ve los \u00edndices macro y no ve los \u00edndices micro que es c\u00f3mo viven las personas y la mayor\u00eda de los ciudadanos de este pa\u00eds\u00bb.<\/p>\n<p style=\"text-align: justify;\">\u00abHemos visto casos horrorosos de colusi\u00f3n y no descartamos que hoy en d\u00eda puedan estar existiendo otros casos, los antecedentes ya est\u00e1n en Fiscal\u00eda. Valoramos la iniciativa del Gobierno, y que en poco tiempo se suba dos veces el sueldo m\u00ednimo, pero todav\u00eda no llegamos a superar la l\u00ednea de la pobreza para las y los trabajadores. Por esto, apoyo todas las iniciativas que vayan a contener y resguardar que las familias puedan llegar m\u00e1s dignamente a fin de mes\u00bb, concluy\u00f3 la diputada Gonz\u00e1lez de la bancada del PPD.<\/p>\n<\/div><\/section><\/div><div  style='height:50px' class='hr hr-invisible   avia-builder-el-6  el_after_av_one_full  el_before_av_social_share '><span class='hr-inner ' ><span class='hr-inner-style'><\/span><\/span><\/div><\/p>\n<div  class='av-social-sharing-box  avia-builder-el-7  el_after_av_hr  el_before_av_hr  '><div class='av-share-box'><h5 class='av-share-link-description av-no-toc '>Compartir esta noticia<\/h5><ul class='av-share-box-list noLightbox'><li class='av-share-link av-social-link-facebook' ><a target=\"_blank\" aria-label=\"Compartir en Facebook\" href='https:\/\/www.facebook.com\/sharer.php?u=https:\/\/radiorevelacionfm.cl\/?p=16491&#038;t=Ante%20la%20crisis%20econ%C3%B3mica%3A%20%20Diputado%20Alinco%20ingresa%20proyecto%20de%20ley%20que%20permita%20fijar%20los%20precios%20al%20consumidor' aria-hidden='false' data-av_icon='\ue8f3' data-av_iconfont='entypo-fontello' title='' data-avia-related-tooltip='Compartir en Facebook' rel=\"noopener\"><span class='avia_hidden_link_text'>Compartir en Facebook<\/span><\/a><\/li><li class='av-share-link av-social-link-twitter' ><a target=\"_blank\" aria-label=\"Compartir en Twitter\" href='https:\/\/twitter.com\/share?text=Ante%20la%20crisis%20econ%C3%B3mica%3A%20%20Diputado%20Alinco%20ingresa%20proyecto%20de%20ley%20que%20permita%20fijar%20los%20precios%20al%20consumidor&#038;url=https:\/\/radiorevelacionfm.cl\/?p=16491' aria-hidden='false' data-av_icon='\ue8f1' data-av_iconfont='entypo-fontello' title='' data-avia-related-tooltip='Compartir en Twitter' rel=\"noopener\"><span class='avia_hidden_link_text'>Compartir en Twitter<\/span><\/a><\/li><li class='av-share-link av-social-link-whatsapp' ><a target=\"_blank\" aria-label=\"Compartir en Whatsapp\" href='https:\/\/api.whatsapp.com\/send?text=https:\/\/radiorevelacionfm.cl\/?p=16491' aria-hidden='false' data-av_icon='\uf232' data-av_iconfont='entypo-fontello' title='' data-avia-related-tooltip='Compartir en Whatsapp' rel=\"noopener\"><span class='avia_hidden_link_text'>Compartir en Whatsapp<\/span><\/a><\/li><li class='av-share-link av-social-link-linkedin' ><a target=\"_blank\" aria-label=\"Compartir en LinkedIn\" href='https:\/\/linkedin.com\/shareArticle?mini=true&#038;title=Ante%20la%20crisis%20econ%C3%B3mica%3A%20%20Diputado%20Alinco%20ingresa%20proyecto%20de%20ley%20que%20permita%20fijar%20los%20precios%20al%20consumidor&#038;url=https:\/\/radiorevelacionfm.cl\/?p=16491' aria-hidden='false' data-av_icon='\ue8fc' data-av_iconfont='entypo-fontello' title='' data-avia-related-tooltip='Compartir en LinkedIn' rel=\"noopener\"><span class='avia_hidden_link_text'>Compartir en LinkedIn<\/span><\/a><\/li><li class='av-share-link av-social-link-mail' ><a  aria-label=\"Compartir por correo\" href='mailto:?subject=Ante%20la%20crisis%20econ%C3%B3mica%3A%20%20Diputado%20Alinco%20ingresa%20proyecto%20de%20ley%20que%20permita%20fijar%20los%20precios%20al%20consumidor&#038;body=https:\/\/radiorevelacionfm.cl\/?p=16491' aria-hidden='false' data-av_icon='\ue805' data-av_iconfont='entypo-fontello' title='' data-avia-related-tooltip='Compartir por correo'><span class='avia_hidden_link_text'>Compartir por correo<\/span><\/a><\/li><\/ul><\/div><\/div>\n<div  style='height:50px' class='hr hr-invisible   avia-builder-el-8  el_after_av_social_share  el_before_av_comments_list '><span class='hr-inner ' ><span class='hr-inner-style'><\/span><\/span><\/div>\n<div  class='av-buildercomment  av-blog-meta-html-info-disabled av-blog-meta-tag-disabled  '><\/div>\n","protected":false},"excerpt":{"rendered":"","protected":false},"author":1,"featured_media":16495,"comment_status":"open","ping_status":"open","sticky":false,"template":"","format":"standard","meta":{"footnotes":""},"categories":[35],"tags":[],"class_list":["post-16491","post","type-post","status-publish","format-standard","has-post-thumbnail","hentry","category-politica"],"jetpack_featured_media_url":"https:\/\/radiorevelacionfm.cl\/wp-content\/uploads\/2022\/05\/WhatsApp-Image-2022-05-04-at-11.54.23-AM-2-1-1.jpeg","_links":{"self":[{"href":"https:\/\/radiorevelacionfm.cl\/index.php?rest_route=\/wp\/v2\/posts\/16491","targetHints":{"allow":["GET"]}}],"collection":[{"href":"https:\/\/radiorevelacionfm.cl\/index.php?rest_route=\/wp\/v2\/posts"}],"about":[{"href":"https:\/\/radiorevelacionfm.cl\/index.php?rest_route=\/wp\/v2\/types\/post"}],"author":[{"embeddable":true,"href":"https:\/\/radiorevelacionfm.cl\/index.php?rest_route=\/wp\/v2\/users\/1"}],"replies":[{"embeddable":true,"href":"https:\/\/radiorevelacionfm.cl\/index.php?rest_route=%2Fwp%2Fv2%2Fcomments&post=16491"}],"version-history":[{"count":2,"href":"https:\/\/radiorevelacionfm.cl\/index.php?rest_route=\/wp\/v2\/posts\/16491\/revisions"}],"predecessor-version":[{"id":16497,"href":"https:\/\/radiorevelacionfm.cl\/index.php?rest_route=\/wp\/v2\/posts\/16491\/revisions\/16497"}],"wp:featuredmedia":[{"embeddable":true,"href":"https:\/\/radiorevelacionfm.cl\/index.php?rest_route=\/wp\/v2\/media\/16495"}],"wp:attachment":[{"href":"https:\/\/radiorevelacionfm.cl\/index.php?rest_route=%2Fwp%2Fv2%2Fmedia&parent=16491"}],"wp:term":[{"taxonomy":"category","embeddable":true,"href":"https:\/\/radiorevelacionfm.cl\/index.php?rest_route=%2Fwp%2Fv2%2Fcategories&post=16491"},{"taxonomy":"post_tag","embeddable":true,"href":"https:\/\/radiorevelacionfm.cl\/index.php?rest_route=%2Fwp%2Fv2%2Ftags&post=16491"}],"curies":[{"name":"wp","href":"https:\/\/api.w.org\/{rel}","templated":true}]}}