{"id":16476,"date":"2022-05-04T17:27:06","date_gmt":"2022-05-04T20:27:06","guid":{"rendered":"https:\/\/radiorevelacionfm.cl\/?p=16476"},"modified":"2022-05-04T17:27:06","modified_gmt":"2022-05-04T20:27:06","slug":"ministra-angela-vivanco-realizo-visita-jurisdiccional-a-tribunales-de-la-region-de-aysen","status":"publish","type":"post","link":"https:\/\/radiorevelacionfm.cl\/?p=16476","title":{"rendered":"Ministra \u00c1ngela Vivanco realiz\u00f3 visita jurisdiccional a tribunales de la regi\u00f3n de Ays\u00e9n"},"content":{"rendered":"<div class=\"flex_column av_one_full  flex_column_div av-zero-column-padding first  avia-builder-el-0  el_before_av_one_full  avia-builder-el-first  \" style='border-radius:0px; '><div  class='avia-image-container  av-styling-    avia-builder-el-1  avia-builder-el-no-sibling  avia-align-center '  itemprop=\"image\" itemscope=\"itemscope\" itemtype=\"https:\/\/schema.org\/ImageObject\"  ><div class='avia-image-container-inner'><div class='avia-image-overlay-wrap'><img decoding=\"async\" class='wp-image-16483 avia-img-lazy-loading-not-16483 avia_image' src=\"https:\/\/radiorevelacionfm.cl\/wp-content\/uploads\/2022\/05\/Foto-01-1-1.jpg\" alt='' title='Foto 01 (1) (1)' height=\"600\" width=\"900\"  itemprop=\"thumbnailUrl\" srcset=\"https:\/\/radiorevelacionfm.cl\/wp-content\/uploads\/2022\/05\/Foto-01-1-1.jpg 900w, https:\/\/radiorevelacionfm.cl\/wp-content\/uploads\/2022\/05\/Foto-01-1-1-300x200.jpg 300w, https:\/\/radiorevelacionfm.cl\/wp-content\/uploads\/2022\/05\/Foto-01-1-1-768x512.jpg 768w, https:\/\/radiorevelacionfm.cl\/wp-content\/uploads\/2022\/05\/Foto-01-1-1-705x470.jpg 705w, https:\/\/radiorevelacionfm.cl\/wp-content\/uploads\/2022\/05\/Foto-01-1-1-600x400.jpg 600w\" sizes=\"(max-width: 900px) 100vw, 900px\" \/><\/div><\/div><\/div><\/div><div class=\"flex_column av_one_full  flex_column_div av-zero-column-padding first  avia-builder-el-2  el_after_av_one_full  el_before_av_one_full  column-top-margin\" style='border-radius:0px; '><section class=\"av_textblock_section \"  itemscope=\"itemscope\" itemtype=\"https:\/\/schema.org\/BlogPosting\" itemprop=\"blogPost\" ><div class='avia_textblock  '   itemprop=\"text\" ><p style=\"text-align: center;\"><span style=\"font-size: 18pt;\"><b>Ministra \u00c1ngela Vivanco realiz\u00f3 visita jurisdiccional a tribunales de la regi\u00f3n de Ays\u00e9n<\/b><\/span><\/p>\n<div id=\"gtx-trans\" style=\"position: absolute; left: -50px; top: 4.31534px;\">\n<div class=\"gtx-trans-icon\"><\/div>\n<\/div>\n<\/div><\/section><\/div><div class=\"flex_column av_one_full  flex_column_div av-zero-column-padding first  avia-builder-el-4  el_after_av_one_full  el_before_av_hr  column-top-margin\" style='border-radius:0px; '><section class=\"av_textblock_section \"  itemscope=\"itemscope\" itemtype=\"https:\/\/schema.org\/BlogPosting\" itemprop=\"blogPost\" ><div class='avia_textblock  '   itemprop=\"text\" ><p class=\"v1MsoNormal\" style=\"text-align: justify;\">La ministra visitadora de la jurisdicci\u00f3n Coyhaique y actual vocera de la Corte Suprema, \u00c1ngela Vivanco Mart\u00ednez, realiz\u00f3 su segunda visita a la jurisdicci\u00f3n Coyhaique, esta vez de manera presencial, con el objetivo de entrevistarse con ministros, jueces, funcionarios y autoridades regionales, y as\u00ed interiorizarse en terreno sobre el trabajo de administraci\u00f3n de justicia en los tribunales de Ays\u00e9n.<\/p>\n<p class=\"v1MsoNormal\" style=\"text-align: justify;\">La visita fue desarrollada entre el viernes 29 de abril y ayer lunes 2 de mayo, siendo la vocera del m\u00e1ximo tribunal recibida por el presidente (s) de la Corte de Apelaciones de Coyhaique, Pedro Castro Espinoza y los ministros Jos\u00e9 Ignacio Mora Trujillo y Natalia Rencoret Oliva.<\/p>\n<p class=\"v1MsoNormal\" style=\"text-align: justify;\">\u00abCreo que ha sido una experiencia muy positiva. Siempre he pensado que la relaci\u00f3n de un ministro visitador con su corte, con las jurisdicciones, debe mantenerse sobre la base de la confianza, del di\u00e1logo, de las relaciones permanentes. Y afortunadamente ahora eso lo podemos hacer de modo presencial,\u00a0 cosa que me tiene muy contenta\u00bb, sostuvo.<\/p>\n<p class=\"v1MsoNormal\" style=\"text-align: justify;\">Agreg\u00f3 que: \u00abMe he podido reunir con los ministros, saber cu\u00e1les son sus inquietudes, c\u00f3mo est\u00e1 funcionando la Corte y tambi\u00e9n con numerosos magistrados, funcionarios e incluso autoridades de la regi\u00f3n, lo cual me ha permitido hacerme un panorama bastante completo sobre c\u00f3mo est\u00e1 funcionando la regi\u00f3n, qu\u00e9 situaciones son un poco complejas, sobre todo por la extensi\u00f3n territorial y por la conectividad que presenta algunas dificultades.\u00a0 Y me llevo mucho de esos temas a Santiago justamente para cursar los temas de inquietud\u00bb.<\/p>\n<p class=\"v1MsoNormal\" style=\"text-align: justify;\">El recorrido contempl\u00f3 la visita al tribunal de alzada de la capital regional y \u00a0a los juzgados de garant\u00eda, familia, laboral y de letras de Coyhaique, como tambi\u00e9n a los juzgados mixtos de Puerto Ays\u00e9n y Cochrane.\u00a0As\u00ed tambi\u00e9n, tuvo \u00a0reuniones con delegado presidencial, Seremi de justicia y derechos humanos, fiscal regional, defensor penal p\u00fablico, alcaldes y representantes de Carabineros y Gendarmer\u00eda de Chile, entre otros.<\/p>\n<p class=\"v1MsoNormal\" style=\"text-align: justify;\"><b>Situaci\u00f3n carcelaria en la jurisdicci\u00f3n<\/b><\/p>\n<p class=\"v1MsoNormal\" style=\"text-align: justify;\">En la visita, la ministra Vivanco recibi\u00f3 diversos testimonios e informes sobre la cr\u00edtica situaci\u00f3n de los centros penitenciarios existentes en la regi\u00f3n.\u00a0 En este sentido, indic\u00f3 que \u00abme han manifestado varias autoridades su preocupaci\u00f3n por la situaci\u00f3n carcelaria de la zona, se trata de c\u00e1rceles que en algunos casos tienen una estructura muy antigua que dificulta la segmentaci\u00f3n penal y condiciones, por cierto, inaceptables desde el punto de vista de la mantenci\u00f3n de las personas en prisi\u00f3n y hay un problema importante con las mujeres internas porque solo hay un lugar donde pueden estar y eso genera una serie de dificultades\u00bb.<\/p>\n<p class=\"v1MsoNormal\" style=\"text-align: justify;\">Enfatiz\u00f3 que \u00abhay problemas de desarraigo regional cuando las personas son trasladados\u00a0a otra regi\u00f3n y por supuesto, tambi\u00e9n hay problemas de seguridad\u00bb.<\/p>\n<p class=\"v1MsoNormal\" style=\"text-align: justify;\"><b>Vinculaci\u00f3n con la comunidad y medios de comunicaci\u00f3n<\/b><\/p>\n<p class=\"v1MsoNormal\" style=\"text-align: justify;\">En el recorrido por la regi\u00f3n de Ays\u00e9n, adem\u00e1s de las visitas a tribunales y los encuentros con autoridades, la ministra Vivanco pudo reunirse con diversos medios de prensa regional.<\/p>\n<p class=\"v1MsoNormal\" style=\"text-align: justify;\">\u00abEn mi calidad de ministra visitadora y como vocera de la Corte Suprema, es muy relevante\u00a0que el Poder Judicial pueda transmitir a los medios de comunicaci\u00f3n sus inquietudes, las situaciones que viven los jueces y darle, por cierto, m\u00e1s realidad a las impresiones que hay desde afuera sobre el Poder Judicial\u00bb.<\/p>\n<p class=\"v1MsoNormal\" style=\"text-align: justify;\">\u00abEstuvimos en radios, en canales de televisi\u00f3n, tuvimos contacto directo con periodistas y comunicadores y a m\u00ed eso me parece muy importante, porque va tambi\u00e9n derribando ciertos prejuicios o derribando mitos y acerca la labor judicial que es tan importante en un Estado de Derecho a las personas, teniendo siempre presente los tribunales est\u00e1n para ayudarlos\u00bb, concluy\u00f3.<\/p>\n<p class=\"v1MsoNormal\" style=\"text-align: justify;\">La pr\u00f3xima visita de la ministra \u00c1ngela Vivanco est\u00e1 programada para el segundo semestre de 2022, contemplando la visita a los tribunales que administran justicia en las comunas de Puerto Cisnes y Chile Chico.<\/p>\n<\/div><\/section><\/div><div  style='height:50px' class='hr hr-invisible   avia-builder-el-6  el_after_av_one_full  el_before_av_social_share '><span class='hr-inner ' ><span class='hr-inner-style'><\/span><\/span><\/div><\/p>\n<div  class='av-social-sharing-box  avia-builder-el-7  el_after_av_hr  el_before_av_hr  '><div class='av-share-box'><h5 class='av-share-link-description av-no-toc '>Compartir esta noticia<\/h5><ul class='av-share-box-list noLightbox'><li class='av-share-link av-social-link-facebook' ><a target=\"_blank\" aria-label=\"Compartir en Facebook\" href='https:\/\/www.facebook.com\/sharer.php?u=https:\/\/radiorevelacionfm.cl\/?p=16476&#038;t=Ministra%20%C3%81ngela%20Vivanco%20realiz%C3%B3%20visita%20jurisdiccional%20a%20tribunales%20de%20la%20regi%C3%B3n%20de%20Ays%C3%A9n' aria-hidden='false' data-av_icon='\ue8f3' data-av_iconfont='entypo-fontello' title='' data-avia-related-tooltip='Compartir en Facebook' rel=\"noopener\"><span class='avia_hidden_link_text'>Compartir en Facebook<\/span><\/a><\/li><li class='av-share-link av-social-link-twitter' ><a target=\"_blank\" aria-label=\"Compartir en Twitter\" href='https:\/\/twitter.com\/share?text=Ministra%20%C3%81ngela%20Vivanco%20realiz%C3%B3%20visita%20jurisdiccional%20a%20tribunales%20de%20la%20regi%C3%B3n%20de%20Ays%C3%A9n&#038;url=https:\/\/radiorevelacionfm.cl\/?p=16476' aria-hidden='false' data-av_icon='\ue8f1' data-av_iconfont='entypo-fontello' title='' data-avia-related-tooltip='Compartir en Twitter' rel=\"noopener\"><span class='avia_hidden_link_text'>Compartir en Twitter<\/span><\/a><\/li><li class='av-share-link av-social-link-whatsapp' ><a target=\"_blank\" aria-label=\"Compartir en Whatsapp\" href='https:\/\/api.whatsapp.com\/send?text=https:\/\/radiorevelacionfm.cl\/?p=16476' aria-hidden='false' data-av_icon='\uf232' data-av_iconfont='entypo-fontello' title='' data-avia-related-tooltip='Compartir en Whatsapp' rel=\"noopener\"><span class='avia_hidden_link_text'>Compartir en Whatsapp<\/span><\/a><\/li><li class='av-share-link av-social-link-linkedin' ><a target=\"_blank\" aria-label=\"Compartir en LinkedIn\" href='https:\/\/linkedin.com\/shareArticle?mini=true&#038;title=Ministra%20%C3%81ngela%20Vivanco%20realiz%C3%B3%20visita%20jurisdiccional%20a%20tribunales%20de%20la%20regi%C3%B3n%20de%20Ays%C3%A9n&#038;url=https:\/\/radiorevelacionfm.cl\/?p=16476' aria-hidden='false' data-av_icon='\ue8fc' data-av_iconfont='entypo-fontello' title='' data-avia-related-tooltip='Compartir en LinkedIn' rel=\"noopener\"><span class='avia_hidden_link_text'>Compartir en LinkedIn<\/span><\/a><\/li><li class='av-share-link av-social-link-mail' ><a  aria-label=\"Compartir por correo\" href='mailto:?subject=Ministra%20%C3%81ngela%20Vivanco%20realiz%C3%B3%20visita%20jurisdiccional%20a%20tribunales%20de%20la%20regi%C3%B3n%20de%20Ays%C3%A9n&#038;body=https:\/\/radiorevelacionfm.cl\/?p=16476' aria-hidden='false' data-av_icon='\ue805' data-av_iconfont='entypo-fontello' title='' data-avia-related-tooltip='Compartir por correo'><span class='avia_hidden_link_text'>Compartir por correo<\/span><\/a><\/li><\/ul><\/div><\/div>\n<div  style='height:50px' class='hr hr-invisible   avia-builder-el-8  el_after_av_social_share  el_before_av_comments_list '><span class='hr-inner ' ><span class='hr-inner-style'><\/span><\/span><\/div>\n<div  class='av-buildercomment  av-blog-meta-html-info-disabled av-blog-meta-tag-disabled  '><\/div>\n","protected":false},"excerpt":{"rendered":"","protected":false},"author":1,"featured_media":16483,"comment_status":"open","ping_status":"open","sticky":false,"template":"","format":"standard","meta":{"footnotes":""},"categories":[55],"tags":[],"class_list":["post-16476","post","type-post","status-publish","format-standard","has-post-thumbnail","hentry","category-justicia"],"jetpack_featured_media_url":"https:\/\/radiorevelacionfm.cl\/wp-content\/uploads\/2022\/05\/Foto-01-1-1.jpg","_links":{"self":[{"href":"https:\/\/radiorevelacionfm.cl\/index.php?rest_route=\/wp\/v2\/posts\/16476","targetHints":{"allow":["GET"]}}],"collection":[{"href":"https:\/\/radiorevelacionfm.cl\/index.php?rest_route=\/wp\/v2\/posts"}],"about":[{"href":"https:\/\/radiorevelacionfm.cl\/index.php?rest_route=\/wp\/v2\/types\/post"}],"author":[{"embeddable":true,"href":"https:\/\/radiorevelacionfm.cl\/index.php?rest_route=\/wp\/v2\/users\/1"}],"replies":[{"embeddable":true,"href":"https:\/\/radiorevelacionfm.cl\/index.php?rest_route=%2Fwp%2Fv2%2Fcomments&post=16476"}],"version-history":[{"count":2,"href":"https:\/\/radiorevelacionfm.cl\/index.php?rest_route=\/wp\/v2\/posts\/16476\/revisions"}],"predecessor-version":[{"id":16485,"href":"https:\/\/radiorevelacionfm.cl\/index.php?rest_route=\/wp\/v2\/posts\/16476\/revisions\/16485"}],"wp:featuredmedia":[{"embeddable":true,"href":"https:\/\/radiorevelacionfm.cl\/index.php?rest_route=\/wp\/v2\/media\/16483"}],"wp:attachment":[{"href":"https:\/\/radiorevelacionfm.cl\/index.php?rest_route=%2Fwp%2Fv2%2Fmedia&parent=16476"}],"wp:term":[{"taxonomy":"category","embeddable":true,"href":"https:\/\/radiorevelacionfm.cl\/index.php?rest_route=%2Fwp%2Fv2%2Fcategories&post=16476"},{"taxonomy":"post_tag","embeddable":true,"href":"https:\/\/radiorevelacionfm.cl\/index.php?rest_route=%2Fwp%2Fv2%2Ftags&post=16476"}],"curies":[{"name":"wp","href":"https:\/\/api.w.org\/{rel}","templated":true}]}}