{"id":16469,"date":"2022-05-04T15:55:48","date_gmt":"2022-05-04T18:55:48","guid":{"rendered":"https:\/\/radiorevelacionfm.cl\/?p=16469"},"modified":"2022-05-04T17:11:33","modified_gmt":"2022-05-04T20:11:33","slug":"autoridades-regionales-destacan-proyecto-de-ley-que-obliga-a-deudores-a-pagar-pensiones-alimenticias","status":"publish","type":"post","link":"https:\/\/radiorevelacionfm.cl\/?p=16469","title":{"rendered":"Autoridades regionales destacan Proyecto de Ley que obliga a deudores a pagar pensiones alimenticias"},"content":{"rendered":"<div class=\"flex_column av_one_full  flex_column_div av-zero-column-padding first  avia-builder-el-0  el_before_av_one_full  avia-builder-el-first  \" style='border-radius:0px; '><div  class='avia-image-container  av-styling-    avia-builder-el-1  avia-builder-el-no-sibling  avia-align-center '  itemprop=\"image\" itemscope=\"itemscope\" itemtype=\"https:\/\/schema.org\/ImageObject\"  ><div class='avia-image-container-inner'><div class='avia-image-overlay-wrap'><img decoding=\"async\" class='wp-image-16474 avia-img-lazy-loading-not-16474 avia_image' src=\"https:\/\/radiorevelacionfm.cl\/wp-content\/uploads\/2022\/05\/image-94-2.jpg\" alt='' title='image-94-2' height=\"600\" width=\"682\"  itemprop=\"thumbnailUrl\" srcset=\"https:\/\/radiorevelacionfm.cl\/wp-content\/uploads\/2022\/05\/image-94-2.jpg 682w, https:\/\/radiorevelacionfm.cl\/wp-content\/uploads\/2022\/05\/image-94-2-300x264.jpg 300w, https:\/\/radiorevelacionfm.cl\/wp-content\/uploads\/2022\/05\/image-94-2-600x528.jpg 600w\" sizes=\"(max-width: 682px) 100vw, 682px\" \/><\/div><\/div><\/div><\/div><div class=\"flex_column av_one_full  flex_column_div av-zero-column-padding first  avia-builder-el-2  el_after_av_one_full  el_before_av_one_full  column-top-margin\" style='border-radius:0px; '><section class=\"av_textblock_section \"  itemscope=\"itemscope\" itemtype=\"https:\/\/schema.org\/BlogPosting\" itemprop=\"blogPost\" ><div class='avia_textblock  '   itemprop=\"text\" ><p style=\"text-align: center;\"><span style=\"font-size: 18pt;\"><strong>Autoridades regionales destacan Proyecto de Ley que obliga a deudores a pagar pensiones alimenticias <\/strong><\/span><\/p>\n<div id=\"gtx-trans\" style=\"position: absolute; left: -50px; top: 4.31534px;\">\n<div class=\"gtx-trans-icon\"><\/div>\n<\/div>\n<\/div><\/section><\/div><\/p>\n<div class=\"flex_column av_one_full  flex_column_div av-zero-column-padding first  avia-builder-el-4  el_after_av_one_full  el_before_av_hr  column-top-margin\" style='border-radius:0px; '><section class=\"av_textblock_section \"  itemscope=\"itemscope\" itemtype=\"https:\/\/schema.org\/BlogPosting\" itemprop=\"blogPost\" ><div class='avia_textblock  '   itemprop=\"text\" ><p style=\"text-align: justify;\">El lunes reci\u00e9n pasado, la Ministra de la Mujer y Equidad de G\u00e9nero Antonia Orellana anunci\u00f3 el env\u00edo con suma urgencia del proyecto de ley sobre responsabilidad parental y pago efectivo de deudas de alimentos, instancia que busca generar un mecanismo de pago permanente de la deuda, mejorar el acceso sobre la informaci\u00f3n financiera de los deudores y que dicho proceso se realice con criterios de justicia y dignidad, iniciativa que fue altamente valorada por los Seremis de la Mujer y Equidad de G\u00e9nero Andrea M\u00e9ndez Valenzuela, y de Justicia y Derechos Humanos Samuel Navarro Castro.<\/p>\n<p style=\"text-align: justify;\">Dicho proyecto contempla que los Tribunales puedan investigar las cuentas bancarias, instrumentos financieros e incluso fondos previsionales, para garantizar el pago de la deuda por parte de los deudores, <strong>esto en caso<\/strong> de existir una deuda de tres meses impagos o cinco meses de pagos parciales.<\/p>\n<p style=\"text-align: justify;\">En este sentido, la Seremi de la Mujer y Equidad de G\u00e9nero, Andrea M\u00e9ndez Valenzuela explic\u00f3 que \u201ceste proyecto viene a subsanar en parte una deuda hist\u00f3rica que tiene el Estado y la sociedad con las mujeres madres, que debido a la irresponsabilidad parental de los padres tienen que cargar en sus hombros la responsabilidad de cubrir las necesidades de sus hijos e hijas sin el apoyo econ\u00f3mico necesario, es un avance significativo porque de esta manera, se le est\u00e1 indicando a las mujeres, a las ni\u00f1as y ni\u00f1os v\u00edctimas de abandono parental, que desde el Estado se van a generar todas las instancias necesarias para poder cubrir sus necesidades inmediatas, es una tremenda noticia y esperamos que este proyecto se convierta en ley en el corto plazo, porque sabemos que va a ir en beneficio de la dignidad de las mujeres, ni\u00f1os, ni\u00f1as y adolescentes\u201d.<\/p>\n<p style=\"text-align: justify;\">Por su parte el Seremi de Justicia y Derechos Humanos, Samuel Navarro Castro se\u00f1al\u00f3 que \u201ctanto este proyecto de ley, como otros ya en tr\u00e1mite legislativo, nos permitir\u00e1n hacer m\u00e1s eficiente y eficaz la persecuci\u00f3n en el cumplimiento de las obligaciones legales en materia de alimentos a los ni\u00f1os, ni\u00f1as y adolescentes que sean pertinentes y declaradas por sentencia de los tribunales competentes, que a su vez permitan proveer los recursos que la crianza y cuidado responsable demandan\u201d, y agreg\u00f3 \u201cesperamos que el tr\u00e1mite legislativo sea el m\u00e1s expedito y \u00e1gil para que prontamente se cuente con esta herramienta en beneficio de los menores que m\u00e1s lo requieren y necesitan.\u201d<\/p>\n<p style=\"text-align: justify;\">Respecto a los plazos, es importante se\u00f1alar que, en el caso de encontrar alguna cuenta o instrumento de inversi\u00f3n a nombre del deudor, el tribunal tendr\u00e1 un\u00a0plazo de 48 horas para oficiar a las respectivas instituciones, estas \u00faltimas podr\u00e1n informar, en un plazo de 10 d\u00edas h\u00e1biles, los saldos y movimientos que se consideren relevantes para el pago efectivo de la deuda de alimentos.<\/p>\n<p style=\"text-align: justify;\">Ahora, una vez que se reciban todos estos datos, el tribunal\u00a0tendr\u00e1 un plazo de s\u00f3lo 24 horas para dictar la resoluci\u00f3n que ordene el pago de la deuda\u00a0con dichos fondos. S\u00f3lo en el caso que el deudor no tenga los fondos suficientes en este tipo de instrumentos, se solicitar\u00e1 la informaci\u00f3n de los saldos de su\u00a0cuenta de capitalizaci\u00f3n individual. Cuando se reciba respuesta, el tribunal tambi\u00e9n tendr\u00e1 24 horas para ordenar el pago de la pensi\u00f3n de alimentos a partir de esta cuenta.<\/p>\n<p style=\"text-align: justify;\">Finalmente, mencionar que la instituci\u00f3n en donde cotiza el trabajador\u00a0deber\u00e1 realizar el proceso de pago en 15 d\u00edas h\u00e1biles. En caso contrario, ser\u00e1 responsable en conjunto con el deudor.<\/p>\n<\/div><\/section><\/div>\n<div  style='height:50px' class='hr hr-invisible   avia-builder-el-6  el_after_av_one_full  el_before_av_social_share '><span class='hr-inner ' ><span class='hr-inner-style'><\/span><\/span><\/div>\n<div  class='av-social-sharing-box  avia-builder-el-7  el_after_av_hr  el_before_av_hr  '><div class='av-share-box'><h5 class='av-share-link-description av-no-toc '>Compartir esta noticia<\/h5><ul class='av-share-box-list noLightbox'><li class='av-share-link av-social-link-facebook' ><a target=\"_blank\" aria-label=\"Compartir en Facebook\" href='https:\/\/www.facebook.com\/sharer.php?u=https:\/\/radiorevelacionfm.cl\/?p=16469&#038;t=Autoridades%20regionales%20destacan%20Proyecto%20de%20Ley%20que%20obliga%20a%20deudores%20a%20pagar%20pensiones%20alimenticias' aria-hidden='false' data-av_icon='\ue8f3' data-av_iconfont='entypo-fontello' title='' data-avia-related-tooltip='Compartir en Facebook' rel=\"noopener\"><span class='avia_hidden_link_text'>Compartir en Facebook<\/span><\/a><\/li><li class='av-share-link av-social-link-twitter' ><a target=\"_blank\" aria-label=\"Compartir en Twitter\" href='https:\/\/twitter.com\/share?text=Autoridades%20regionales%20destacan%20Proyecto%20de%20Ley%20que%20obliga%20a%20deudores%20a%20pagar%20pensiones%20alimenticias&#038;url=https:\/\/radiorevelacionfm.cl\/?p=16469' aria-hidden='false' data-av_icon='\ue8f1' data-av_iconfont='entypo-fontello' title='' data-avia-related-tooltip='Compartir en Twitter' rel=\"noopener\"><span class='avia_hidden_link_text'>Compartir en Twitter<\/span><\/a><\/li><li class='av-share-link av-social-link-whatsapp' ><a target=\"_blank\" aria-label=\"Compartir en Whatsapp\" href='https:\/\/api.whatsapp.com\/send?text=https:\/\/radiorevelacionfm.cl\/?p=16469' aria-hidden='false' data-av_icon='\uf232' data-av_iconfont='entypo-fontello' title='' data-avia-related-tooltip='Compartir en Whatsapp' rel=\"noopener\"><span class='avia_hidden_link_text'>Compartir en Whatsapp<\/span><\/a><\/li><li class='av-share-link av-social-link-linkedin' ><a target=\"_blank\" aria-label=\"Compartir en LinkedIn\" href='https:\/\/linkedin.com\/shareArticle?mini=true&#038;title=Autoridades%20regionales%20destacan%20Proyecto%20de%20Ley%20que%20obliga%20a%20deudores%20a%20pagar%20pensiones%20alimenticias&#038;url=https:\/\/radiorevelacionfm.cl\/?p=16469' aria-hidden='false' data-av_icon='\ue8fc' data-av_iconfont='entypo-fontello' title='' data-avia-related-tooltip='Compartir en LinkedIn' rel=\"noopener\"><span class='avia_hidden_link_text'>Compartir en LinkedIn<\/span><\/a><\/li><li class='av-share-link av-social-link-mail' ><a  aria-label=\"Compartir por correo\" href='mailto:?subject=Autoridades%20regionales%20destacan%20Proyecto%20de%20Ley%20que%20obliga%20a%20deudores%20a%20pagar%20pensiones%20alimenticias&#038;body=https:\/\/radiorevelacionfm.cl\/?p=16469' aria-hidden='false' data-av_icon='\ue805' data-av_iconfont='entypo-fontello' title='' data-avia-related-tooltip='Compartir por correo'><span class='avia_hidden_link_text'>Compartir por correo<\/span><\/a><\/li><\/ul><\/div><\/div>\n<div  style='height:50px' class='hr hr-invisible   avia-builder-el-8  el_after_av_social_share  el_before_av_comments_list '><span class='hr-inner ' ><span class='hr-inner-style'><\/span><\/span><\/div>\n<div  class='av-buildercomment  av-blog-meta-html-info-disabled av-blog-meta-tag-disabled  '><\/div>\n","protected":false},"excerpt":{"rendered":"","protected":false},"author":1,"featured_media":16474,"comment_status":"open","ping_status":"open","sticky":false,"template":"","format":"standard","meta":{"footnotes":""},"categories":[55,35],"tags":[],"class_list":["post-16469","post","type-post","status-publish","format-standard","has-post-thumbnail","hentry","category-justicia","category-politica"],"jetpack_featured_media_url":"https:\/\/radiorevelacionfm.cl\/wp-content\/uploads\/2022\/05\/image-94-2.jpg","_links":{"self":[{"href":"https:\/\/radiorevelacionfm.cl\/index.php?rest_route=\/wp\/v2\/posts\/16469","targetHints":{"allow":["GET"]}}],"collection":[{"href":"https:\/\/radiorevelacionfm.cl\/index.php?rest_route=\/wp\/v2\/posts"}],"about":[{"href":"https:\/\/radiorevelacionfm.cl\/index.php?rest_route=\/wp\/v2\/types\/post"}],"author":[{"embeddable":true,"href":"https:\/\/radiorevelacionfm.cl\/index.php?rest_route=\/wp\/v2\/users\/1"}],"replies":[{"embeddable":true,"href":"https:\/\/radiorevelacionfm.cl\/index.php?rest_route=%2Fwp%2Fv2%2Fcomments&post=16469"}],"version-history":[{"count":3,"href":"https:\/\/radiorevelacionfm.cl\/index.php?rest_route=\/wp\/v2\/posts\/16469\/revisions"}],"predecessor-version":[{"id":16473,"href":"https:\/\/radiorevelacionfm.cl\/index.php?rest_route=\/wp\/v2\/posts\/16469\/revisions\/16473"}],"wp:featuredmedia":[{"embeddable":true,"href":"https:\/\/radiorevelacionfm.cl\/index.php?rest_route=\/wp\/v2\/media\/16474"}],"wp:attachment":[{"href":"https:\/\/radiorevelacionfm.cl\/index.php?rest_route=%2Fwp%2Fv2%2Fmedia&parent=16469"}],"wp:term":[{"taxonomy":"category","embeddable":true,"href":"https:\/\/radiorevelacionfm.cl\/index.php?rest_route=%2Fwp%2Fv2%2Fcategories&post=16469"},{"taxonomy":"post_tag","embeddable":true,"href":"https:\/\/radiorevelacionfm.cl\/index.php?rest_route=%2Fwp%2Fv2%2Ftags&post=16469"}],"curies":[{"name":"wp","href":"https:\/\/api.w.org\/{rel}","templated":true}]}}