{"id":16463,"date":"2022-05-04T14:18:23","date_gmt":"2022-05-04T17:18:23","guid":{"rendered":"https:\/\/radiorevelacionfm.cl\/?p=16463"},"modified":"2022-05-04T17:16:35","modified_gmt":"2022-05-04T20:16:35","slug":"fundacion-integra-capacita-a-equipos-de-jardines-infantiles-en-uso-y-manejo-de-extintores","status":"publish","type":"post","link":"https:\/\/radiorevelacionfm.cl\/?p=16463","title":{"rendered":"Fundaci\u00f3n Integra capacita a equipos de Jardines Infantiles en uso y manejo de extintores"},"content":{"rendered":"<div class=\"flex_column av_one_full  flex_column_div av-zero-column-padding first  avia-builder-el-0  el_before_av_one_full  avia-builder-el-first  \" style='border-radius:0px; '><div  class='avia-image-container  av-styling-    avia-builder-el-1  avia-builder-el-no-sibling  avia-align-center '  itemprop=\"image\" itemscope=\"itemscope\" itemtype=\"https:\/\/schema.org\/ImageObject\"  ><div class='avia-image-container-inner'><div class='avia-image-overlay-wrap'><img decoding=\"async\" class='wp-image-16478 avia-img-lazy-loading-not-16478 avia_image' src=\"https:\/\/radiorevelacionfm.cl\/wp-content\/uploads\/2022\/05\/image-95-2.jpg\" alt='' title='image-95-2' height=\"600\" width=\"995\"  itemprop=\"thumbnailUrl\" srcset=\"https:\/\/radiorevelacionfm.cl\/wp-content\/uploads\/2022\/05\/image-95-2.jpg 995w, https:\/\/radiorevelacionfm.cl\/wp-content\/uploads\/2022\/05\/image-95-2-300x181.jpg 300w, https:\/\/radiorevelacionfm.cl\/wp-content\/uploads\/2022\/05\/image-95-2-768x463.jpg 768w, https:\/\/radiorevelacionfm.cl\/wp-content\/uploads\/2022\/05\/image-95-2-705x425.jpg 705w, https:\/\/radiorevelacionfm.cl\/wp-content\/uploads\/2022\/05\/image-95-2-600x362.jpg 600w\" sizes=\"(max-width: 995px) 100vw, 995px\" \/><\/div><\/div><\/div><\/div><div class=\"flex_column av_one_full  flex_column_div av-zero-column-padding first  avia-builder-el-2  el_after_av_one_full  el_before_av_one_full  column-top-margin\" style='border-radius:0px; '><section class=\"av_textblock_section \"  itemscope=\"itemscope\" itemtype=\"https:\/\/schema.org\/BlogPosting\" itemprop=\"blogPost\" ><div class='avia_textblock  '   itemprop=\"text\" ><p style=\"text-align: center;\"><strong><span style=\"font-size: 18pt;\">Fundaci\u00f3n Integra capacita a equipos de Jardines Infantiles en uso y manejo de extintores<\/span><\/strong><\/p>\n<div id=\"gtx-trans\" style=\"position: absolute; left: -50px; top: 4.31534px;\">\n<div class=\"gtx-trans-icon\"><\/div>\n<\/div>\n<\/div><\/section><\/div><\/p>\n<div class=\"flex_column av_one_full  flex_column_div av-zero-column-padding first  avia-builder-el-4  el_after_av_one_full  el_before_av_hr  column-top-margin\" style='border-radius:0px; '><section class=\"av_textblock_section \"  itemscope=\"itemscope\" itemtype=\"https:\/\/schema.org\/BlogPosting\" itemprop=\"blogPost\" ><div class='avia_textblock  '   itemprop=\"text\" ><p style=\"font-weight: 400; text-align: justify;\">La actividad fue organizada por el \u00c1rea de Prevenci\u00f3n de Riesgos de la Direcci\u00f3n Regional de Fundaci\u00f3n Integra y la Asociaci\u00f3n Chilena de Seguridad (ACHS), oportunidad donde educadoras de p\u00e1rvulos, t\u00e9cnicas, auxiliares de servicio y administrativas de los jardines infantiles y salas cuna de Integra de la regi\u00f3n de Ays\u00e9n, se capacitaron en el uso y manipulaci\u00f3n de extintores de fuego para hacer frente a eventuales emergencias.<\/p>\n<p style=\"font-weight: 400; text-align: justify;\">El director (s) regional, Felipe \u00c1guila Villarroel destac\u00f3 \u201cque nuestra preocupaci\u00f3n y nuestros esfuerzos se centran en el quehacer de nuestros jardines infantiles y todo lo relacionado al buen funcionamiento de los mismos y es en ese sentido que el poder desarrollar estas acciones en una tem\u00e1tica tan relevante como es el uso y manejo de extintores, potenciando con esto el plan de prevenci\u00f3n contra incendios\u201d.<\/p>\n<p style=\"font-weight: 400; text-align: justify;\">Desde aprender a tomar un extintor, quitarle el seguro y saber c\u00f3mo percutir o apuntar hacia el fuego, fueron algunos de los conocimientos pr\u00e1cticos que adquirieron las trabajadoras a trav\u00e9s de esta capacitaci\u00f3n que parti\u00f3 de manera te\u00f3rica a principios de marzo.<\/p>\n<p style=\"font-weight: 400; text-align: justify;\">Desde Fundaci\u00f3n Integra recalcan que de esta manera el trabajo en prevenci\u00f3n y seguridad que ha estado desarrollando cumple un objetivo relevante y estrat\u00e9gico: capacitar a la totalidad de los trabajadores y trabajadoras en el uso y manejo de extintores.<\/p>\n<p style=\"font-weight: 400; text-align: justify;\">Cabe se\u00f1alar que esta capacitaci\u00f3n est\u00e1 regulada por el Decreto Supremo 594 en su art\u00edculo 48, el cual exige que todo el personal de una instituci\u00f3n debe estar capacitada en el uso de los extintores.<\/p>\n<p style=\"font-weight: 400; text-align: justify;\">\u201cEl objetivo principal de esta capacitaci\u00f3n es que nuestros equipos educativos aprendan y refuercen sus conocimientos en el uso de este implemento para saber qu\u00e9 fuego es el que tienen presente y puedan atacarlo de manera efectiva, en caso de ser necesario\u201d, recalc\u00f3 Felipe \u00c1guila Villarroel.<\/p>\n<p style=\"font-weight: 400; text-align: justify;\">Por \u00faltimo, el director (s) regional de Fundaci\u00f3n Integra, destac\u00f3 la iniciativa y motivaci\u00f3n de las trabajadoras de los jardines infantiles en esta actividad cuya instrucci\u00f3n estuvo a cargo de Patricio Schwenke, coordinador experto de la ACHS en la regi\u00f3n de Ays\u00e9n para la instituci\u00f3n.<\/p>\n<\/div><\/section><\/div>\n<div  style='height:50px' class='hr hr-invisible   avia-builder-el-6  el_after_av_one_full  el_before_av_social_share '><span class='hr-inner ' ><span class='hr-inner-style'><\/span><\/span><\/div>\n<div  class='av-social-sharing-box  avia-builder-el-7  el_after_av_hr  el_before_av_hr  '><div class='av-share-box'><h5 class='av-share-link-description av-no-toc '>Compartir esta noticia<\/h5><ul class='av-share-box-list noLightbox'><li class='av-share-link av-social-link-facebook' ><a target=\"_blank\" aria-label=\"Compartir en Facebook\" href='https:\/\/www.facebook.com\/sharer.php?u=https:\/\/radiorevelacionfm.cl\/?p=16463&#038;t=Fundaci%C3%B3n%20Integra%20capacita%20a%20equipos%20de%20Jardines%20Infantiles%20en%20uso%20y%20manejo%20de%20extintores' aria-hidden='false' data-av_icon='\ue8f3' data-av_iconfont='entypo-fontello' title='' data-avia-related-tooltip='Compartir en Facebook' rel=\"noopener\"><span class='avia_hidden_link_text'>Compartir en Facebook<\/span><\/a><\/li><li class='av-share-link av-social-link-twitter' ><a target=\"_blank\" aria-label=\"Compartir en Twitter\" href='https:\/\/twitter.com\/share?text=Fundaci%C3%B3n%20Integra%20capacita%20a%20equipos%20de%20Jardines%20Infantiles%20en%20uso%20y%20manejo%20de%20extintores&#038;url=https:\/\/radiorevelacionfm.cl\/?p=16463' aria-hidden='false' data-av_icon='\ue8f1' data-av_iconfont='entypo-fontello' title='' data-avia-related-tooltip='Compartir en Twitter' rel=\"noopener\"><span class='avia_hidden_link_text'>Compartir en Twitter<\/span><\/a><\/li><li class='av-share-link av-social-link-whatsapp' ><a target=\"_blank\" aria-label=\"Compartir en Whatsapp\" href='https:\/\/api.whatsapp.com\/send?text=https:\/\/radiorevelacionfm.cl\/?p=16463' aria-hidden='false' data-av_icon='\uf232' data-av_iconfont='entypo-fontello' title='' data-avia-related-tooltip='Compartir en Whatsapp' rel=\"noopener\"><span class='avia_hidden_link_text'>Compartir en Whatsapp<\/span><\/a><\/li><li class='av-share-link av-social-link-linkedin' ><a target=\"_blank\" aria-label=\"Compartir en LinkedIn\" href='https:\/\/linkedin.com\/shareArticle?mini=true&#038;title=Fundaci%C3%B3n%20Integra%20capacita%20a%20equipos%20de%20Jardines%20Infantiles%20en%20uso%20y%20manejo%20de%20extintores&#038;url=https:\/\/radiorevelacionfm.cl\/?p=16463' aria-hidden='false' data-av_icon='\ue8fc' data-av_iconfont='entypo-fontello' title='' data-avia-related-tooltip='Compartir en LinkedIn' rel=\"noopener\"><span class='avia_hidden_link_text'>Compartir en LinkedIn<\/span><\/a><\/li><li class='av-share-link av-social-link-mail' ><a  aria-label=\"Compartir por correo\" href='mailto:?subject=Fundaci%C3%B3n%20Integra%20capacita%20a%20equipos%20de%20Jardines%20Infantiles%20en%20uso%20y%20manejo%20de%20extintores&#038;body=https:\/\/radiorevelacionfm.cl\/?p=16463' aria-hidden='false' data-av_icon='\ue805' data-av_iconfont='entypo-fontello' title='' data-avia-related-tooltip='Compartir por correo'><span class='avia_hidden_link_text'>Compartir por correo<\/span><\/a><\/li><\/ul><\/div><\/div>\n<div  style='height:50px' class='hr hr-invisible   avia-builder-el-8  el_after_av_social_share  el_before_av_comments_list '><span class='hr-inner ' ><span class='hr-inner-style'><\/span><\/span><\/div>\n<div  class='av-buildercomment  av-blog-meta-html-info-disabled av-blog-meta-tag-disabled  '><\/div>\n","protected":false},"excerpt":{"rendered":"","protected":false},"author":1,"featured_media":16478,"comment_status":"open","ping_status":"open","sticky":false,"template":"","format":"standard","meta":{"footnotes":""},"categories":[49],"tags":[],"class_list":["post-16463","post","type-post","status-publish","format-standard","has-post-thumbnail","hentry","category-educacion"],"jetpack_featured_media_url":"https:\/\/radiorevelacionfm.cl\/wp-content\/uploads\/2022\/05\/image-95-2.jpg","_links":{"self":[{"href":"https:\/\/radiorevelacionfm.cl\/index.php?rest_route=\/wp\/v2\/posts\/16463","targetHints":{"allow":["GET"]}}],"collection":[{"href":"https:\/\/radiorevelacionfm.cl\/index.php?rest_route=\/wp\/v2\/posts"}],"about":[{"href":"https:\/\/radiorevelacionfm.cl\/index.php?rest_route=\/wp\/v2\/types\/post"}],"author":[{"embeddable":true,"href":"https:\/\/radiorevelacionfm.cl\/index.php?rest_route=\/wp\/v2\/users\/1"}],"replies":[{"embeddable":true,"href":"https:\/\/radiorevelacionfm.cl\/index.php?rest_route=%2Fwp%2Fv2%2Fcomments&post=16463"}],"version-history":[{"count":3,"href":"https:\/\/radiorevelacionfm.cl\/index.php?rest_route=\/wp\/v2\/posts\/16463\/revisions"}],"predecessor-version":[{"id":16477,"href":"https:\/\/radiorevelacionfm.cl\/index.php?rest_route=\/wp\/v2\/posts\/16463\/revisions\/16477"}],"wp:featuredmedia":[{"embeddable":true,"href":"https:\/\/radiorevelacionfm.cl\/index.php?rest_route=\/wp\/v2\/media\/16478"}],"wp:attachment":[{"href":"https:\/\/radiorevelacionfm.cl\/index.php?rest_route=%2Fwp%2Fv2%2Fmedia&parent=16463"}],"wp:term":[{"taxonomy":"category","embeddable":true,"href":"https:\/\/radiorevelacionfm.cl\/index.php?rest_route=%2Fwp%2Fv2%2Fcategories&post=16463"},{"taxonomy":"post_tag","embeddable":true,"href":"https:\/\/radiorevelacionfm.cl\/index.php?rest_route=%2Fwp%2Fv2%2Ftags&post=16463"}],"curies":[{"name":"wp","href":"https:\/\/api.w.org\/{rel}","templated":true}]}}