{"id":16404,"date":"2022-05-02T22:26:21","date_gmt":"2022-05-03T01:26:21","guid":{"rendered":"https:\/\/radiorevelacionfm.cl\/?p=16404"},"modified":"2022-05-02T22:26:21","modified_gmt":"2022-05-03T01:26:21","slug":"en-puerto-aysen-recuperan-vehiculo-con-encargo-por-apropiacion-indebida","status":"publish","type":"post","link":"https:\/\/radiorevelacionfm.cl\/?p=16404","title":{"rendered":"En Puerto Ays\u00e9n recuperan veh\u00edculo con encargo por apropiaci\u00f3n indebida"},"content":{"rendered":"<div class=\"flex_column av_one_full  flex_column_div av-zero-column-padding first  avia-builder-el-0  el_before_av_one_full  avia-builder-el-first  \" style='border-radius:0px; '><div  class='avia-image-container  av-styling-    avia-builder-el-1  avia-builder-el-no-sibling  avia-align-center '  itemprop=\"image\" itemscope=\"itemscope\" itemtype=\"https:\/\/schema.org\/ImageObject\"  ><div class='avia-image-container-inner'><div class='avia-image-overlay-wrap'><img decoding=\"async\" class='wp-image-16405 avia-img-lazy-loading-not-16405 avia_image' src=\"https:\/\/radiorevelacionfm.cl\/wp-content\/uploads\/2022\/05\/02-05-2022-evidencia-incautacion-vehiculo-bridec-1_optimized.jpg\" alt='' title='02-05-2022-evidencia-incautaci\u00f3n-veh\u00edculo-bridec-(1)_optimized' height=\"600\" width=\"1067\"  itemprop=\"thumbnailUrl\" srcset=\"https:\/\/radiorevelacionfm.cl\/wp-content\/uploads\/2022\/05\/02-05-2022-evidencia-incautacion-vehiculo-bridec-1_optimized.jpg 1067w, https:\/\/radiorevelacionfm.cl\/wp-content\/uploads\/2022\/05\/02-05-2022-evidencia-incautacion-vehiculo-bridec-1_optimized-300x169.jpg 300w, https:\/\/radiorevelacionfm.cl\/wp-content\/uploads\/2022\/05\/02-05-2022-evidencia-incautacion-vehiculo-bridec-1_optimized-1030x579.jpg 1030w, https:\/\/radiorevelacionfm.cl\/wp-content\/uploads\/2022\/05\/02-05-2022-evidencia-incautacion-vehiculo-bridec-1_optimized-768x432.jpg 768w, https:\/\/radiorevelacionfm.cl\/wp-content\/uploads\/2022\/05\/02-05-2022-evidencia-incautacion-vehiculo-bridec-1_optimized-705x396.jpg 705w, https:\/\/radiorevelacionfm.cl\/wp-content\/uploads\/2022\/05\/02-05-2022-evidencia-incautacion-vehiculo-bridec-1_optimized-600x337.jpg 600w\" sizes=\"(max-width: 1067px) 100vw, 1067px\" \/><\/div><\/div><\/div><\/div><div class=\"flex_column av_one_full  flex_column_div av-zero-column-padding first  avia-builder-el-2  el_after_av_one_full  el_before_av_one_full  column-top-margin\" style='border-radius:0px; '><section class=\"av_textblock_section \"  itemscope=\"itemscope\" itemtype=\"https:\/\/schema.org\/BlogPosting\" itemprop=\"blogPost\" ><div class='avia_textblock  '   itemprop=\"text\" ><p style=\"text-align: center;\"><span style=\"font-size: 18pt;\"><strong>En Puerto Ays\u00e9n recuperan veh\u00edculo con encargo por apropiaci\u00f3n indebida<\/strong><\/span><\/p>\n<div id=\"gtx-trans\" style=\"position: absolute; left: -50px; top: 4.31534px;\">\n<div class=\"gtx-trans-icon\"><\/div>\n<\/div>\n<\/div><\/section><\/div><div class=\"flex_column av_one_full  flex_column_div av-zero-column-padding first  avia-builder-el-4  el_after_av_one_full  el_before_av_hr  column-top-margin\" style='border-radius:0px; '><section class=\"av_textblock_section \"  itemscope=\"itemscope\" itemtype=\"https:\/\/schema.org\/BlogPosting\" itemprop=\"blogPost\" ><div class='avia_textblock  '   itemprop=\"text\" ><p style=\"text-align: justify;\">Detectives de la Brigada Investigadora de Delitos Econ\u00f3micos (BRIDEC) Coyhaique, en un trabajo conjunto con el Ministerio P\u00fablico, recuperaron en la comuna de Ays\u00e9n un veh\u00edculo que presentaba encargo por el delito de apropiaci\u00f3n indebida.<\/p>\n<p style=\"text-align: justify;\">Se trata de un veh\u00edculo marca Suzuki, modelo Grand Nomade del a\u00f1o 2015, de propiedad de una empresa de servicios financieros que manten\u00eda un contrato de prestaci\u00f3n de servicios con una empresa de retiro, incautaci\u00f3n, custodia, traslado, cuidado, comercializaci\u00f3n e intermediaci\u00f3n de ventas de veh\u00edculos, camiones y maquinarias usadas que habr\u00eda decidido, unilateralmente, poner t\u00e9rmino al se\u00f1alado contrato, sin hacer devoluci\u00f3n de los veh\u00edculos custodiados, dentro de ellos, la especie materia de investigaci\u00f3n y posterior incautaci\u00f3n.<\/p>\n<p style=\"text-align: justify;\">Sobre los hechos, el subcomisario Iv\u00e1n Labarca de la BRIDEC Coyhaique detall\u00f3 que el procedimiento se gest\u00f3 \u201ca trav\u00e9s de una orden de investigar por el delito de apropiaci\u00f3n indebida emanada por la Fiscal\u00eda Local de Coyhaique\u201d donde \u201cla Brigada Investigadora de Delitos Econ\u00f3micos Coyhaique, luego de un trabajo de an\u00e1lisis criminal e inteligencia policial, logr\u00f3 la ubicaci\u00f3n e incautaci\u00f3n de un veh\u00edculo que presentaba encargo por apropiaci\u00f3n indebida\u201d.<\/p>\n<p style=\"text-align: justify;\">De acuerdo a lo informado por el detective, el veh\u00edculo fue ubicado en la comuna de Ays\u00e9n y \u201cposteriormente, fue trasladado por personal de la BRIDEC hasta el Complejo Policial Coyhaique, lugar donde se hizo entrega al representante legal de la empresa denunciante\u201d.<\/p>\n<p style=\"text-align: justify;\">Desde la Fiscal\u00eda informaron que la causa contin\u00faa en investigaci\u00f3n a fin de aclarar totalmente lo ocurrido y para ello existen diligencias en curso solicitadas a la BRIDEC de la PDI.<\/p>\n<\/div><\/section><\/div><div  style='height:50px' class='hr hr-invisible   avia-builder-el-6  el_after_av_one_full  el_before_av_social_share '><span class='hr-inner ' ><span class='hr-inner-style'><\/span><\/span><\/div><\/p>\n<div  class='av-social-sharing-box  avia-builder-el-7  el_after_av_hr  el_before_av_hr  '><div class='av-share-box'><h5 class='av-share-link-description av-no-toc '>Compartir esta noticia<\/h5><ul class='av-share-box-list noLightbox'><li class='av-share-link av-social-link-facebook' ><a target=\"_blank\" aria-label=\"Compartir en Facebook\" href='https:\/\/www.facebook.com\/sharer.php?u=https:\/\/radiorevelacionfm.cl\/?p=16404&#038;t=En%20Puerto%20Ays%C3%A9n%20recuperan%20veh%C3%ADculo%20con%20encargo%20por%20apropiaci%C3%B3n%20indebida' aria-hidden='false' data-av_icon='\ue8f3' data-av_iconfont='entypo-fontello' title='' data-avia-related-tooltip='Compartir en Facebook' rel=\"noopener\"><span class='avia_hidden_link_text'>Compartir en Facebook<\/span><\/a><\/li><li class='av-share-link av-social-link-twitter' ><a target=\"_blank\" aria-label=\"Compartir en Twitter\" href='https:\/\/twitter.com\/share?text=En%20Puerto%20Ays%C3%A9n%20recuperan%20veh%C3%ADculo%20con%20encargo%20por%20apropiaci%C3%B3n%20indebida&#038;url=https:\/\/radiorevelacionfm.cl\/?p=16404' aria-hidden='false' data-av_icon='\ue8f1' data-av_iconfont='entypo-fontello' title='' data-avia-related-tooltip='Compartir en Twitter' rel=\"noopener\"><span class='avia_hidden_link_text'>Compartir en Twitter<\/span><\/a><\/li><li class='av-share-link av-social-link-whatsapp' ><a target=\"_blank\" aria-label=\"Compartir en Whatsapp\" href='https:\/\/api.whatsapp.com\/send?text=https:\/\/radiorevelacionfm.cl\/?p=16404' aria-hidden='false' data-av_icon='\uf232' data-av_iconfont='entypo-fontello' title='' data-avia-related-tooltip='Compartir en Whatsapp' rel=\"noopener\"><span class='avia_hidden_link_text'>Compartir en Whatsapp<\/span><\/a><\/li><li class='av-share-link av-social-link-linkedin' ><a target=\"_blank\" aria-label=\"Compartir en LinkedIn\" href='https:\/\/linkedin.com\/shareArticle?mini=true&#038;title=En%20Puerto%20Ays%C3%A9n%20recuperan%20veh%C3%ADculo%20con%20encargo%20por%20apropiaci%C3%B3n%20indebida&#038;url=https:\/\/radiorevelacionfm.cl\/?p=16404' aria-hidden='false' data-av_icon='\ue8fc' data-av_iconfont='entypo-fontello' title='' data-avia-related-tooltip='Compartir en LinkedIn' rel=\"noopener\"><span class='avia_hidden_link_text'>Compartir en LinkedIn<\/span><\/a><\/li><li class='av-share-link av-social-link-mail' ><a  aria-label=\"Compartir por correo\" href='mailto:?subject=En%20Puerto%20Ays%C3%A9n%20recuperan%20veh%C3%ADculo%20con%20encargo%20por%20apropiaci%C3%B3n%20indebida&#038;body=https:\/\/radiorevelacionfm.cl\/?p=16404' aria-hidden='false' data-av_icon='\ue805' data-av_iconfont='entypo-fontello' title='' data-avia-related-tooltip='Compartir por correo'><span class='avia_hidden_link_text'>Compartir por correo<\/span><\/a><\/li><\/ul><\/div><\/div>\n<div  style='height:50px' class='hr hr-invisible   avia-builder-el-8  el_after_av_social_share  el_before_av_comments_list '><span class='hr-inner ' ><span class='hr-inner-style'><\/span><\/span><\/div>\n<div  class='av-buildercomment  av-blog-meta-html-info-disabled av-blog-meta-tag-disabled  '><\/div>\n","protected":false},"excerpt":{"rendered":"","protected":false},"author":1,"featured_media":16405,"comment_status":"open","ping_status":"open","sticky":false,"template":"","format":"standard","meta":{"footnotes":""},"categories":[36],"tags":[],"class_list":["post-16404","post","type-post","status-publish","format-standard","has-post-thumbnail","hentry","category-policial"],"jetpack_featured_media_url":"https:\/\/radiorevelacionfm.cl\/wp-content\/uploads\/2022\/05\/02-05-2022-evidencia-incautacion-vehiculo-bridec-1_optimized.jpg","_links":{"self":[{"href":"https:\/\/radiorevelacionfm.cl\/index.php?rest_route=\/wp\/v2\/posts\/16404","targetHints":{"allow":["GET"]}}],"collection":[{"href":"https:\/\/radiorevelacionfm.cl\/index.php?rest_route=\/wp\/v2\/posts"}],"about":[{"href":"https:\/\/radiorevelacionfm.cl\/index.php?rest_route=\/wp\/v2\/types\/post"}],"author":[{"embeddable":true,"href":"https:\/\/radiorevelacionfm.cl\/index.php?rest_route=\/wp\/v2\/users\/1"}],"replies":[{"embeddable":true,"href":"https:\/\/radiorevelacionfm.cl\/index.php?rest_route=%2Fwp%2Fv2%2Fcomments&post=16404"}],"version-history":[{"count":2,"href":"https:\/\/radiorevelacionfm.cl\/index.php?rest_route=\/wp\/v2\/posts\/16404\/revisions"}],"predecessor-version":[{"id":16407,"href":"https:\/\/radiorevelacionfm.cl\/index.php?rest_route=\/wp\/v2\/posts\/16404\/revisions\/16407"}],"wp:featuredmedia":[{"embeddable":true,"href":"https:\/\/radiorevelacionfm.cl\/index.php?rest_route=\/wp\/v2\/media\/16405"}],"wp:attachment":[{"href":"https:\/\/radiorevelacionfm.cl\/index.php?rest_route=%2Fwp%2Fv2%2Fmedia&parent=16404"}],"wp:term":[{"taxonomy":"category","embeddable":true,"href":"https:\/\/radiorevelacionfm.cl\/index.php?rest_route=%2Fwp%2Fv2%2Fcategories&post=16404"},{"taxonomy":"post_tag","embeddable":true,"href":"https:\/\/radiorevelacionfm.cl\/index.php?rest_route=%2Fwp%2Fv2%2Ftags&post=16404"}],"curies":[{"name":"wp","href":"https:\/\/api.w.org\/{rel}","templated":true}]}}