{"id":16401,"date":"2022-05-03T11:01:43","date_gmt":"2022-05-03T14:01:43","guid":{"rendered":"https:\/\/radiorevelacionfm.cl\/?p=16401"},"modified":"2022-05-03T11:01:43","modified_gmt":"2022-05-03T14:01:43","slug":"autoridades-constatan-plan-de-normalizacion-en-las-fronteras","status":"publish","type":"post","link":"https:\/\/radiorevelacionfm.cl\/?p=16401","title":{"rendered":"Autoridades constatan Plan de Normalizaci\u00f3n en las fronteras"},"content":{"rendered":"<div class=\"flex_column av_one_full  flex_column_div av-zero-column-padding first  avia-builder-el-0  el_before_av_one_full  avia-builder-el-first  \" style='border-radius:0px; '><div  class='avia-image-container  av-styling-    avia-builder-el-1  avia-builder-el-no-sibling  avia-align-center '  itemprop=\"image\" itemscope=\"itemscope\" itemtype=\"https:\/\/schema.org\/ImageObject\"  ><div class='avia-image-container-inner'><div class='avia-image-overlay-wrap'><img decoding=\"async\" class='wp-image-16402 avia-img-lazy-loading-not-16402 avia_image' src=\"https:\/\/radiorevelacionfm.cl\/wp-content\/uploads\/2022\/05\/WhatsApp-Image-2022-05-02-at-12.31.32-PM-1-1.jpeg\" alt='' title='WhatsApp Image 2022-05-02 at 12.31.32 PM (1) (1)' height=\"600\" width=\"800\"  itemprop=\"thumbnailUrl\" srcset=\"https:\/\/radiorevelacionfm.cl\/wp-content\/uploads\/2022\/05\/WhatsApp-Image-2022-05-02-at-12.31.32-PM-1-1.jpeg 800w, https:\/\/radiorevelacionfm.cl\/wp-content\/uploads\/2022\/05\/WhatsApp-Image-2022-05-02-at-12.31.32-PM-1-1-300x225.jpeg 300w, https:\/\/radiorevelacionfm.cl\/wp-content\/uploads\/2022\/05\/WhatsApp-Image-2022-05-02-at-12.31.32-PM-1-1-768x576.jpeg 768w, https:\/\/radiorevelacionfm.cl\/wp-content\/uploads\/2022\/05\/WhatsApp-Image-2022-05-02-at-12.31.32-PM-1-1-705x529.jpeg 705w, https:\/\/radiorevelacionfm.cl\/wp-content\/uploads\/2022\/05\/WhatsApp-Image-2022-05-02-at-12.31.32-PM-1-1-600x450.jpeg 600w\" sizes=\"(max-width: 800px) 100vw, 800px\" \/><\/div><\/div><\/div><\/div><div class=\"flex_column av_one_full  flex_column_div av-zero-column-padding first  avia-builder-el-2  el_after_av_one_full  el_before_av_one_full  column-top-margin\" style='border-radius:0px; '><section class=\"av_textblock_section \"  itemscope=\"itemscope\" itemtype=\"https:\/\/schema.org\/BlogPosting\" itemprop=\"blogPost\" ><div class='avia_textblock  '   itemprop=\"text\" ><p style=\"text-align: center;\"><span style=\"font-size: 18pt;\"><strong>Autoridades constatan Plan de Normalizaci\u00f3n en las fronteras<\/strong><\/span><\/p>\n<div id=\"gtx-trans\" style=\"position: absolute; left: -50px; top: 4.31534px;\">\n<div class=\"gtx-trans-icon\"><\/div>\n<\/div>\n<\/div><\/section><\/div><div class=\"flex_column av_one_full  flex_column_div av-zero-column-padding first  avia-builder-el-4  el_after_av_one_full  el_before_av_hr  column-top-margin\" style='border-radius:0px; '><section class=\"av_textblock_section \"  itemscope=\"itemscope\" itemtype=\"https:\/\/schema.org\/BlogPosting\" itemprop=\"blogPost\" ><div class='avia_textblock  '   itemprop=\"text\" ><p style=\"text-align: justify;\">Con refuerzos de funcionarios del Ministerio de Salud en los complejos fronterizos, est\u00e1n operando los pasos Huemules y Jeinimeni en la Regi\u00f3n de Ays\u00e9n, en el marco del Plan de Normalizaci\u00f3n orientado a que el tr\u00e1nsito en la frontera se realice sin contratiempos.<\/p>\n<p style=\"text-align: justify;\">Para verificar en terreno el correcto funcionamiento, el Delegado Presidencial Regional, Rodrigo Araya Morales, inspeccion\u00f3 este lunes el Paso Huemules, acompa\u00f1ado por la seremi de Salud Ays\u00e9n, Carmen Gloria Monsalve, el director regional de Aduanas, V\u00edctor Valenzuela Mill\u00e1n, y el Jefe de la Regi\u00f3n Policial de Ays\u00e9n de la Polic\u00eda de Investigaciones, Delf\u00edn Olgu\u00edn Donoso.<\/p>\n<p style=\"text-align: justify;\">\u201cLa idea es, justamente, posibilitar el ingreso de chilenos y extranjeros a nuestro territorio, con todas las recomendaciones y con todas las reglas, donde hemos visto con la seremi de Salud c\u00f3mo est\u00e1 funcionando el sistema de la aduana sanitaria y el testeo aleatorio obligatorio de todos los pasajeros que ingresan, salvo los que vienen desde la comuna de Chile Chico. Por lo tanto, vemos que todo est\u00e1 funcionando muy bien y todas las condiciones est\u00e1n \u00f3ptimas para la entrada y salida de personas por nuestros pasos fronterizos\u201d, indic\u00f3 el Delegado Rodrigo Araya.<\/p>\n<p style=\"text-align: justify;\">La seremi Carmen Monsalve detall\u00f3 que para los extranjeros que ingresen al pa\u00eds se solicitar\u00e1 el pasaporte c19 (<a href=\"https:\/\/c19.cl\/\">https:\/\/c19.cl\/<\/a>) m\u00e1s ex\u00e1menes de diagn\u00f3stico aleatorios a los viajeros. Adem\u00e1s, la homologaci\u00f3n de vacunas ser\u00e1 voluntaria, pero necesaria para acceder al pase de movilidad.<\/p>\n<p style=\"text-align: justify;\">\u201cSolamente se exige para este movimiento en Alerta Nivel 1 la Declaraci\u00f3n Jurada del Formulario C-19 y el testeo aleatorio que realiza ac\u00e1 personal sanitario dependiente de la seremi de Salud. Los residentes de Chile Chico que transitan por estos pasos fronterizos, van a ser excluidos del testeo aleatorio, entendiendo que este paso cumple un rol fundamental en la conectividad de quienes viven en Chile Chico y en el resto del territorio regional\u201d, precis\u00f3.<\/p>\n<p style=\"text-align: justify;\">Asimismo, a personas extranjeras no residentes se les exigir\u00e1 el cumplimiento de todos los requisitos migratorios informados en www.serviciomigraciones.cl, tales como autorizaciones consulares y de extranjer\u00eda que deben ser solicitadas en el pa\u00eds de origen.<\/p>\n<p style=\"text-align: justify;\">El Prefecto Delf\u00edn Olgu\u00edn precis\u00f3 que la labor de la PDI se relaciona con el control de personas nacionales o extranjeras que deseen salir o ingresar al pa\u00eds, para lo cual deben contar con su c\u00e9dula de identidad o pasaporte vigente y en buen estado. Para quienes viajen con ni\u00f1os, ni\u00f1as y adolescentes, el llamado es a hacerlo adem\u00e1s con el certificado de nacimiento o libreta de familia y autorizaci\u00f3n de viaje apostillada, en caso de que uno de los padres no viaje.<\/p>\n<p style=\"text-align: justify;\">\u201cComo Polic\u00eda de Investigaciones con sus servicios especializados de Migraciones y Polic\u00eda Internacional, hemos estado de manera ininterrumpida en la frontera a lo largo de todo el pa\u00eds, y trabajando con quienes han entrado y salido del territorio. Tenemos nuestro personal dispuesto para todo lo que es ingreso y salida del pa\u00eds\u201d.<\/p>\n<p style=\"text-align: justify;\">El director regional de Aduanas, V\u00edctor Valenzuela Mill\u00e1n, destac\u00f3 la capacidad de atenci\u00f3n y respuesta de todo el personal presente en fronteras.<\/p>\n<p style=\"text-align: justify;\">\u201cNuestra gente est\u00e1 permanentemente ac\u00e1 todo el a\u00f1o, no hubo pandemia ac\u00e1 en este paso. Tenemos turnos de ocho d\u00edas, as\u00ed es que est\u00e1n habilitados en todo, ellos permanecen aqu\u00ed, por lo que cualquier emergencia puede ser solucionada por el jefe de turno\u201d, concluy\u00f3.<\/p>\n<p style=\"text-align: justify;\">Cabe se\u00f1alar que el Paso Huemules atiende de 08:00 a 20:00 horas para transporte de carga y de 08:00 a 18:30 horas para autos y buses; en tanto el Paso Jeinimeni atiende de 08:00 a 19:00 horas para transporte de carga, autos y buses.<\/p>\n<p style=\"text-align: justify;\">En todos los casos se elabor\u00f3 un plan de contingencia Covid-19 que consisti\u00f3 en aumentar y reforzar la se\u00f1al\u00e9tica com\u00fan de prevenci\u00f3n y autocuidado, la implementaci\u00f3n de nuevos aforos y mejoramiento de la habitabilidad de los funcionarios que laboran en frontera.<\/p>\n<\/div><\/section><\/div><div  style='height:50px' class='hr hr-invisible   avia-builder-el-6  el_after_av_one_full  el_before_av_social_share '><span class='hr-inner ' ><span class='hr-inner-style'><\/span><\/span><\/div><\/p>\n<div  class='av-social-sharing-box  avia-builder-el-7  el_after_av_hr  el_before_av_hr  '><div class='av-share-box'><h5 class='av-share-link-description av-no-toc '>Compartir esta noticia<\/h5><ul class='av-share-box-list noLightbox'><li class='av-share-link av-social-link-facebook' ><a target=\"_blank\" aria-label=\"Compartir en Facebook\" href='https:\/\/www.facebook.com\/sharer.php?u=https:\/\/radiorevelacionfm.cl\/?p=16401&#038;t=Autoridades%20constatan%20Plan%20de%20Normalizaci%C3%B3n%20en%20las%20fronteras' aria-hidden='false' data-av_icon='\ue8f3' data-av_iconfont='entypo-fontello' title='' data-avia-related-tooltip='Compartir en Facebook' rel=\"noopener\"><span class='avia_hidden_link_text'>Compartir en Facebook<\/span><\/a><\/li><li class='av-share-link av-social-link-twitter' ><a target=\"_blank\" aria-label=\"Compartir en Twitter\" href='https:\/\/twitter.com\/share?text=Autoridades%20constatan%20Plan%20de%20Normalizaci%C3%B3n%20en%20las%20fronteras&#038;url=https:\/\/radiorevelacionfm.cl\/?p=16401' aria-hidden='false' data-av_icon='\ue8f1' data-av_iconfont='entypo-fontello' title='' data-avia-related-tooltip='Compartir en Twitter' rel=\"noopener\"><span class='avia_hidden_link_text'>Compartir en Twitter<\/span><\/a><\/li><li class='av-share-link av-social-link-whatsapp' ><a target=\"_blank\" aria-label=\"Compartir en Whatsapp\" href='https:\/\/api.whatsapp.com\/send?text=https:\/\/radiorevelacionfm.cl\/?p=16401' aria-hidden='false' data-av_icon='\uf232' data-av_iconfont='entypo-fontello' title='' data-avia-related-tooltip='Compartir en Whatsapp' rel=\"noopener\"><span class='avia_hidden_link_text'>Compartir en Whatsapp<\/span><\/a><\/li><li class='av-share-link av-social-link-linkedin' ><a target=\"_blank\" aria-label=\"Compartir en LinkedIn\" href='https:\/\/linkedin.com\/shareArticle?mini=true&#038;title=Autoridades%20constatan%20Plan%20de%20Normalizaci%C3%B3n%20en%20las%20fronteras&#038;url=https:\/\/radiorevelacionfm.cl\/?p=16401' aria-hidden='false' data-av_icon='\ue8fc' data-av_iconfont='entypo-fontello' title='' data-avia-related-tooltip='Compartir en LinkedIn' rel=\"noopener\"><span class='avia_hidden_link_text'>Compartir en LinkedIn<\/span><\/a><\/li><li class='av-share-link av-social-link-mail' ><a  aria-label=\"Compartir por correo\" href='mailto:?subject=Autoridades%20constatan%20Plan%20de%20Normalizaci%C3%B3n%20en%20las%20fronteras&#038;body=https:\/\/radiorevelacionfm.cl\/?p=16401' aria-hidden='false' data-av_icon='\ue805' data-av_iconfont='entypo-fontello' title='' data-avia-related-tooltip='Compartir por correo'><span class='avia_hidden_link_text'>Compartir por correo<\/span><\/a><\/li><\/ul><\/div><\/div>\n<div  style='height:50px' class='hr hr-invisible   avia-builder-el-8  el_after_av_social_share  el_before_av_comments_list '><span class='hr-inner ' ><span class='hr-inner-style'><\/span><\/span><\/div>\n<div  class='av-buildercomment  av-blog-meta-html-info-disabled av-blog-meta-tag-disabled  '><\/div>\n","protected":false},"excerpt":{"rendered":"","protected":false},"author":1,"featured_media":16402,"comment_status":"open","ping_status":"open","sticky":false,"template":"","format":"standard","meta":{"footnotes":""},"categories":[61,46],"tags":[],"class_list":["post-16401","post","type-post","status-publish","format-standard","has-post-thumbnail","hentry","category-nacional","category-salud"],"jetpack_featured_media_url":"https:\/\/radiorevelacionfm.cl\/wp-content\/uploads\/2022\/05\/WhatsApp-Image-2022-05-02-at-12.31.32-PM-1-1.jpeg","_links":{"self":[{"href":"https:\/\/radiorevelacionfm.cl\/index.php?rest_route=\/wp\/v2\/posts\/16401","targetHints":{"allow":["GET"]}}],"collection":[{"href":"https:\/\/radiorevelacionfm.cl\/index.php?rest_route=\/wp\/v2\/posts"}],"about":[{"href":"https:\/\/radiorevelacionfm.cl\/index.php?rest_route=\/wp\/v2\/types\/post"}],"author":[{"embeddable":true,"href":"https:\/\/radiorevelacionfm.cl\/index.php?rest_route=\/wp\/v2\/users\/1"}],"replies":[{"embeddable":true,"href":"https:\/\/radiorevelacionfm.cl\/index.php?rest_route=%2Fwp%2Fv2%2Fcomments&post=16401"}],"version-history":[{"count":2,"href":"https:\/\/radiorevelacionfm.cl\/index.php?rest_route=\/wp\/v2\/posts\/16401\/revisions"}],"predecessor-version":[{"id":16430,"href":"https:\/\/radiorevelacionfm.cl\/index.php?rest_route=\/wp\/v2\/posts\/16401\/revisions\/16430"}],"wp:featuredmedia":[{"embeddable":true,"href":"https:\/\/radiorevelacionfm.cl\/index.php?rest_route=\/wp\/v2\/media\/16402"}],"wp:attachment":[{"href":"https:\/\/radiorevelacionfm.cl\/index.php?rest_route=%2Fwp%2Fv2%2Fmedia&parent=16401"}],"wp:term":[{"taxonomy":"category","embeddable":true,"href":"https:\/\/radiorevelacionfm.cl\/index.php?rest_route=%2Fwp%2Fv2%2Fcategories&post=16401"},{"taxonomy":"post_tag","embeddable":true,"href":"https:\/\/radiorevelacionfm.cl\/index.php?rest_route=%2Fwp%2Fv2%2Ftags&post=16401"}],"curies":[{"name":"wp","href":"https:\/\/api.w.org\/{rel}","templated":true}]}}