{"id":16397,"date":"2022-05-03T10:48:51","date_gmt":"2022-05-03T13:48:51","guid":{"rendered":"https:\/\/radiorevelacionfm.cl\/?p=16397"},"modified":"2022-05-03T10:48:51","modified_gmt":"2022-05-03T13:48:51","slug":"paulina-ruz-delfin-seremi-de-vivienda-y-urbanismo-este-ano-destinaremos-mas-de-56-mil-millones-de-pesos-para-atender-las-demandas-habitacionales-de-nuestras-familias-de-la-region","status":"publish","type":"post","link":"https:\/\/radiorevelacionfm.cl\/?p=16397","title":{"rendered":"Paulina Ruz Delf\u00edn, Seremi de Vivienda y Urbanismo: \u201cEste a\u00f1o destinaremos m\u00e1s de 56 mil millones de pesos para atender las demandas habitacionales de nuestras familias de la regi\u00f3n\u201d"},"content":{"rendered":"<div class=\"flex_column av_one_full  flex_column_div av-zero-column-padding first  avia-builder-el-0  el_before_av_one_full  avia-builder-el-first  \" style='border-radius:0px; '><div  class='avia-image-container  av-styling-    avia-builder-el-1  avia-builder-el-no-sibling  avia-align-center '  itemprop=\"image\" itemscope=\"itemscope\" itemtype=\"https:\/\/schema.org\/ImageObject\"  ><div class='avia-image-container-inner'><div class='avia-image-overlay-wrap'><img decoding=\"async\" class='wp-image-16398 avia-img-lazy-loading-not-16398 avia_image' src=\"https:\/\/radiorevelacionfm.cl\/wp-content\/uploads\/2022\/05\/Seremi-3-1-1.jpg\" alt='' title='Seremi 3 (1) (1)' height=\"600\" width=\"907\"  itemprop=\"thumbnailUrl\" srcset=\"https:\/\/radiorevelacionfm.cl\/wp-content\/uploads\/2022\/05\/Seremi-3-1-1.jpg 907w, https:\/\/radiorevelacionfm.cl\/wp-content\/uploads\/2022\/05\/Seremi-3-1-1-300x198.jpg 300w, https:\/\/radiorevelacionfm.cl\/wp-content\/uploads\/2022\/05\/Seremi-3-1-1-768x508.jpg 768w, https:\/\/radiorevelacionfm.cl\/wp-content\/uploads\/2022\/05\/Seremi-3-1-1-705x466.jpg 705w, https:\/\/radiorevelacionfm.cl\/wp-content\/uploads\/2022\/05\/Seremi-3-1-1-600x397.jpg 600w\" sizes=\"(max-width: 907px) 100vw, 907px\" \/><\/div><\/div><\/div><\/div><div class=\"flex_column av_one_full  flex_column_div av-zero-column-padding first  avia-builder-el-2  el_after_av_one_full  el_before_av_one_full  column-top-margin\" style='border-radius:0px; '><section class=\"av_textblock_section \"  itemscope=\"itemscope\" itemtype=\"https:\/\/schema.org\/BlogPosting\" itemprop=\"blogPost\" ><div class='avia_textblock  '   itemprop=\"text\" ><p style=\"text-align: center;\"><span style=\"font-size: 18pt;\"><strong>Paulina Ruz Delf\u00edn, Seremi de Vivienda y Urbanismo:\u00a0<\/strong><strong>\u201cEste a\u00f1o destinaremos m\u00e1s de 56 mil millones de pesos para atender las demandas habitacionales de nuestras familias de la regi\u00f3n\u201d<\/strong><\/span><\/p>\n<div id=\"gtx-trans\" style=\"position: absolute; left: -50px; top: 4.31534px;\">\n<div class=\"gtx-trans-icon\"><\/div>\n<\/div>\n<\/div><\/section><\/div><div class=\"flex_column av_one_full  flex_column_div av-zero-column-padding first  avia-builder-el-4  el_after_av_one_full  el_before_av_hr  column-top-margin\" style='border-radius:0px; '><section class=\"av_textblock_section \"  itemscope=\"itemscope\" itemtype=\"https:\/\/schema.org\/BlogPosting\" itemprop=\"blogPost\" ><div class='avia_textblock  '   itemprop=\"text\" ><p style=\"text-align: justify;\">La Seremi de Vivienda y Urbanismo, Paulina Ruz Delf\u00edn, se refiri\u00f3 a las cifras arrojadas por un estudio realizado por la plataforma D\u00e9ficit Cero y el Centro de Pol\u00edticas P\u00fablicas de la Universidad Cat\u00f3lica, las que indican la existencia de m\u00e1s de 1700 familias sin acceso a la vivienda en la regi\u00f3n de Ays\u00e9n, donde se agrega adem\u00e1s porcentajes de quienes vivir\u00edan en campamentos, de allegados o en construcciones que son declaradas irrecuperables.<\/p>\n<p style=\"text-align: justify;\">Seg\u00fan la autoridad regional estos datos no son desconocidos para el actual Gobierno y sus autoridades, las que por instrucci\u00f3n del Presidente Gabriel B\u00f3ric desde el primer d\u00eda est\u00e1n concentradas en enfocar la gesti\u00f3n y destinar los recursos humanos y econ\u00f3micos para hacer frente a esta preocupante realidad en base a un Plan Nacional de Emergencia Habitacional, que contempla la construcci\u00f3n de 260 mil viviendas en los pr\u00f3ximos cuatro a\u00f1os.<\/p>\n<p style=\"text-align: justify;\">\u201cEl diagn\u00f3stico que se refleja en este estudio a nivel nacional y regional nos impone grandes desaf\u00edos porque esta es la realidad que recibimos al asumir el Gobierno y debemos hacernos cargo, preocuparnos y ocuparnos para dar la mayor cantidad de soluciones que sea posible en nuestra regi\u00f3n. Asumimos adem\u00e1s que estamos en un contexto complejo en lo econ\u00f3mico y social, con las consecuencias de dos a\u00f1os de pandemia, pero debemos abrir un camino m\u00e1s eficaz que ampl\u00ede las formas de acceso a la vivienda, gestionar suelo p\u00fablico que nos permita contar con zonas de mejor equipamiento, y por supuesto sin olvidar nunca que nuestras ciudades requieren una mejor planificaci\u00f3n a futuro\u201d, manifest\u00f3.<\/p>\n<p style=\"text-align: justify;\">En ese sentido precis\u00f3 la autoridad que a nivel regional para este a\u00f1o 2022 el sector cuenta con 8 mil 500 millones de pesos para obras urbanas y m\u00e1s de 56 mil millones de pesos para atender las demandas habitacionales de nuestras familias, lo que permitir\u00e1 entregar cerca de 2 mil 700 subsidios habitacionales en el marco de los diferentes programas que tiene el Minvu, como Fondo Solidario de Elecci\u00f3n de Vivienda, Habitabilidad Rural, Sectores medios, subsidios de Arriendo o de Mejoramiento de vivienda, entre otros.<\/p>\n<p style=\"text-align: justify;\"><strong>\u201c<\/strong>En ese mismo contexto y ante la gran tarea por disminuir el n\u00famero de hacinados, allegados y campamentos de la regi\u00f3n, este a\u00f1o seguiremos avanzando en las etapas de implementaci\u00f3n del lote de terreno de 37, 5 hect\u00e1reas conocido como la Chacra G, que forma parte del Plan Urbano Habitacional Sector Escuela Agr\u00edcola de Coyhaique, donde se contempla la construcci\u00f3n de m\u00e1s de mil viviendas en los pr\u00f3ximos a\u00f1os. El 2021 avanzamos en el dise\u00f1o de las distintas especialidades, como pavimentaci\u00f3n, evacuaci\u00f3n de aguas lluvias, redes de alumbrado p\u00fablico, agua potable, alcantarillado, parques y \u00e1reas verdes, entre otros, y durante este este 2022 esperamos entregar ya sus subsidios a los primeros comit\u00e9s que se proyectan en ese sector\u201d, se\u00f1al\u00f3.<\/p>\n<p style=\"text-align: justify;\">Agreg\u00f3 la Seremi de Vivienda que como ha dicho el Ministro Carlos Montes todo este esfuerzo se debe enfocar asumiendo que \u201csomos un Gobierno ciudadano, donde escuchamos, empatizamos y trabajamos para transformar a Chile en un mejor lugar para vivir. Tenemos un compromiso con las familias, especialmente las m\u00e1s vulnerables y a nivel local daremos especial atenci\u00f3n al concepto de la descentralizaci\u00f3n. Queremos llevar tambi\u00e9n atenci\u00f3n a las ciudades y poblados m\u00e1s lejanos, a las localidades del litoral, para lo cual ya estamos tomando contacto con todos los municipios, alcaldes y concejales, adem\u00e1s de los dirigentes que cumplen un rol \u00fanico y fundamental en este gran objetivo\u201d, agreg\u00f3.<\/p>\n<p style=\"text-align: justify;\">Finalmente la Seremi enfatiz\u00f3 en que para sacar adelante esta gran tarea profundizar\u00e1n tambi\u00e9n el trabajo y coordinaci\u00f3n con la Delegaci\u00f3n Presidencial, con el Gobierno Regional, con los parlamentarios y con los diversos actores del sector p\u00fablico y privado que tienen injerencia en este tema de tanto impacto social. Lo anterior considerando adem\u00e1s que las obras del sector Vivienda no solo mejoran la calidad de vida de miles de familias, sino que adem\u00e1s dan una nueva imagen a nuestras ciudades, ayudan a incentivar las econom\u00edas locales, brindan opciones de trabajo a las empresas y generan empleo para los vecinos y vecinas que viven en las diferentes comunas de nuestra regi\u00f3n.<\/p>\n<\/div><\/section><\/div><div  style='height:50px' class='hr hr-invisible   avia-builder-el-6  el_after_av_one_full  el_before_av_social_share '><span class='hr-inner ' ><span class='hr-inner-style'><\/span><\/span><\/div><\/p>\n<div  class='av-social-sharing-box  avia-builder-el-7  el_after_av_hr  el_before_av_hr  '><div class='av-share-box'><h5 class='av-share-link-description av-no-toc '>Compartir esta noticia<\/h5><ul class='av-share-box-list noLightbox'><li class='av-share-link av-social-link-facebook' ><a target=\"_blank\" aria-label=\"Compartir en Facebook\" href='https:\/\/www.facebook.com\/sharer.php?u=https:\/\/radiorevelacionfm.cl\/?p=16397&#038;t=Paulina%20Ruz%20Delf%C3%ADn%2C%20Seremi%20de%20Vivienda%20y%20Urbanismo%3A%20%E2%80%9CEste%20a%C3%B1o%20destinaremos%20m%C3%A1s%20de%2056%20mil%20millones%20de%20pesos%20para%20atender%20las%20demandas%20habitacionales%20de%20nuestras%20familias%20de%20la%20regi%C3%B3n%E2%80%9D' aria-hidden='false' data-av_icon='\ue8f3' data-av_iconfont='entypo-fontello' title='' data-avia-related-tooltip='Compartir en Facebook' rel=\"noopener\"><span class='avia_hidden_link_text'>Compartir en Facebook<\/span><\/a><\/li><li class='av-share-link av-social-link-twitter' ><a target=\"_blank\" aria-label=\"Compartir en Twitter\" href='https:\/\/twitter.com\/share?text=Paulina%20Ruz%20Delf%C3%ADn%2C%20Seremi%20de%20Vivienda%20y%20Urbanismo%3A%20%E2%80%9CEste%20a%C3%B1o%20destinaremos%20m%C3%A1s%20de%2056%20mil%20millones%20de%20pesos%20para%20atender%20las%20demandas%20habitacionales%20de%20nuestras%20familias%20de%20la%20regi%C3%B3n%E2%80%9D&#038;url=https:\/\/radiorevelacionfm.cl\/?p=16397' aria-hidden='false' data-av_icon='\ue8f1' data-av_iconfont='entypo-fontello' title='' data-avia-related-tooltip='Compartir en Twitter' rel=\"noopener\"><span class='avia_hidden_link_text'>Compartir en Twitter<\/span><\/a><\/li><li class='av-share-link av-social-link-whatsapp' ><a target=\"_blank\" aria-label=\"Compartir en Whatsapp\" href='https:\/\/api.whatsapp.com\/send?text=https:\/\/radiorevelacionfm.cl\/?p=16397' aria-hidden='false' data-av_icon='\uf232' data-av_iconfont='entypo-fontello' title='' data-avia-related-tooltip='Compartir en Whatsapp' rel=\"noopener\"><span class='avia_hidden_link_text'>Compartir en Whatsapp<\/span><\/a><\/li><li class='av-share-link av-social-link-linkedin' ><a target=\"_blank\" aria-label=\"Compartir en LinkedIn\" href='https:\/\/linkedin.com\/shareArticle?mini=true&#038;title=Paulina%20Ruz%20Delf%C3%ADn%2C%20Seremi%20de%20Vivienda%20y%20Urbanismo%3A%20%E2%80%9CEste%20a%C3%B1o%20destinaremos%20m%C3%A1s%20de%2056%20mil%20millones%20de%20pesos%20para%20atender%20las%20demandas%20habitacionales%20de%20nuestras%20familias%20de%20la%20regi%C3%B3n%E2%80%9D&#038;url=https:\/\/radiorevelacionfm.cl\/?p=16397' aria-hidden='false' data-av_icon='\ue8fc' data-av_iconfont='entypo-fontello' title='' data-avia-related-tooltip='Compartir en LinkedIn' rel=\"noopener\"><span class='avia_hidden_link_text'>Compartir en LinkedIn<\/span><\/a><\/li><li class='av-share-link av-social-link-mail' ><a  aria-label=\"Compartir por correo\" href='mailto:?subject=Paulina%20Ruz%20Delf%C3%ADn%2C%20Seremi%20de%20Vivienda%20y%20Urbanismo%3A%20%E2%80%9CEste%20a%C3%B1o%20destinaremos%20m%C3%A1s%20de%2056%20mil%20millones%20de%20pesos%20para%20atender%20las%20demandas%20habitacionales%20de%20nuestras%20familias%20de%20la%20regi%C3%B3n%E2%80%9D&#038;body=https:\/\/radiorevelacionfm.cl\/?p=16397' aria-hidden='false' data-av_icon='\ue805' data-av_iconfont='entypo-fontello' title='' data-avia-related-tooltip='Compartir por correo'><span class='avia_hidden_link_text'>Compartir por correo<\/span><\/a><\/li><\/ul><\/div><\/div>\n<div  style='height:50px' class='hr hr-invisible   avia-builder-el-8  el_after_av_social_share  el_before_av_comments_list '><span class='hr-inner ' ><span class='hr-inner-style'><\/span><\/span><\/div>\n<div  class='av-buildercomment  av-blog-meta-html-info-disabled av-blog-meta-tag-disabled  '><\/div>\n","protected":false},"excerpt":{"rendered":"","protected":false},"author":1,"featured_media":16398,"comment_status":"open","ping_status":"open","sticky":false,"template":"","format":"standard","meta":{"footnotes":""},"categories":[38,57],"tags":[],"class_list":["post-16397","post","type-post","status-publish","format-standard","has-post-thumbnail","hentry","category-regional","category-vivienda"],"jetpack_featured_media_url":"https:\/\/radiorevelacionfm.cl\/wp-content\/uploads\/2022\/05\/Seremi-3-1-1.jpg","_links":{"self":[{"href":"https:\/\/radiorevelacionfm.cl\/index.php?rest_route=\/wp\/v2\/posts\/16397","targetHints":{"allow":["GET"]}}],"collection":[{"href":"https:\/\/radiorevelacionfm.cl\/index.php?rest_route=\/wp\/v2\/posts"}],"about":[{"href":"https:\/\/radiorevelacionfm.cl\/index.php?rest_route=\/wp\/v2\/types\/post"}],"author":[{"embeddable":true,"href":"https:\/\/radiorevelacionfm.cl\/index.php?rest_route=\/wp\/v2\/users\/1"}],"replies":[{"embeddable":true,"href":"https:\/\/radiorevelacionfm.cl\/index.php?rest_route=%2Fwp%2Fv2%2Fcomments&post=16397"}],"version-history":[{"count":2,"href":"https:\/\/radiorevelacionfm.cl\/index.php?rest_route=\/wp\/v2\/posts\/16397\/revisions"}],"predecessor-version":[{"id":16428,"href":"https:\/\/radiorevelacionfm.cl\/index.php?rest_route=\/wp\/v2\/posts\/16397\/revisions\/16428"}],"wp:featuredmedia":[{"embeddable":true,"href":"https:\/\/radiorevelacionfm.cl\/index.php?rest_route=\/wp\/v2\/media\/16398"}],"wp:attachment":[{"href":"https:\/\/radiorevelacionfm.cl\/index.php?rest_route=%2Fwp%2Fv2%2Fmedia&parent=16397"}],"wp:term":[{"taxonomy":"category","embeddable":true,"href":"https:\/\/radiorevelacionfm.cl\/index.php?rest_route=%2Fwp%2Fv2%2Fcategories&post=16397"},{"taxonomy":"post_tag","embeddable":true,"href":"https:\/\/radiorevelacionfm.cl\/index.php?rest_route=%2Fwp%2Fv2%2Ftags&post=16397"}],"curies":[{"name":"wp","href":"https:\/\/api.w.org\/{rel}","templated":true}]}}