{"id":16391,"date":"2022-05-02T17:46:05","date_gmt":"2022-05-02T20:46:05","guid":{"rendered":"https:\/\/radiorevelacionfm.cl\/?p=16391"},"modified":"2022-05-02T17:46:05","modified_gmt":"2022-05-02T20:46:05","slug":"mop-y-transportes-escuchan-y-atienden-necesidades-de-vecinas-de-balmaceda","status":"publish","type":"post","link":"https:\/\/radiorevelacionfm.cl\/?p=16391","title":{"rendered":"MOP y Transportes escuchan y atienden necesidades de vecinas de Balmaceda"},"content":{"rendered":"<div class=\"flex_column av_one_full  flex_column_div av-zero-column-padding first  avia-builder-el-0  el_before_av_one_full  avia-builder-el-first  \" style='border-radius:0px; '><div  class='avia-image-container  av-styling-    avia-builder-el-1  avia-builder-el-no-sibling  avia-align-center '  itemprop=\"image\" itemscope=\"itemscope\" itemtype=\"https:\/\/schema.org\/ImageObject\"  ><div class='avia-image-container-inner'><div class='avia-image-overlay-wrap'><img decoding=\"async\" class='wp-image-16392 avia-img-lazy-loading-not-16392 avia_image' src=\"https:\/\/radiorevelacionfm.cl\/wp-content\/uploads\/2022\/05\/seremi-tres-1-1_optimized.jpg\" alt='' title='seremi-tres-(1)-(1)_optimized' height=\"600\" width=\"1028\"  itemprop=\"thumbnailUrl\" srcset=\"https:\/\/radiorevelacionfm.cl\/wp-content\/uploads\/2022\/05\/seremi-tres-1-1_optimized.jpg 1028w, https:\/\/radiorevelacionfm.cl\/wp-content\/uploads\/2022\/05\/seremi-tres-1-1_optimized-300x175.jpg 300w, https:\/\/radiorevelacionfm.cl\/wp-content\/uploads\/2022\/05\/seremi-tres-1-1_optimized-768x448.jpg 768w, https:\/\/radiorevelacionfm.cl\/wp-content\/uploads\/2022\/05\/seremi-tres-1-1_optimized-705x411.jpg 705w, https:\/\/radiorevelacionfm.cl\/wp-content\/uploads\/2022\/05\/seremi-tres-1-1_optimized-600x350.jpg 600w\" sizes=\"(max-width: 1028px) 100vw, 1028px\" \/><\/div><\/div><\/div><\/div><div class=\"flex_column av_one_full  flex_column_div av-zero-column-padding first  avia-builder-el-2  el_after_av_one_full  el_before_av_one_full  column-top-margin\" style='border-radius:0px; '><section class=\"av_textblock_section \"  itemscope=\"itemscope\" itemtype=\"https:\/\/schema.org\/BlogPosting\" itemprop=\"blogPost\" ><div class='avia_textblock  '   itemprop=\"text\" ><p style=\"text-align: center;\"><span style=\"font-size: 18pt;\"><strong>MOP y Transportes escuchan y atienden necesidades de vecinas de Balmaceda<\/strong><\/span><\/p>\n<div id=\"gtx-trans\" style=\"position: absolute; left: -50px; top: 4.31534px;\">\n<div class=\"gtx-trans-icon\"><\/div>\n<\/div>\n<\/div><\/section><\/div><div class=\"flex_column av_one_full  flex_column_div av-zero-column-padding first  avia-builder-el-4  el_after_av_one_full  el_before_av_hr  column-top-margin\" style='border-radius:0px; '><section class=\"av_textblock_section \"  itemscope=\"itemscope\" itemtype=\"https:\/\/schema.org\/BlogPosting\" itemprop=\"blogPost\" ><div class='avia_textblock  '   itemprop=\"text\" ><p style=\"text-align: justify;\">El Secretario Regional Ministerial de Obras P\u00fablicas en la regi\u00f3n de Ays\u00e9n, Patricio Sanhueza Ulloa junto a la Secretaria Regional Ministerial de Transportes y Telecomunicaciones Claudia Cantero Delgado se reunieron con vecinas de la localidad de Balmaceda en dependencias de la biblioteca del sector ubicado en la comuna de Coyhaique, con el objetivo de generar una instancia de escucha y conversaci\u00f3n acerca de las necesidades que presentan los vecinos y vecinas.<\/p>\n<p style=\"text-align: justify;\">Al respecto, el SEREMI del MOP Patricio Ulloa destac\u00f3 \u201cestamos muy contentos de cumplir el rol que nos ha encomendado el gobierno de Gabriel Boric de ir a los territorios, escuchar a las personas y sus necesidades y que su aporte guie nuestras acciones. Hemos recibido requerimientos de mantenimiento de caminos y de seguridad vial en la Ruta internacional que pasa por la localidad de Balmaceda, as\u00ed que hemos establecido compromisos con ellas los que vamos a cumplir a la brevedad, y vamos a instalar un reductor de velocidad para mejorar la seguridad de la poblaci\u00f3n y de los ni\u00f1os. Estamos muy contentos de poder dar soluciones r\u00e1pidas y concretas a la comunidad. Nos vamos con algunas tareas en las que trabajaremos con nuestros equipos para impulsar obras que cambien realidades y seguiremos atentos a escuchar las demandas de la comunidad\u201d.<\/p>\n<p style=\"text-align: justify;\">Por su parte, la Seremi de Transportes y Telecomunicaciones Claudia Cantero destac\u00f3 que en la reuni\u00f3n pudieron escuchar algunas consultas y requerimientos de la comunidad. \u201cEn lo que ata\u00f1e a nuestro sector, nos comprometimos con las vecinas a buscar soluciones al transporte escolar de alumnos y alumnas que viajan a Coyhaique a realizar sus estudios. Creemos que esta es una medida importante, que tiene que ver con el arraigo y con la igualdad de acceso a la educaci\u00f3n por la que nos sentimos especialmente llamados por este tema. Tambi\u00e9n, quedamos en estudiar algunas mejoras del actual servicio subvencionado hacia Coyhaique, y respondimos a dudas sobre la implementaci\u00f3n de la Fibra \u00d3ptica Austral y radios comunitarias. Queremos dar mucho \u00e9nfasis a este trabajo en terreno con las comunidades, lo que nos permitir\u00e1 llegar a soluciones que mejoren su calidad de vida\u201d.<\/p>\n<p style=\"text-align: justify;\">Al cierre de la jornada, la presidenta de la Junta de Vecinos de Balmaceda Ang\u00e9lica Cifuentes hizo un balance de la reuni\u00f3n, se\u00f1alando que \u201cquiero agradecer enormemente esta reuni\u00f3n, porque fue una reuni\u00f3n productiva y en donde se pudo aclarar varios puntos importantes para la comunidad, para el progreso de la comunidad de Balmaceda, as\u00ed que quedo enormemente agradecida por todas las noticias buenas que nos trajeron, por los compromisos que asumieron en esta reuni\u00f3n y que se\u00a0 ver\u00e1n reflejados en una pr\u00f3xima reuni\u00f3n\u00a0 ya con cosas m\u00e1s concretas, y bueno m\u00e1s que contenta y feliz porque las autoridades se est\u00e1n acercando a la comunidad estamos armando\u00a0 estas reuniones de gesti\u00f3n que van a ser un bien para todos, as\u00ed que muy feliz y agradecida\u201d.<\/p>\n<\/div><\/section><\/div><div  style='height:50px' class='hr hr-invisible   avia-builder-el-6  el_after_av_one_full  el_before_av_social_share '><span class='hr-inner ' ><span class='hr-inner-style'><\/span><\/span><\/div><\/p>\n<div  class='av-social-sharing-box  avia-builder-el-7  el_after_av_hr  el_before_av_hr  '><div class='av-share-box'><h5 class='av-share-link-description av-no-toc '>Compartir esta noticia<\/h5><ul class='av-share-box-list noLightbox'><li class='av-share-link av-social-link-facebook' ><a target=\"_blank\" aria-label=\"Compartir en Facebook\" href='https:\/\/www.facebook.com\/sharer.php?u=https:\/\/radiorevelacionfm.cl\/?p=16391&#038;t=MOP%20y%20Transportes%20escuchan%20y%20atienden%20necesidades%20de%20vecinas%20de%20Balmaceda' aria-hidden='false' data-av_icon='\ue8f3' data-av_iconfont='entypo-fontello' title='' data-avia-related-tooltip='Compartir en Facebook' rel=\"noopener\"><span class='avia_hidden_link_text'>Compartir en Facebook<\/span><\/a><\/li><li class='av-share-link av-social-link-twitter' ><a target=\"_blank\" aria-label=\"Compartir en Twitter\" href='https:\/\/twitter.com\/share?text=MOP%20y%20Transportes%20escuchan%20y%20atienden%20necesidades%20de%20vecinas%20de%20Balmaceda&#038;url=https:\/\/radiorevelacionfm.cl\/?p=16391' aria-hidden='false' data-av_icon='\ue8f1' data-av_iconfont='entypo-fontello' title='' data-avia-related-tooltip='Compartir en Twitter' rel=\"noopener\"><span class='avia_hidden_link_text'>Compartir en Twitter<\/span><\/a><\/li><li class='av-share-link av-social-link-whatsapp' ><a target=\"_blank\" aria-label=\"Compartir en Whatsapp\" href='https:\/\/api.whatsapp.com\/send?text=https:\/\/radiorevelacionfm.cl\/?p=16391' aria-hidden='false' data-av_icon='\uf232' data-av_iconfont='entypo-fontello' title='' data-avia-related-tooltip='Compartir en Whatsapp' rel=\"noopener\"><span class='avia_hidden_link_text'>Compartir en Whatsapp<\/span><\/a><\/li><li class='av-share-link av-social-link-linkedin' ><a target=\"_blank\" aria-label=\"Compartir en LinkedIn\" href='https:\/\/linkedin.com\/shareArticle?mini=true&#038;title=MOP%20y%20Transportes%20escuchan%20y%20atienden%20necesidades%20de%20vecinas%20de%20Balmaceda&#038;url=https:\/\/radiorevelacionfm.cl\/?p=16391' aria-hidden='false' data-av_icon='\ue8fc' data-av_iconfont='entypo-fontello' title='' data-avia-related-tooltip='Compartir en LinkedIn' rel=\"noopener\"><span class='avia_hidden_link_text'>Compartir en LinkedIn<\/span><\/a><\/li><li class='av-share-link av-social-link-mail' ><a  aria-label=\"Compartir por correo\" href='mailto:?subject=MOP%20y%20Transportes%20escuchan%20y%20atienden%20necesidades%20de%20vecinas%20de%20Balmaceda&#038;body=https:\/\/radiorevelacionfm.cl\/?p=16391' aria-hidden='false' data-av_icon='\ue805' data-av_iconfont='entypo-fontello' title='' data-avia-related-tooltip='Compartir por correo'><span class='avia_hidden_link_text'>Compartir por correo<\/span><\/a><\/li><\/ul><\/div><\/div>\n<div  style='height:50px' class='hr hr-invisible   avia-builder-el-8  el_after_av_social_share  el_before_av_comments_list '><span class='hr-inner ' ><span class='hr-inner-style'><\/span><\/span><\/div>\n<div  class='av-buildercomment  av-blog-meta-html-info-disabled av-blog-meta-tag-disabled  '><\/div>\n","protected":false},"excerpt":{"rendered":"","protected":false},"author":1,"featured_media":16393,"comment_status":"open","ping_status":"open","sticky":false,"template":"","format":"standard","meta":{"footnotes":""},"categories":[35,38,59],"tags":[],"class_list":["post-16391","post","type-post","status-publish","format-standard","has-post-thumbnail","hentry","category-politica","category-regional","category-transporte"],"jetpack_featured_media_url":"https:\/\/radiorevelacionfm.cl\/wp-content\/uploads\/2022\/05\/seremi-tres-1_optimized.jpg","_links":{"self":[{"href":"https:\/\/radiorevelacionfm.cl\/index.php?rest_route=\/wp\/v2\/posts\/16391","targetHints":{"allow":["GET"]}}],"collection":[{"href":"https:\/\/radiorevelacionfm.cl\/index.php?rest_route=\/wp\/v2\/posts"}],"about":[{"href":"https:\/\/radiorevelacionfm.cl\/index.php?rest_route=\/wp\/v2\/types\/post"}],"author":[{"embeddable":true,"href":"https:\/\/radiorevelacionfm.cl\/index.php?rest_route=\/wp\/v2\/users\/1"}],"replies":[{"embeddable":true,"href":"https:\/\/radiorevelacionfm.cl\/index.php?rest_route=%2Fwp%2Fv2%2Fcomments&post=16391"}],"version-history":[{"count":2,"href":"https:\/\/radiorevelacionfm.cl\/index.php?rest_route=\/wp\/v2\/posts\/16391\/revisions"}],"predecessor-version":[{"id":16400,"href":"https:\/\/radiorevelacionfm.cl\/index.php?rest_route=\/wp\/v2\/posts\/16391\/revisions\/16400"}],"wp:featuredmedia":[{"embeddable":true,"href":"https:\/\/radiorevelacionfm.cl\/index.php?rest_route=\/wp\/v2\/media\/16393"}],"wp:attachment":[{"href":"https:\/\/radiorevelacionfm.cl\/index.php?rest_route=%2Fwp%2Fv2%2Fmedia&parent=16391"}],"wp:term":[{"taxonomy":"category","embeddable":true,"href":"https:\/\/radiorevelacionfm.cl\/index.php?rest_route=%2Fwp%2Fv2%2Fcategories&post=16391"},{"taxonomy":"post_tag","embeddable":true,"href":"https:\/\/radiorevelacionfm.cl\/index.php?rest_route=%2Fwp%2Fv2%2Ftags&post=16391"}],"curies":[{"name":"wp","href":"https:\/\/api.w.org\/{rel}","templated":true}]}}