{"id":16388,"date":"2022-05-02T16:35:58","date_gmt":"2022-05-02T19:35:58","guid":{"rendered":"https:\/\/radiorevelacionfm.cl\/?p=16388"},"modified":"2022-05-02T16:35:58","modified_gmt":"2022-05-02T19:35:58","slug":"seremi-de-economia-queremos-apoyar-y-orientar-a-las-personas-que-tiene-deudas-a-traves-de-la-oficina-de-la-superir","status":"publish","type":"post","link":"https:\/\/radiorevelacionfm.cl\/?p=16388","title":{"rendered":"Seremi de Econom\u00eda: \u00abQueremos apoyar y orientar a las personas que tiene deudas a trav\u00e9s de la oficina de la Superir\u00bb."},"content":{"rendered":"<div class=\"flex_column av_one_full  flex_column_div av-zero-column-padding first  avia-builder-el-0  el_before_av_one_full  avia-builder-el-first  \" style='border-radius:0px; '><div  class='avia-image-container  av-styling-    avia-builder-el-1  avia-builder-el-no-sibling  avia-align-center '  itemprop=\"image\" itemscope=\"itemscope\" itemtype=\"https:\/\/schema.org\/ImageObject\"  ><div class='avia-image-container-inner'><div class='avia-image-overlay-wrap'><img decoding=\"async\" class='wp-image-16389 avia-img-lazy-loading-not-16389 avia_image' src=\"https:\/\/radiorevelacionfm.cl\/wp-content\/uploads\/2022\/05\/REUNION-BILATERAL-SEREMI-DE-ECONOMIA-SUPERIR-1-1.jpg\" alt='' title='REUNI\u00d3N BILATERAL SEREMI DE ECONOMIA SUPERIR (1) (1)' height=\"600\" width=\"1171\"  itemprop=\"thumbnailUrl\" srcset=\"https:\/\/radiorevelacionfm.cl\/wp-content\/uploads\/2022\/05\/REUNION-BILATERAL-SEREMI-DE-ECONOMIA-SUPERIR-1-1.jpg 1171w, https:\/\/radiorevelacionfm.cl\/wp-content\/uploads\/2022\/05\/REUNION-BILATERAL-SEREMI-DE-ECONOMIA-SUPERIR-1-1-300x154.jpg 300w, https:\/\/radiorevelacionfm.cl\/wp-content\/uploads\/2022\/05\/REUNION-BILATERAL-SEREMI-DE-ECONOMIA-SUPERIR-1-1-1030x528.jpg 1030w, https:\/\/radiorevelacionfm.cl\/wp-content\/uploads\/2022\/05\/REUNION-BILATERAL-SEREMI-DE-ECONOMIA-SUPERIR-1-1-768x394.jpg 768w, https:\/\/radiorevelacionfm.cl\/wp-content\/uploads\/2022\/05\/REUNION-BILATERAL-SEREMI-DE-ECONOMIA-SUPERIR-1-1-705x361.jpg 705w, https:\/\/radiorevelacionfm.cl\/wp-content\/uploads\/2022\/05\/REUNION-BILATERAL-SEREMI-DE-ECONOMIA-SUPERIR-1-1-600x307.jpg 600w\" sizes=\"(max-width: 1171px) 100vw, 1171px\" \/><\/div><\/div><\/div><\/div><div class=\"flex_column av_one_full  flex_column_div av-zero-column-padding first  avia-builder-el-2  el_after_av_one_full  el_before_av_one_full  column-top-margin\" style='border-radius:0px; '><section class=\"av_textblock_section \"  itemscope=\"itemscope\" itemtype=\"https:\/\/schema.org\/BlogPosting\" itemprop=\"blogPost\" ><div class='avia_textblock  '   itemprop=\"text\" ><p style=\"text-align: center;\"><span style=\"font-size: 18pt;\"><b>Seremi de Econom\u00eda: \u00abQueremos apoyar y orientar a las personas que tiene deudas a trav\u00e9s de la oficina de la Superir\u00bb.<\/b><\/span><\/p>\n<div id=\"gtx-trans\" style=\"position: absolute; left: -50px; top: 4.31534px;\">\n<div class=\"gtx-trans-icon\"><\/div>\n<\/div>\n<\/div><\/section><\/div><div class=\"flex_column av_one_full  flex_column_div av-zero-column-padding first  avia-builder-el-4  el_after_av_one_full  el_before_av_hr  column-top-margin\" style='border-radius:0px; '><section class=\"av_textblock_section \"  itemscope=\"itemscope\" itemtype=\"https:\/\/schema.org\/BlogPosting\" itemprop=\"blogPost\" ><div class='avia_textblock  '   itemprop=\"text\" ><p class=\"v1MsoNormal\" style=\"text-align: justify;\">En el contexto de la reuni\u00f3n bilateral que la Seremi de Econom\u00eda Rosa Machac\u00e1n sostuvo con la Coordinadora regional de la Superir Ver\u00f3nica Garc\u00eda, se defini\u00f3 realizar un proceso de difusi\u00f3n sobre las acciones que realiza este servicio que pertenece al Ministerio de Econom\u00eda en la regi\u00f3n y que permitir\u00e1 asistir, orientar y atender a aquellas personas que tengan problemas de insolvencia econ\u00f3mica y que se acojan a la Ley 20.720.<\/p>\n<p class=\"v1MsoNormal\" style=\"text-align: justify;\">Dicha ley permite entre otras cosas la renegociaci\u00f3n de personas con deudas, as\u00ed como tambi\u00e9n la liquidaci\u00f3n de bienes de personas y en el caso de las empresas la reorganizaci\u00f3n y liquidaci\u00f3n de estas.<\/p>\n<p class=\"v1MsoNormal\" style=\"text-align: justify;\">Al respecto la Seremi de Econom\u00eda Rosa Machac\u00e1n sostuvo que\u00a0<a name=\"_Hlk101970236\"><\/a>\u00abQueremos dar a conocer este servicio de orientaci\u00f3n y apoyo a las personas que se encuentran en problema de deudas y pagos, lo que se ha incrementado especialmente en pandemia. Es por ello que la Superintendencia de Insolvencia y Reemprendimiento pone a disposici\u00f3n una profesional abogada que atiende en nuestras oficinas ubicadas en calle 21 de mayo 885 en Coyhaique\u00bb.<\/p>\n<p class=\"v1MsoNormal\" style=\"text-align: justify;\">La titular de la cartera en la regi\u00f3n agreg\u00f3 que \u00abhacemos una invitaci\u00f3n especialmente a todas aquellas personas que tienen esta calidad de deudores ya sea con casas comerciales, bancos y otras empresas o instituciones a que se acerquen a nuestras oficinas para atender su caso y ver c\u00f3mo se pueden orientar y acompa\u00f1ar con asesor\u00eda para aliviar en parte esta complicada situaci\u00f3n que sobre todo en pandemia ha sido m\u00e1s agravada por m\u00faltiples factores\u00bb.<\/p>\n<p class=\"v1MsoNormal\" style=\"text-align: justify;\">Por su parte Ver\u00f3nica Garc\u00eda, coordinadora regional de la Superir en la regi\u00f3n, indic\u00f3\u00a0<a name=\"_Hlk101969976\"><\/a>que \u00abhacemos un llamado a las personas que tienen deudas impagas a que se anticipen y se acerquen a nuestras oficinas con el objetivo de informarse de las posibilidades que tienen para renegociar sus obligaciones y as\u00ed evitar una crisis mayor\u00bb.<\/p>\n<p class=\"v1MsoNormal\" style=\"text-align: justify;\">En el caso de la regi\u00f3n de Ays\u00e9n la oficina de atenci\u00f3n de personas se encuentra ubicado en la Seremi de Econom\u00eda de Coyhaique en calle 21 de mayo 885 con horario de atenci\u00f3n de 8:30 a 17:30 hrs.<\/p>\n<\/div><\/section><\/div><div  style='height:50px' class='hr hr-invisible   avia-builder-el-6  el_after_av_one_full  el_before_av_social_share '><span class='hr-inner ' ><span class='hr-inner-style'><\/span><\/span><\/div><\/p>\n<div  class='av-social-sharing-box  avia-builder-el-7  el_after_av_hr  el_before_av_hr  '><div class='av-share-box'><h5 class='av-share-link-description av-no-toc '>Compartir esta noticia<\/h5><ul class='av-share-box-list noLightbox'><li class='av-share-link av-social-link-facebook' ><a target=\"_blank\" aria-label=\"Compartir en Facebook\" href='https:\/\/www.facebook.com\/sharer.php?u=https:\/\/radiorevelacionfm.cl\/?p=16388&#038;t=Seremi%20de%20Econom%C3%ADa%3A%20%C2%ABQueremos%20apoyar%20y%20orientar%20a%20las%20personas%20que%20tiene%20deudas%20a%20trav%C3%A9s%20de%20la%20oficina%20de%20la%20Superir%C2%BB.' aria-hidden='false' data-av_icon='\ue8f3' data-av_iconfont='entypo-fontello' title='' data-avia-related-tooltip='Compartir en Facebook' rel=\"noopener\"><span class='avia_hidden_link_text'>Compartir en Facebook<\/span><\/a><\/li><li class='av-share-link av-social-link-twitter' ><a target=\"_blank\" aria-label=\"Compartir en Twitter\" href='https:\/\/twitter.com\/share?text=Seremi%20de%20Econom%C3%ADa%3A%20%C2%ABQueremos%20apoyar%20y%20orientar%20a%20las%20personas%20que%20tiene%20deudas%20a%20trav%C3%A9s%20de%20la%20oficina%20de%20la%20Superir%C2%BB.&#038;url=https:\/\/radiorevelacionfm.cl\/?p=16388' aria-hidden='false' data-av_icon='\ue8f1' data-av_iconfont='entypo-fontello' title='' data-avia-related-tooltip='Compartir en Twitter' rel=\"noopener\"><span class='avia_hidden_link_text'>Compartir en Twitter<\/span><\/a><\/li><li class='av-share-link av-social-link-whatsapp' ><a target=\"_blank\" aria-label=\"Compartir en Whatsapp\" href='https:\/\/api.whatsapp.com\/send?text=https:\/\/radiorevelacionfm.cl\/?p=16388' aria-hidden='false' data-av_icon='\uf232' data-av_iconfont='entypo-fontello' title='' data-avia-related-tooltip='Compartir en Whatsapp' rel=\"noopener\"><span class='avia_hidden_link_text'>Compartir en Whatsapp<\/span><\/a><\/li><li class='av-share-link av-social-link-linkedin' ><a target=\"_blank\" aria-label=\"Compartir en LinkedIn\" href='https:\/\/linkedin.com\/shareArticle?mini=true&#038;title=Seremi%20de%20Econom%C3%ADa%3A%20%C2%ABQueremos%20apoyar%20y%20orientar%20a%20las%20personas%20que%20tiene%20deudas%20a%20trav%C3%A9s%20de%20la%20oficina%20de%20la%20Superir%C2%BB.&#038;url=https:\/\/radiorevelacionfm.cl\/?p=16388' aria-hidden='false' data-av_icon='\ue8fc' data-av_iconfont='entypo-fontello' title='' data-avia-related-tooltip='Compartir en LinkedIn' rel=\"noopener\"><span class='avia_hidden_link_text'>Compartir en LinkedIn<\/span><\/a><\/li><li class='av-share-link av-social-link-mail' ><a  aria-label=\"Compartir por correo\" href='mailto:?subject=Seremi%20de%20Econom%C3%ADa%3A%20%C2%ABQueremos%20apoyar%20y%20orientar%20a%20las%20personas%20que%20tiene%20deudas%20a%20trav%C3%A9s%20de%20la%20oficina%20de%20la%20Superir%C2%BB.&#038;body=https:\/\/radiorevelacionfm.cl\/?p=16388' aria-hidden='false' data-av_icon='\ue805' data-av_iconfont='entypo-fontello' title='' data-avia-related-tooltip='Compartir por correo'><span class='avia_hidden_link_text'>Compartir por correo<\/span><\/a><\/li><\/ul><\/div><\/div>\n<div  style='height:50px' class='hr hr-invisible   avia-builder-el-8  el_after_av_social_share  el_before_av_comments_list '><span class='hr-inner ' ><span class='hr-inner-style'><\/span><\/span><\/div>\n<div  class='av-buildercomment  av-blog-meta-html-info-disabled av-blog-meta-tag-disabled  '><\/div>\n","protected":false},"excerpt":{"rendered":"","protected":false},"author":1,"featured_media":16389,"comment_status":"open","ping_status":"open","sticky":false,"template":"","format":"standard","meta":{"footnotes":""},"categories":[37,38],"tags":[],"class_list":["post-16388","post","type-post","status-publish","format-standard","has-post-thumbnail","hentry","category-economia","category-regional"],"jetpack_featured_media_url":"https:\/\/radiorevelacionfm.cl\/wp-content\/uploads\/2022\/05\/REUNION-BILATERAL-SEREMI-DE-ECONOMIA-SUPERIR-1-1.jpg","_links":{"self":[{"href":"https:\/\/radiorevelacionfm.cl\/index.php?rest_route=\/wp\/v2\/posts\/16388","targetHints":{"allow":["GET"]}}],"collection":[{"href":"https:\/\/radiorevelacionfm.cl\/index.php?rest_route=\/wp\/v2\/posts"}],"about":[{"href":"https:\/\/radiorevelacionfm.cl\/index.php?rest_route=\/wp\/v2\/types\/post"}],"author":[{"embeddable":true,"href":"https:\/\/radiorevelacionfm.cl\/index.php?rest_route=\/wp\/v2\/users\/1"}],"replies":[{"embeddable":true,"href":"https:\/\/radiorevelacionfm.cl\/index.php?rest_route=%2Fwp%2Fv2%2Fcomments&post=16388"}],"version-history":[{"count":2,"href":"https:\/\/radiorevelacionfm.cl\/index.php?rest_route=\/wp\/v2\/posts\/16388\/revisions"}],"predecessor-version":[{"id":16396,"href":"https:\/\/radiorevelacionfm.cl\/index.php?rest_route=\/wp\/v2\/posts\/16388\/revisions\/16396"}],"wp:featuredmedia":[{"embeddable":true,"href":"https:\/\/radiorevelacionfm.cl\/index.php?rest_route=\/wp\/v2\/media\/16389"}],"wp:attachment":[{"href":"https:\/\/radiorevelacionfm.cl\/index.php?rest_route=%2Fwp%2Fv2%2Fmedia&parent=16388"}],"wp:term":[{"taxonomy":"category","embeddable":true,"href":"https:\/\/radiorevelacionfm.cl\/index.php?rest_route=%2Fwp%2Fv2%2Fcategories&post=16388"},{"taxonomy":"post_tag","embeddable":true,"href":"https:\/\/radiorevelacionfm.cl\/index.php?rest_route=%2Fwp%2Fv2%2Ftags&post=16388"}],"curies":[{"name":"wp","href":"https:\/\/api.w.org\/{rel}","templated":true}]}}