{"id":16382,"date":"2022-05-02T14:23:13","date_gmt":"2022-05-02T17:23:13","guid":{"rendered":"https:\/\/radiorevelacionfm.cl\/?p=16382"},"modified":"2022-05-02T14:23:13","modified_gmt":"2022-05-02T17:23:13","slug":"delegado-presidencial-regional-rodrigo-araya-destaco-agenda-conjunta-de-trabajo-digno","status":"publish","type":"post","link":"https:\/\/radiorevelacionfm.cl\/?p=16382","title":{"rendered":"Delegado Presidencial Regional Rodrigo Araya  destac\u00f3 agenda conjunta de trabajo digno"},"content":{"rendered":"<div class=\"flex_column av_one_full  flex_column_div av-zero-column-padding first  avia-builder-el-0  el_before_av_one_full  avia-builder-el-first  \" style='border-radius:0px; '><div  class='avia-image-container  av-styling-    avia-builder-el-1  avia-builder-el-no-sibling  avia-align-center '  itemprop=\"image\" itemscope=\"itemscope\" itemtype=\"https:\/\/schema.org\/ImageObject\"  ><div class='avia-image-container-inner'><div class='avia-image-overlay-wrap'><img decoding=\"async\" class='wp-image-16383 avia-img-lazy-loading-not-16383 avia_image' src=\"https:\/\/radiorevelacionfm.cl\/wp-content\/uploads\/2022\/05\/whatsapp-image-2022-05-01-at-1_optimized.02.55-pm-2-1-1.jpeg\" alt='' title='whatsapp-image-2022-05-01-at-1_optimized.02.55-pm-(2)-(1)-(1)' height=\"600\" width=\"901\"  itemprop=\"thumbnailUrl\" srcset=\"https:\/\/radiorevelacionfm.cl\/wp-content\/uploads\/2022\/05\/whatsapp-image-2022-05-01-at-1_optimized.02.55-pm-2-1-1.jpeg 901w, https:\/\/radiorevelacionfm.cl\/wp-content\/uploads\/2022\/05\/whatsapp-image-2022-05-01-at-1_optimized.02.55-pm-2-1-1-300x200.jpeg 300w, https:\/\/radiorevelacionfm.cl\/wp-content\/uploads\/2022\/05\/whatsapp-image-2022-05-01-at-1_optimized.02.55-pm-2-1-1-768x511.jpeg 768w, https:\/\/radiorevelacionfm.cl\/wp-content\/uploads\/2022\/05\/whatsapp-image-2022-05-01-at-1_optimized.02.55-pm-2-1-1-705x469.jpeg 705w, https:\/\/radiorevelacionfm.cl\/wp-content\/uploads\/2022\/05\/whatsapp-image-2022-05-01-at-1_optimized.02.55-pm-2-1-1-600x400.jpeg 600w\" sizes=\"(max-width: 901px) 100vw, 901px\" \/><\/div><\/div><\/div><\/div><div class=\"flex_column av_one_full  flex_column_div av-zero-column-padding first  avia-builder-el-2  el_after_av_one_full  el_before_av_one_full  column-top-margin\" style='border-radius:0px; '><section class=\"av_textblock_section \"  itemscope=\"itemscope\" itemtype=\"https:\/\/schema.org\/BlogPosting\" itemprop=\"blogPost\" ><div class='avia_textblock  '   itemprop=\"text\" ><p style=\"font-weight: 400; text-align: center;\"><span style=\"font-size: 18pt;\"><strong>Delegado Presidencial Regional Rodrigo Araya\u00a0<\/strong><strong>destac\u00f3 agenda conjunta de trabajo digno<\/strong><\/span><\/p>\n<div id=\"gtx-trans\" style=\"position: absolute; left: -50px; top: 4.31534px;\">\n<div class=\"gtx-trans-icon\"><\/div>\n<\/div>\n<\/div><\/section><\/div><div class=\"flex_column av_one_full  flex_column_div av-zero-column-padding first  avia-builder-el-4  el_after_av_one_full  el_before_av_hr  column-top-margin\" style='border-radius:0px; '><section class=\"av_textblock_section \"  itemscope=\"itemscope\" itemtype=\"https:\/\/schema.org\/BlogPosting\" itemprop=\"blogPost\" ><div class='avia_textblock  '   itemprop=\"text\" ><p style=\"font-weight: 400; text-align: justify;\">El fortalecimiento de una agenda conjunta de trabajo digno, impulsada por el gobierno para mejorar las condiciones laborales en todo el pa\u00eds, destac\u00f3 el Delegado Presidencial Regional, Rodrigo Araya Morales, en el D\u00eda Internacional de las y los trabajadores.<\/p>\n<p style=\"font-weight: 400; text-align: justify;\">Junto con participar acompa\u00f1ado por parte importante del gabinete regional en el acto realizado este domingo por la Central Unitaria de Trabajadores (CUT) en el Liceo Ricardo Navarrete Barr\u00eda en Coyhaique, Rodrigo Araya resalt\u00f3 la importancia estrat\u00e9gica del trabajo como elemento consustancial a la dignidad humana y como v\u00eda para avanzar hacia una sociedad que ponga en el centro la sostenibilidad de la vida.<\/p>\n<p style=\"font-weight: 400; text-align: justify;\">Entre las acciones destac\u00f3 el acuerdo alcanzado por las carteras de Hacienda, Trabajo y Econom\u00eda con la CUT, para aumentar el sueldo m\u00ednimo en un 14,3% -el reajuste m\u00e1s alto en 29 a\u00f1os-, calific\u00e1ndolo como un paso adelante para que al final del mandato del Presidente Boric se llegue a los $500 mil de salario m\u00ednimo.<\/p>\n<p style=\"font-weight: 400; text-align: justify;\">\u201cCelebramos el acuerdo que acabamos de alcanzar con respecto a la mejora del sueldo m\u00ednimo, por lo tanto, esto tambi\u00e9n es muy significativo para nosotros, nos abre un camino de trabajo en coordinaci\u00f3n, en conversaciones, viendo las diferencias, llegando a acuerdos, y esa es la apuesta de este gobierno, muy dialogante con los trabajadores\u201d, destac\u00f3.<\/p>\n<p style=\"font-weight: 400; text-align: justify;\">El presidente de la CUT, Mauricio Mu\u00f1oz Gatica, valor\u00f3 el acuerdo que permitir\u00e1 alcanzar 400 mil pesos en agosto pr\u00f3ximo, indicando que \u201cel sindicalismo, seguir\u00e1 caminando, para un salario m\u00ednimo que cruce la l\u00ednea de la pobreza. Hay que dar este gran salto, en forma urgente, llegar con esta pol\u00edtica salarial, a los cientos de compa\u00f1eros y compa\u00f1eras. Somos la contraparte del gobierno y nuestra lucha es y ser\u00e1 por defender principios, por reparar y reivindicar derechos\u201d.<\/p>\n<p style=\"font-weight: 400; text-align: justify;\">En cuanto a las acciones ante el alza del costo de la vida, Rodrigo Araya detall\u00f3 la Reforma Tributaria para generar ingresos permanentes; Canasta B\u00e1sica Protegida, para que los 80 productos fundamentales no tengan un costo mayor del actual; 40 horas, con una mesa t\u00e9cnica de trabajo, para considerar dise\u00f1o y gradualidad, con todos los actores involucrados en la rebaja de la jornada laboral y flexibilidad a los requisitos de ingreso al Seguro de Desempleo, mediante un proyecto de ley.<\/p>\n<p style=\"font-weight: 400; text-align: justify;\">Del mismo modo, el proceso para ratificaci\u00f3n del acuerdo 190 de la OIT, para tener un espacio de trabajo libre de violencia sexual; los di\u00e1logos por pensiones dignas, con representantes de los trabajadores, del empresariado y del Gobierno, para la reconstrucci\u00f3n hacia un nuevo sistema de seguridad social; y el compromiso con la libertad sindical y la negociaci\u00f3n por rama, para proteger derechos y herramientas de negociaci\u00f3n de trabajadoras y trabajadores.<\/p>\n<\/div><\/section><\/div><div  style='height:50px' class='hr hr-invisible   avia-builder-el-6  el_after_av_one_full  el_before_av_social_share '><span class='hr-inner ' ><span class='hr-inner-style'><\/span><\/span><\/div><\/p>\n<div  class='av-social-sharing-box  avia-builder-el-7  el_after_av_hr  el_before_av_hr  '><div class='av-share-box'><h5 class='av-share-link-description av-no-toc '>Compartir esta noticia<\/h5><ul class='av-share-box-list noLightbox'><li class='av-share-link av-social-link-facebook' ><a target=\"_blank\" aria-label=\"Compartir en Facebook\" href='https:\/\/www.facebook.com\/sharer.php?u=https:\/\/radiorevelacionfm.cl\/?p=16382&#038;t=Delegado%20Presidencial%20Regional%20Rodrigo%20Araya%20%20destac%C3%B3%20agenda%20conjunta%20de%20trabajo%20digno' aria-hidden='false' data-av_icon='\ue8f3' data-av_iconfont='entypo-fontello' title='' data-avia-related-tooltip='Compartir en Facebook' rel=\"noopener\"><span class='avia_hidden_link_text'>Compartir en Facebook<\/span><\/a><\/li><li class='av-share-link av-social-link-twitter' ><a target=\"_blank\" aria-label=\"Compartir en Twitter\" href='https:\/\/twitter.com\/share?text=Delegado%20Presidencial%20Regional%20Rodrigo%20Araya%20%20destac%C3%B3%20agenda%20conjunta%20de%20trabajo%20digno&#038;url=https:\/\/radiorevelacionfm.cl\/?p=16382' aria-hidden='false' data-av_icon='\ue8f1' data-av_iconfont='entypo-fontello' title='' data-avia-related-tooltip='Compartir en Twitter' rel=\"noopener\"><span class='avia_hidden_link_text'>Compartir en Twitter<\/span><\/a><\/li><li class='av-share-link av-social-link-whatsapp' ><a target=\"_blank\" aria-label=\"Compartir en Whatsapp\" href='https:\/\/api.whatsapp.com\/send?text=https:\/\/radiorevelacionfm.cl\/?p=16382' aria-hidden='false' data-av_icon='\uf232' data-av_iconfont='entypo-fontello' title='' data-avia-related-tooltip='Compartir en Whatsapp' rel=\"noopener\"><span class='avia_hidden_link_text'>Compartir en Whatsapp<\/span><\/a><\/li><li class='av-share-link av-social-link-linkedin' ><a target=\"_blank\" aria-label=\"Compartir en LinkedIn\" href='https:\/\/linkedin.com\/shareArticle?mini=true&#038;title=Delegado%20Presidencial%20Regional%20Rodrigo%20Araya%20%20destac%C3%B3%20agenda%20conjunta%20de%20trabajo%20digno&#038;url=https:\/\/radiorevelacionfm.cl\/?p=16382' aria-hidden='false' data-av_icon='\ue8fc' data-av_iconfont='entypo-fontello' title='' data-avia-related-tooltip='Compartir en LinkedIn' rel=\"noopener\"><span class='avia_hidden_link_text'>Compartir en LinkedIn<\/span><\/a><\/li><li class='av-share-link av-social-link-mail' ><a  aria-label=\"Compartir por correo\" href='mailto:?subject=Delegado%20Presidencial%20Regional%20Rodrigo%20Araya%20%20destac%C3%B3%20agenda%20conjunta%20de%20trabajo%20digno&#038;body=https:\/\/radiorevelacionfm.cl\/?p=16382' aria-hidden='false' data-av_icon='\ue805' data-av_iconfont='entypo-fontello' title='' data-avia-related-tooltip='Compartir por correo'><span class='avia_hidden_link_text'>Compartir por correo<\/span><\/a><\/li><\/ul><\/div><\/div>\n<div  style='height:50px' class='hr hr-invisible   avia-builder-el-8  el_after_av_social_share  el_before_av_comments_list '><span class='hr-inner ' ><span class='hr-inner-style'><\/span><\/span><\/div>\n<div  class='av-buildercomment  av-blog-meta-html-info-disabled av-blog-meta-tag-disabled  '><\/div>\n","protected":false},"excerpt":{"rendered":"","protected":false},"author":1,"featured_media":16383,"comment_status":"open","ping_status":"open","sticky":false,"template":"","format":"standard","meta":{"footnotes":""},"categories":[35,38],"tags":[],"class_list":["post-16382","post","type-post","status-publish","format-standard","has-post-thumbnail","hentry","category-politica","category-regional"],"jetpack_featured_media_url":"https:\/\/radiorevelacionfm.cl\/wp-content\/uploads\/2022\/05\/whatsapp-image-2022-05-01-at-1_optimized.02.55-pm-2-1-1.jpeg","_links":{"self":[{"href":"https:\/\/radiorevelacionfm.cl\/index.php?rest_route=\/wp\/v2\/posts\/16382","targetHints":{"allow":["GET"]}}],"collection":[{"href":"https:\/\/radiorevelacionfm.cl\/index.php?rest_route=\/wp\/v2\/posts"}],"about":[{"href":"https:\/\/radiorevelacionfm.cl\/index.php?rest_route=\/wp\/v2\/types\/post"}],"author":[{"embeddable":true,"href":"https:\/\/radiorevelacionfm.cl\/index.php?rest_route=\/wp\/v2\/users\/1"}],"replies":[{"embeddable":true,"href":"https:\/\/radiorevelacionfm.cl\/index.php?rest_route=%2Fwp%2Fv2%2Fcomments&post=16382"}],"version-history":[{"count":2,"href":"https:\/\/radiorevelacionfm.cl\/index.php?rest_route=\/wp\/v2\/posts\/16382\/revisions"}],"predecessor-version":[{"id":16395,"href":"https:\/\/radiorevelacionfm.cl\/index.php?rest_route=\/wp\/v2\/posts\/16382\/revisions\/16395"}],"wp:featuredmedia":[{"embeddable":true,"href":"https:\/\/radiorevelacionfm.cl\/index.php?rest_route=\/wp\/v2\/media\/16383"}],"wp:attachment":[{"href":"https:\/\/radiorevelacionfm.cl\/index.php?rest_route=%2Fwp%2Fv2%2Fmedia&parent=16382"}],"wp:term":[{"taxonomy":"category","embeddable":true,"href":"https:\/\/radiorevelacionfm.cl\/index.php?rest_route=%2Fwp%2Fv2%2Fcategories&post=16382"},{"taxonomy":"post_tag","embeddable":true,"href":"https:\/\/radiorevelacionfm.cl\/index.php?rest_route=%2Fwp%2Fv2%2Ftags&post=16382"}],"curies":[{"name":"wp","href":"https:\/\/api.w.org\/{rel}","templated":true}]}}