{"id":16379,"date":"2022-05-02T13:18:31","date_gmt":"2022-05-02T16:18:31","guid":{"rendered":"https:\/\/radiorevelacionfm.cl\/?p=16379"},"modified":"2022-05-02T13:18:31","modified_gmt":"2022-05-02T16:18:31","slug":"subsecretario-de-transportes-recogio-inquietudes-de-autoridades-comunales-del-litoral-de-aysen","status":"publish","type":"post","link":"https:\/\/radiorevelacionfm.cl\/?p=16379","title":{"rendered":"Subsecretario de Transportes recogi\u00f3 inquietudes de  autoridades comunales del litoral de Ays\u00e9n"},"content":{"rendered":"<div class=\"flex_column av_one_full  flex_column_div av-zero-column-padding first  avia-builder-el-0  el_before_av_one_full  avia-builder-el-first  \" style='border-radius:0px; '><div  class='avia-image-container  av-styling-    avia-builder-el-1  avia-builder-el-no-sibling  avia-align-center '  itemprop=\"image\" itemscope=\"itemscope\" itemtype=\"https:\/\/schema.org\/ImageObject\"  ><div class='avia-image-container-inner'><div class='avia-image-overlay-wrap'><img decoding=\"async\" class='wp-image-16380 avia-img-lazy-loading-not-16380 avia_image' src=\"https:\/\/radiorevelacionfm.cl\/wp-content\/uploads\/2022\/05\/Subse-Aysen-13-1-1.jpg\" alt='' title='Subse Ays\u00e9n (13) (1) (1)' height=\"600\" width=\"800\"  itemprop=\"thumbnailUrl\" srcset=\"https:\/\/radiorevelacionfm.cl\/wp-content\/uploads\/2022\/05\/Subse-Aysen-13-1-1.jpg 800w, https:\/\/radiorevelacionfm.cl\/wp-content\/uploads\/2022\/05\/Subse-Aysen-13-1-1-300x225.jpg 300w, https:\/\/radiorevelacionfm.cl\/wp-content\/uploads\/2022\/05\/Subse-Aysen-13-1-1-768x576.jpg 768w, https:\/\/radiorevelacionfm.cl\/wp-content\/uploads\/2022\/05\/Subse-Aysen-13-1-1-705x529.jpg 705w, https:\/\/radiorevelacionfm.cl\/wp-content\/uploads\/2022\/05\/Subse-Aysen-13-1-1-600x450.jpg 600w\" sizes=\"(max-width: 800px) 100vw, 800px\" \/><\/div><\/div><\/div><\/div><div class=\"flex_column av_one_full  flex_column_div av-zero-column-padding first  avia-builder-el-2  el_after_av_one_full  el_before_av_one_full  column-top-margin\" style='border-radius:0px; '><section class=\"av_textblock_section \"  itemscope=\"itemscope\" itemtype=\"https:\/\/schema.org\/BlogPosting\" itemprop=\"blogPost\" ><div class='avia_textblock  '   itemprop=\"text\" ><p style=\"font-weight: 400; text-align: center;\"><span style=\"font-size: 18pt;\"><strong>Subsecretario de Transportes recogi\u00f3 inquietudes de\u00a0<\/strong><strong>autoridades comunales del litoral de Ays\u00e9n<\/strong><\/span><\/p>\n<div id=\"gtx-trans\" style=\"position: absolute; left: -50px; top: 4.31534px;\">\n<div class=\"gtx-trans-icon\"><\/div>\n<\/div>\n<\/div><\/section><\/div><div class=\"flex_column av_one_full  flex_column_div av-zero-column-padding first  avia-builder-el-4  el_after_av_one_full  el_before_av_hr  column-top-margin\" style='border-radius:0px; '><section class=\"av_textblock_section \"  itemscope=\"itemscope\" itemtype=\"https:\/\/schema.org\/BlogPosting\" itemprop=\"blogPost\" ><div class='avia_textblock  '   itemprop=\"text\" ><p style=\"text-align: justify;\">Junto con su visita a Chile Chico, el subsecretario Crist\u00f3bal Pineda tambi\u00e9n realiz\u00f3 una ronda de reuniones con autoridades regionales y comunales de la regi\u00f3n, con el dar a conocer los lineamientos del Gobierno en torno a la conectividad y el transporte, y tambi\u00e9n indagar en las necesidades presentes en Ays\u00e9n.<\/p>\n<p style=\"text-align: justify;\">Entre \u00e9stas instancias, destac\u00f3 el encuentro que sostuvo Pineda con los gobiernos comunales de la zona litoral de Ays\u00e9n, en donde estuvieron presentes los alcaldes Julio Uribe, de Ays\u00e9n, Francisco Roncagliolo, de Cisnes y en forma tel\u00e9matica Marcos Silva, de Las Guaitecas. A esta reuni\u00f3n tambi\u00e9n se sumaron el delegado presidencial provincial de Ays\u00e9n Jorge Salfate, la seremiTT Claudia Cantero y profesionales de apoyo del ministerio de Transportes y Telecomunicaciones (MTT).<\/p>\n<p style=\"text-align: justify;\">Dentro de los temas abordados destac\u00f3 la conexi\u00f3n mar\u00edtima de Ays\u00e9n con la Regi\u00f3n de Los Lagos, v\u00eda que ha adquirido importancia no s\u00f3lo desde el punto de vista log\u00edstico del abastecimiento, sino tambi\u00e9n para el tr\u00e1nsito de personas y motor de actividades comerciales y tur\u00edsticas. El subsecretario tambi\u00e9n se refiri\u00f3 al desarrollo de Planes de Gesti\u00f3n de Tr\u00e1nsito que se est\u00e1n ejecutando en las tres comunas del litoral y el avance de los dise\u00f1os de Terminales de Buses para Puerto Ays\u00e9n, La Junta y Puerto Cisnes, ambas iniciativas impulsadas por el MTT.<\/p>\n<p style=\"text-align: justify;\">Un punto contingente que se toc\u00f3 fue la del transporte p\u00fablico, que ha sido objeto de cr\u00edticas por parte de los usuarios. \u201cEn principio lo que nosotros vinimos a hacer es abrir ciertos caminos con las autoridades locales pero tambi\u00e9n con la comunidad para avanzar en una mayor regulaci\u00f3n del transporte p\u00fablico. Lo que nos preocupa es que tenemos regiones en donde no hay ning\u00fan sistema regulado de transporte p\u00fablico y nosotros tenemos muy pocas atribuciones y facultades para fiscalizar y nos gustar\u00eda avanzar en ello\u201d, declar\u00f3 Pineda<\/p>\n<p style=\"text-align: justify;\">Desde la provincia, el delegado Salfate a\u00f1adi\u00f3 que \u201chay cambios y avances propios que se est\u00e1n realizando en nuestra provincia y como regi\u00f3n. Esto tiene que quedar contemplado en los proyectos y, agradecemos muchos la instancia de venir a la Delegaci\u00f3n Provincial a conversar estos temas, y llevarse de primera fuente una opini\u00f3n v\u00e1lida, que es la opini\u00f3n de las localidades, y es muy importante que se nos escuche porque si se nos escucha se van hacer mejor las cosas\u201d.<\/p>\n<p style=\"text-align: justify;\">En representaci\u00f3n de las comunas, el alcalde Roncagliolo se refiri\u00f3 en espec\u00edfico a la conectividad mar\u00edtima y la necesidad de establecer un trabajo conjunto con la regi\u00f3n de Los Lagos: \u201cEs un desaf\u00edo que hemos tenido hist\u00f3ricamente como Regi\u00f3n de Ays\u00e9n, a nosotros nos afecta en forma directa porque somos la puerta de entrada norte a la regi\u00f3n v\u00eda mar\u00edtima por lo tanto las decisiones que se puedan tomar en ese sentido van a aportar a que la regi\u00f3n siga creciendo. Lo mismo con un subsidio de cargas peligrosas como el combustible y el gas que es muy necesario para el desarrollo del litoral. As\u00ed que muy conforme con la reuni\u00f3n y muy agradecido tambi\u00e9n\u201d.<\/p>\n<\/div><\/section><\/div><div  style='height:50px' class='hr hr-invisible   avia-builder-el-6  el_after_av_one_full  el_before_av_social_share '><span class='hr-inner ' ><span class='hr-inner-style'><\/span><\/span><\/div><\/p>\n<div  class='av-social-sharing-box  avia-builder-el-7  el_after_av_hr  el_before_av_hr  '><div class='av-share-box'><h5 class='av-share-link-description av-no-toc '>Compartir esta noticia<\/h5><ul class='av-share-box-list noLightbox'><li class='av-share-link av-social-link-facebook' ><a target=\"_blank\" aria-label=\"Compartir en Facebook\" href='https:\/\/www.facebook.com\/sharer.php?u=https:\/\/radiorevelacionfm.cl\/?p=16379&#038;t=Subsecretario%20de%20Transportes%20recogi%C3%B3%20inquietudes%20de%20%20autoridades%20comunales%20del%20litoral%20de%20Ays%C3%A9n' aria-hidden='false' data-av_icon='\ue8f3' data-av_iconfont='entypo-fontello' title='' data-avia-related-tooltip='Compartir en Facebook' rel=\"noopener\"><span class='avia_hidden_link_text'>Compartir en Facebook<\/span><\/a><\/li><li class='av-share-link av-social-link-twitter' ><a target=\"_blank\" aria-label=\"Compartir en Twitter\" href='https:\/\/twitter.com\/share?text=Subsecretario%20de%20Transportes%20recogi%C3%B3%20inquietudes%20de%20%20autoridades%20comunales%20del%20litoral%20de%20Ays%C3%A9n&#038;url=https:\/\/radiorevelacionfm.cl\/?p=16379' aria-hidden='false' data-av_icon='\ue8f1' data-av_iconfont='entypo-fontello' title='' data-avia-related-tooltip='Compartir en Twitter' rel=\"noopener\"><span class='avia_hidden_link_text'>Compartir en Twitter<\/span><\/a><\/li><li class='av-share-link av-social-link-whatsapp' ><a target=\"_blank\" aria-label=\"Compartir en Whatsapp\" href='https:\/\/api.whatsapp.com\/send?text=https:\/\/radiorevelacionfm.cl\/?p=16379' aria-hidden='false' data-av_icon='\uf232' data-av_iconfont='entypo-fontello' title='' data-avia-related-tooltip='Compartir en Whatsapp' rel=\"noopener\"><span class='avia_hidden_link_text'>Compartir en Whatsapp<\/span><\/a><\/li><li class='av-share-link av-social-link-linkedin' ><a target=\"_blank\" aria-label=\"Compartir en LinkedIn\" href='https:\/\/linkedin.com\/shareArticle?mini=true&#038;title=Subsecretario%20de%20Transportes%20recogi%C3%B3%20inquietudes%20de%20%20autoridades%20comunales%20del%20litoral%20de%20Ays%C3%A9n&#038;url=https:\/\/radiorevelacionfm.cl\/?p=16379' aria-hidden='false' data-av_icon='\ue8fc' data-av_iconfont='entypo-fontello' title='' data-avia-related-tooltip='Compartir en LinkedIn' rel=\"noopener\"><span class='avia_hidden_link_text'>Compartir en LinkedIn<\/span><\/a><\/li><li class='av-share-link av-social-link-mail' ><a  aria-label=\"Compartir por correo\" href='mailto:?subject=Subsecretario%20de%20Transportes%20recogi%C3%B3%20inquietudes%20de%20%20autoridades%20comunales%20del%20litoral%20de%20Ays%C3%A9n&#038;body=https:\/\/radiorevelacionfm.cl\/?p=16379' aria-hidden='false' data-av_icon='\ue805' data-av_iconfont='entypo-fontello' title='' data-avia-related-tooltip='Compartir por correo'><span class='avia_hidden_link_text'>Compartir por correo<\/span><\/a><\/li><\/ul><\/div><\/div>\n<div  style='height:50px' class='hr hr-invisible   avia-builder-el-8  el_after_av_social_share  el_before_av_comments_list '><span class='hr-inner ' ><span class='hr-inner-style'><\/span><\/span><\/div>\n<div  class='av-buildercomment  av-blog-meta-html-info-disabled av-blog-meta-tag-disabled  '><\/div>\n","protected":false},"excerpt":{"rendered":"","protected":false},"author":1,"featured_media":16380,"comment_status":"open","ping_status":"open","sticky":false,"template":"","format":"standard","meta":{"footnotes":""},"categories":[35,38],"tags":[],"class_list":["post-16379","post","type-post","status-publish","format-standard","has-post-thumbnail","hentry","category-politica","category-regional"],"jetpack_featured_media_url":"https:\/\/radiorevelacionfm.cl\/wp-content\/uploads\/2022\/05\/Subse-Aysen-13-1-1.jpg","_links":{"self":[{"href":"https:\/\/radiorevelacionfm.cl\/index.php?rest_route=\/wp\/v2\/posts\/16379","targetHints":{"allow":["GET"]}}],"collection":[{"href":"https:\/\/radiorevelacionfm.cl\/index.php?rest_route=\/wp\/v2\/posts"}],"about":[{"href":"https:\/\/radiorevelacionfm.cl\/index.php?rest_route=\/wp\/v2\/types\/post"}],"author":[{"embeddable":true,"href":"https:\/\/radiorevelacionfm.cl\/index.php?rest_route=\/wp\/v2\/users\/1"}],"replies":[{"embeddable":true,"href":"https:\/\/radiorevelacionfm.cl\/index.php?rest_route=%2Fwp%2Fv2%2Fcomments&post=16379"}],"version-history":[{"count":2,"href":"https:\/\/radiorevelacionfm.cl\/index.php?rest_route=\/wp\/v2\/posts\/16379\/revisions"}],"predecessor-version":[{"id":16387,"href":"https:\/\/radiorevelacionfm.cl\/index.php?rest_route=\/wp\/v2\/posts\/16379\/revisions\/16387"}],"wp:featuredmedia":[{"embeddable":true,"href":"https:\/\/radiorevelacionfm.cl\/index.php?rest_route=\/wp\/v2\/media\/16380"}],"wp:attachment":[{"href":"https:\/\/radiorevelacionfm.cl\/index.php?rest_route=%2Fwp%2Fv2%2Fmedia&parent=16379"}],"wp:term":[{"taxonomy":"category","embeddable":true,"href":"https:\/\/radiorevelacionfm.cl\/index.php?rest_route=%2Fwp%2Fv2%2Fcategories&post=16379"},{"taxonomy":"post_tag","embeddable":true,"href":"https:\/\/radiorevelacionfm.cl\/index.php?rest_route=%2Fwp%2Fv2%2Ftags&post=16379"}],"curies":[{"name":"wp","href":"https:\/\/api.w.org\/{rel}","templated":true}]}}