{"id":16373,"date":"2022-05-02T11:48:10","date_gmt":"2022-05-02T14:48:10","guid":{"rendered":"https:\/\/radiorevelacionfm.cl\/?p=16373"},"modified":"2022-05-02T11:48:10","modified_gmt":"2022-05-02T14:48:10","slug":"union-de-voluntades-permite-instalar-generador-de-respaldo-en-raul-marin-balmaceda","status":"publish","type":"post","link":"https:\/\/radiorevelacionfm.cl\/?p=16373","title":{"rendered":"Uni\u00f3n de voluntades permite instalar generador de respaldo en Ra\u00fal Mar\u00edn Balmaceda"},"content":{"rendered":"<div class=\"flex_column av_one_full  flex_column_div av-zero-column-padding first  avia-builder-el-0  el_before_av_one_full  avia-builder-el-first  \" style='border-radius:0px; '><div  class='avia-image-container  av-styling-    avia-builder-el-1  avia-builder-el-no-sibling  avia-align-center '  itemprop=\"image\" itemscope=\"itemscope\" itemtype=\"https:\/\/schema.org\/ImageObject\"  ><div class='avia-image-container-inner'><div class='avia-image-overlay-wrap'><img decoding=\"async\" class='wp-image-16374 avia-img-lazy-loading-not-16374 avia_image' src=\"https:\/\/radiorevelacionfm.cl\/wp-content\/uploads\/2022\/05\/generador-respaldo-2-1-1_optimized.jpeg\" alt='' title='generador-respaldo-2-(1)-(1)_optimized' height=\"600\" width=\"802\"  itemprop=\"thumbnailUrl\" srcset=\"https:\/\/radiorevelacionfm.cl\/wp-content\/uploads\/2022\/05\/generador-respaldo-2-1-1_optimized.jpeg 802w, https:\/\/radiorevelacionfm.cl\/wp-content\/uploads\/2022\/05\/generador-respaldo-2-1-1_optimized-300x224.jpeg 300w, https:\/\/radiorevelacionfm.cl\/wp-content\/uploads\/2022\/05\/generador-respaldo-2-1-1_optimized-768x575.jpeg 768w, https:\/\/radiorevelacionfm.cl\/wp-content\/uploads\/2022\/05\/generador-respaldo-2-1-1_optimized-705x527.jpeg 705w, https:\/\/radiorevelacionfm.cl\/wp-content\/uploads\/2022\/05\/generador-respaldo-2-1-1_optimized-600x449.jpeg 600w\" sizes=\"(max-width: 802px) 100vw, 802px\" \/><\/div><\/div><\/div><\/div><div class=\"flex_column av_one_full  flex_column_div av-zero-column-padding first  avia-builder-el-2  el_after_av_one_full  el_before_av_one_full  column-top-margin\" style='border-radius:0px; '><section class=\"av_textblock_section \"  itemscope=\"itemscope\" itemtype=\"https:\/\/schema.org\/BlogPosting\" itemprop=\"blogPost\" ><div class='avia_textblock  '   itemprop=\"text\" ><p style=\"text-align: center;\"><strong><span style=\"font-size: 18pt;\">Uni\u00f3n de voluntades permite instalar generador de respaldo en Ra\u00fal Mar\u00edn Balmaceda<\/span><\/strong><\/p>\n<div id=\"gtx-trans\" style=\"position: absolute; left: -50px; top: 4.31534px;\">\n<div class=\"gtx-trans-icon\"><\/div>\n<\/div>\n<\/div><\/section><\/div><div class=\"flex_column av_one_full  flex_column_div av-zero-column-padding first  avia-builder-el-4  el_after_av_one_full  el_before_av_hr  column-top-margin\" style='border-radius:0px; '><section class=\"av_textblock_section \"  itemscope=\"itemscope\" itemtype=\"https:\/\/schema.org\/BlogPosting\" itemprop=\"blogPost\" ><div class='avia_textblock  '   itemprop=\"text\" ><p style=\"text-align: justify;\">En las \u00faltimas horas y gracias a la uni\u00f3n de voluntades entre la Ilustre Municipalidad de Cisnes, SalmonChile, algunas de las empresas que operan en el territorio m\u00e1s la Junta de Vecinos, el Comit\u00e9 de Agua y Luz de Puerto Ra\u00fal Mar\u00edn Balmaceda, arrib\u00f3 a la localidad un segundo generador el\u00e9ctrico de respaldo.<\/p>\n<p style=\"text-align: justify;\">El Alcalde, Francisco Roncagliolo Lepio, relev\u00f3 la instancia de trabajo conjunto entre la empresa privada y entidades p\u00fablicas.<\/p>\n<p style=\"text-align: justify;\">\u201cComo administraci\u00f3n tenemos el profundo convencimiento que siempre es necesario generar los lazos de colaboraci\u00f3n y cooperaci\u00f3n de todos los actores p\u00fablicos y privados que estamos presentes y realizamos actividades dentro de la comuna de Cisnes. Es por eso que, agradecemos el hecho de que SalmonChile, a trav\u00e9s de sus empresas asociadas, hayan estado dispuestos para colaborar en esta coyuntura que tenemos en Puerto Ra\u00fal Mar\u00edn Balmaceda, dada las condiciones de fallas de generadores que hemos tenido en la localidad. Obviamente, era s\u00faper importante poder contar con un generador de respaldo y que apoye a una localidad aislada como la que tenemos ac\u00e1\u201d.<\/p>\n<p style=\"text-align: justify;\">El jefe comunal, puso en valor el esfuerzo y la coordinaci\u00f3n de las empresas, Salmones Yadr\u00e1n, Marine Farm y Multi X, quienes a trav\u00e9s de SalmonChile, no duraron en sumar esfuerzos para colaborar con Puerto Ra\u00fal Mar\u00edn Balmaceda.<\/p>\n<p style=\"text-align: justify;\">\u201cAs\u00ed es que, agradecemos el esfuerzo de las empresas que trajeron un generador desde Puerto Montt y que obviamente a trav\u00e9s nuestro como Municipio, han ido coordinando que esto llegue a la localidad, siendo ya instalado para su uso. As\u00ed es que, agradecemos tambi\u00e9n la confianza del comit\u00e9 de agua y luz, como as\u00ed tambi\u00e9n de la junta de vecinos de la localidad, porque esto ha sido tambi\u00e9n coordinado con ellos, ha sido un trabajado en conjunto y para nosotros es tremendamente importante que las organizaciones comunitarias, la empresa privada y nosotros como Municipalidad podamos avanzar en conjunto\u201d.<\/p>\n<p style=\"text-align: justify;\">El representante en la regi\u00f3n de SalmonChile, Hern\u00e1n Rebolledo, puso \u00e9nfasis en la articulaci\u00f3n que nace desde la Municipalidad y finalmente va en directo apoyo de los vecinos, en este caso de Ra\u00fal Mar\u00edn Balmaceda.<\/p>\n<p style=\"text-align: justify;\">\u201cLa verdad es que, cuando el Alcalde nos dijo el problema que se estaba suscitando con el tema de la energ\u00eda el\u00e9ctrica para Ra\u00fal Mar\u00edn Balmaceda, articulamos la gesti\u00f3n con las empresas que est\u00e1n operando en el \u00e1rea cercana con el fin de que puedan colaborar con esto. La verdad que, contar con energ\u00eda el\u00e9ctrica es algo fundamental para la vida de las personas y para nosotros fue muy importante poder colaborar, para tener de arriendo un generador por un periodo de treinta d\u00edas, porque la gesti\u00f3n que ha hecho el Alcalde es una soluci\u00f3n definitiva con este tema\u201d.<\/p>\n<p style=\"text-align: justify;\">El presidente del comit\u00e9 de agua y luz de Puerto Ra\u00fal Mar\u00edn Balmaceda, Milton Lopendia, destac\u00f3 y agradeci\u00f3 el resultado del trabajo entre la empresa privada, la municipalidad y las organizaciones.<\/p>\n<p style=\"text-align: justify;\">\u201cHemos recibido por parte de la empresa un segundo generador que es de apoyo y agradecer a la Ilustre Municipalidad de Cisnes, por generar esta suma de voluntades, para que pueda llegar este segundo generador hasta nuestra localidad. Acabamos hace poco rato de recepcionarlo, ahora est\u00e1 en mantenci\u00f3n producto del viaje, para dejarlo listo ante una eventualidad. Agradecer a la Municipalidad, agradecer a la empresa de don Claudio Ojeda que nos facilit\u00f3 el mec\u00e1nico, el que estuvo trabajando en nuestra localidad para reparar uno de los generadores que hab\u00eda presentado algunos problemas. En este minuto ya tenemos una entrega de suministro en forma normal, en el horario que siempre ha estado de 18 horas diarias y esperamos que no tengamos m\u00e1s dificultades, en espera del proyecto de los dos generadores que ya est\u00e1 en camino\u201d.<\/p>\n<p style=\"text-align: justify;\">Se destaca el trabajo mancomunado desde el equipo de la Municipalidad de Cisnes y su Alcalde, con el apoyo de la empresa privada a trav\u00e9s de SalmonChile, sus empresas asociadas que colaboraron en esta ocasi\u00f3n, Salmones Yadr\u00e1n, Marine Farm y Multi X. Todo en directa coordinaci\u00f3n con la junta de vecinos y el comit\u00e9 de agua y luz de Ra\u00fal Mar\u00edn Balmaceda, que hoy permiten tener ya instalado un segundo generador de apoyo ante cualquier eventualidad con la energ\u00eda el\u00e9ctrica de la localidad.<\/p>\n<\/div><\/section><\/div><div  style='height:50px' class='hr hr-invisible   avia-builder-el-6  el_after_av_one_full  el_before_av_social_share '><span class='hr-inner ' ><span class='hr-inner-style'><\/span><\/span><\/div><\/p>\n<div  class='av-social-sharing-box  avia-builder-el-7  el_after_av_hr  el_before_av_hr  '><div class='av-share-box'><h5 class='av-share-link-description av-no-toc '>Compartir esta noticia<\/h5><ul class='av-share-box-list noLightbox'><li class='av-share-link av-social-link-facebook' ><a target=\"_blank\" aria-label=\"Compartir en Facebook\" href='https:\/\/www.facebook.com\/sharer.php?u=https:\/\/radiorevelacionfm.cl\/?p=16373&#038;t=Uni%C3%B3n%20de%20voluntades%20permite%20instalar%20generador%20de%20respaldo%20en%20Ra%C3%BAl%20Mar%C3%ADn%20Balmaceda' aria-hidden='false' data-av_icon='\ue8f3' data-av_iconfont='entypo-fontello' title='' data-avia-related-tooltip='Compartir en Facebook' rel=\"noopener\"><span class='avia_hidden_link_text'>Compartir en Facebook<\/span><\/a><\/li><li class='av-share-link av-social-link-twitter' ><a target=\"_blank\" aria-label=\"Compartir en Twitter\" href='https:\/\/twitter.com\/share?text=Uni%C3%B3n%20de%20voluntades%20permite%20instalar%20generador%20de%20respaldo%20en%20Ra%C3%BAl%20Mar%C3%ADn%20Balmaceda&#038;url=https:\/\/radiorevelacionfm.cl\/?p=16373' aria-hidden='false' data-av_icon='\ue8f1' data-av_iconfont='entypo-fontello' title='' data-avia-related-tooltip='Compartir en Twitter' rel=\"noopener\"><span class='avia_hidden_link_text'>Compartir en Twitter<\/span><\/a><\/li><li class='av-share-link av-social-link-whatsapp' ><a target=\"_blank\" aria-label=\"Compartir en Whatsapp\" href='https:\/\/api.whatsapp.com\/send?text=https:\/\/radiorevelacionfm.cl\/?p=16373' aria-hidden='false' data-av_icon='\uf232' data-av_iconfont='entypo-fontello' title='' data-avia-related-tooltip='Compartir en Whatsapp' rel=\"noopener\"><span class='avia_hidden_link_text'>Compartir en Whatsapp<\/span><\/a><\/li><li class='av-share-link av-social-link-linkedin' ><a target=\"_blank\" aria-label=\"Compartir en LinkedIn\" href='https:\/\/linkedin.com\/shareArticle?mini=true&#038;title=Uni%C3%B3n%20de%20voluntades%20permite%20instalar%20generador%20de%20respaldo%20en%20Ra%C3%BAl%20Mar%C3%ADn%20Balmaceda&#038;url=https:\/\/radiorevelacionfm.cl\/?p=16373' aria-hidden='false' data-av_icon='\ue8fc' data-av_iconfont='entypo-fontello' title='' data-avia-related-tooltip='Compartir en LinkedIn' rel=\"noopener\"><span class='avia_hidden_link_text'>Compartir en LinkedIn<\/span><\/a><\/li><li class='av-share-link av-social-link-mail' ><a  aria-label=\"Compartir por correo\" href='mailto:?subject=Uni%C3%B3n%20de%20voluntades%20permite%20instalar%20generador%20de%20respaldo%20en%20Ra%C3%BAl%20Mar%C3%ADn%20Balmaceda&#038;body=https:\/\/radiorevelacionfm.cl\/?p=16373' aria-hidden='false' data-av_icon='\ue805' data-av_iconfont='entypo-fontello' title='' data-avia-related-tooltip='Compartir por correo'><span class='avia_hidden_link_text'>Compartir por correo<\/span><\/a><\/li><\/ul><\/div><\/div>\n<div  style='height:50px' class='hr hr-invisible   avia-builder-el-8  el_after_av_social_share  el_before_av_comments_list '><span class='hr-inner ' ><span class='hr-inner-style'><\/span><\/span><\/div>\n<div  class='av-buildercomment  av-blog-meta-html-info-disabled av-blog-meta-tag-disabled  '><\/div>\n","protected":false},"excerpt":{"rendered":"","protected":false},"author":1,"featured_media":16374,"comment_status":"open","ping_status":"open","sticky":false,"template":"","format":"standard","meta":{"footnotes":""},"categories":[38],"tags":[],"class_list":["post-16373","post","type-post","status-publish","format-standard","has-post-thumbnail","hentry","category-regional"],"jetpack_featured_media_url":"https:\/\/radiorevelacionfm.cl\/wp-content\/uploads\/2022\/05\/generador-respaldo-2-1-1_optimized.jpeg","_links":{"self":[{"href":"https:\/\/radiorevelacionfm.cl\/index.php?rest_route=\/wp\/v2\/posts\/16373","targetHints":{"allow":["GET"]}}],"collection":[{"href":"https:\/\/radiorevelacionfm.cl\/index.php?rest_route=\/wp\/v2\/posts"}],"about":[{"href":"https:\/\/radiorevelacionfm.cl\/index.php?rest_route=\/wp\/v2\/types\/post"}],"author":[{"embeddable":true,"href":"https:\/\/radiorevelacionfm.cl\/index.php?rest_route=\/wp\/v2\/users\/1"}],"replies":[{"embeddable":true,"href":"https:\/\/radiorevelacionfm.cl\/index.php?rest_route=%2Fwp%2Fv2%2Fcomments&post=16373"}],"version-history":[{"count":2,"href":"https:\/\/radiorevelacionfm.cl\/index.php?rest_route=\/wp\/v2\/posts\/16373\/revisions"}],"predecessor-version":[{"id":16385,"href":"https:\/\/radiorevelacionfm.cl\/index.php?rest_route=\/wp\/v2\/posts\/16373\/revisions\/16385"}],"wp:featuredmedia":[{"embeddable":true,"href":"https:\/\/radiorevelacionfm.cl\/index.php?rest_route=\/wp\/v2\/media\/16374"}],"wp:attachment":[{"href":"https:\/\/radiorevelacionfm.cl\/index.php?rest_route=%2Fwp%2Fv2%2Fmedia&parent=16373"}],"wp:term":[{"taxonomy":"category","embeddable":true,"href":"https:\/\/radiorevelacionfm.cl\/index.php?rest_route=%2Fwp%2Fv2%2Fcategories&post=16373"},{"taxonomy":"post_tag","embeddable":true,"href":"https:\/\/radiorevelacionfm.cl\/index.php?rest_route=%2Fwp%2Fv2%2Ftags&post=16373"}],"curies":[{"name":"wp","href":"https:\/\/api.w.org\/{rel}","templated":true}]}}