{"id":16368,"date":"2022-05-02T11:08:34","date_gmt":"2022-05-02T14:08:34","guid":{"rendered":"https:\/\/radiorevelacionfm.cl\/?p=16368"},"modified":"2022-05-02T11:13:58","modified_gmt":"2022-05-02T14:13:58","slug":"senadora-ordenes-se-reune-con-dirigentes-del-pangal-bajo-y-acuerdan-acciones-en-conjunto","status":"publish","type":"post","link":"https:\/\/radiorevelacionfm.cl\/?p=16368","title":{"rendered":"Senadora Ordenes se re\u00fane con dirigentes del Pangal Bajo y acuerdan acciones en conjunto"},"content":{"rendered":"<div class=\"flex_column av_one_full  flex_column_div av-zero-column-padding first  avia-builder-el-0  el_before_av_one_full  avia-builder-el-first  \" style='border-radius:0px; '><div  class='avia-image-container  av-styling-    avia-builder-el-1  avia-builder-el-no-sibling  avia-align-center '  itemprop=\"image\" itemscope=\"itemscope\" itemtype=\"https:\/\/schema.org\/ImageObject\"  ><div class='avia-image-container-inner'><div class='avia-image-overlay-wrap'><img decoding=\"async\" class='wp-image-0 avia-img-lazy-loading-not-0 avia_image' src=\"http:\/\/radiorevelacionfm.cl\/wp-content\/uploads\/2020\/12\/7ee21_th2.jpg\" alt='' title=''   itemprop=\"thumbnailUrl\"  \/><\/div><\/div><\/div><\/div>\n<div class=\"flex_column av_one_full  flex_column_div av-zero-column-padding first  avia-builder-el-2  el_after_av_one_full  el_before_av_one_full  column-top-margin\" style='border-radius:0px; '><section class=\"av_textblock_section \"  itemscope=\"itemscope\" itemtype=\"https:\/\/schema.org\/BlogPosting\" itemprop=\"blogPost\" ><div class='avia_textblock  '   itemprop=\"text\" ><p style=\"text-align: center;\"><strong><span style=\"font-size: 18pt;\">Senadora Ordenes se re\u00fane con dirigentes del Pangal Bajo y acuerdan acciones en conjunto<\/span><\/strong><\/p>\n<div id=\"gtx-trans\" style=\"position: absolute; left: -50px; top: 4.31534px;\">\n<div class=\"gtx-trans-icon\"><\/div>\n<\/div>\n<\/div><\/section><\/div>\n<div class=\"flex_column av_one_full  flex_column_div av-zero-column-padding first  avia-builder-el-4  el_after_av_one_full  el_before_av_hr  column-top-margin\" style='border-radius:0px; '><section class=\"av_textblock_section \"  itemscope=\"itemscope\" itemtype=\"https:\/\/schema.org\/BlogPosting\" itemprop=\"blogPost\" ><div class='avia_textblock  '   itemprop=\"text\" ><p style=\"text-align: justify;\">En los \u00faltimos a\u00f1os ha crecido el inter\u00e9s de las familias por vivir en \u00e1reas rurales o fortalecer la presencia en el campo, considerando la producci\u00f3n de frutas, verduras, le\u00f1a y el trabajo con los animales, principalmente ovinos y bovinos.<\/p>\n<p style=\"text-align: justify;\">Esto ha significado que lugares como Pangal Bajo, en las cercan\u00edas de Puerto Ays\u00e9n, sea uno de los sectores que m\u00e1s ha ido aumentando su poblaci\u00f3n, siendo en la actualidad alrededor de 150 familias las que ha decidido quedarse en este bello entorno natural.<\/p>\n<p style=\"text-align: justify;\">Y as\u00ed como la poblaci\u00f3n ha aumentado, aparecen tambi\u00e9n las necesidades que, a trav\u00e9s, en este caso, del comit\u00e9 de desarrollo Rio Pangal, han querido plantear a la Senadora, Ximena Ordenes Neira, quien estuvo en terreno y dialog\u00f3 con alguno de sus dirigentes.<\/p>\n<p style=\"text-align: justify;\">\u201cLa idea como oficina parlamentaria es apoyar las iniciativas, sobre todo de comit\u00e9s de desarrollo como es el caso del comit\u00e9 Rio Pangal. Hoy hay varios desaf\u00edos y proyectos pendientes, por un lado, est\u00e1 la pavimentaci\u00f3n hacia la pasarela, este es un tema que requiere expropiaci\u00f3n y un rol importante que debe cumplir el MOP durante este periodo. Lo mismo, evaluar la factibilidad de un nuevo puente, porque claramente la pasarela hoy no est\u00e1 dando abasto, respecto a la demanda existente en la zona\u201d.<\/p>\n<p style=\"text-align: justify;\">La Senadora Ordenes, cree adem\u00e1s, que es importante respaldar las iniciativas relacionadas a electrificaci\u00f3n rural, instancia en la que juegan un rol fundamental la Delegaci\u00f3n Presidencial y el Gobierno Regional, \u201cjunto a la Delegaci\u00f3n Presidencial Provincial y el Gobierno Regional, es necesario avanzar en el proyecto de electrificaci\u00f3n rural y nosotros al menos como oficina parlamentaria, vamos a estar apoyando cada una de esas gestiones para que los proyectos tambi\u00e9n se vayan haciendo realidad\u201d, indic\u00f3 la parlamentaria.<\/p>\n<p style=\"text-align: justify;\">Una de las integrantes del comit\u00e9 de desarrollo Rio Pangal, Cristina Gallardo, puso en valor la instancia de dialogo con la Senadora Ordenes, quien evalu\u00f3 la reuni\u00f3n se\u00f1alando que, \u201cme pareci\u00f3 excelente, planteamos los cuatro puntos m\u00e1s importantes de la comunidad y que nos afectan, que es, el tema de la pavimentaci\u00f3n que esta RS, el puente que esta con FI y tuvimos una buena acogida. En cuanto a la electrificaci\u00f3n, quedamos en estudio, lo que es la DOH igual, pero tenemos esperanza y confianza de que vamos a sacar esto adelante y si ella nos brinda su apoyo, mejor\u201d.<\/p>\n<p style=\"text-align: justify;\">En la visita al sector Pangal Bajo, la Senadora Ximena Ordenes Neira, recorri\u00f3 la pasarela y parte del camino del sector, empatizando con las necesidades de los vecinos y comprometiendo un trabajo conjunto, con el fin de avanzar en sus requerimientos.<\/p>\n<\/div><\/section><\/div><div  style='height:50px' class='hr hr-invisible   avia-builder-el-6  el_after_av_one_full  el_before_av_social_share '><span class='hr-inner ' ><span class='hr-inner-style'><\/span><\/span><\/div><\/p>\n<div  class='av-social-sharing-box  avia-builder-el-7  el_after_av_hr  el_before_av_hr  '><div class='av-share-box'><h5 class='av-share-link-description av-no-toc '>Compartir esta noticia<\/h5><ul class='av-share-box-list noLightbox'><li class='av-share-link av-social-link-facebook' ><a target=\"_blank\" aria-label=\"Compartir en Facebook\" href='https:\/\/www.facebook.com\/sharer.php?u=https:\/\/radiorevelacionfm.cl\/?p=16368&#038;t=Senadora%20Ordenes%20se%20re%C3%BAne%20con%20dirigentes%20del%20Pangal%20Bajo%20y%20acuerdan%20acciones%20en%20conjunto' aria-hidden='false' data-av_icon='\ue8f3' data-av_iconfont='entypo-fontello' title='' data-avia-related-tooltip='Compartir en Facebook' rel=\"noopener\"><span class='avia_hidden_link_text'>Compartir en Facebook<\/span><\/a><\/li><li class='av-share-link av-social-link-twitter' ><a target=\"_blank\" aria-label=\"Compartir en Twitter\" href='https:\/\/twitter.com\/share?text=Senadora%20Ordenes%20se%20re%C3%BAne%20con%20dirigentes%20del%20Pangal%20Bajo%20y%20acuerdan%20acciones%20en%20conjunto&#038;url=https:\/\/radiorevelacionfm.cl\/?p=16368' aria-hidden='false' data-av_icon='\ue8f1' data-av_iconfont='entypo-fontello' title='' data-avia-related-tooltip='Compartir en Twitter' rel=\"noopener\"><span class='avia_hidden_link_text'>Compartir en Twitter<\/span><\/a><\/li><li class='av-share-link av-social-link-whatsapp' ><a target=\"_blank\" aria-label=\"Compartir en Whatsapp\" href='https:\/\/api.whatsapp.com\/send?text=https:\/\/radiorevelacionfm.cl\/?p=16368' aria-hidden='false' data-av_icon='\uf232' data-av_iconfont='entypo-fontello' title='' data-avia-related-tooltip='Compartir en Whatsapp' rel=\"noopener\"><span class='avia_hidden_link_text'>Compartir en Whatsapp<\/span><\/a><\/li><li class='av-share-link av-social-link-linkedin' ><a target=\"_blank\" aria-label=\"Compartir en LinkedIn\" href='https:\/\/linkedin.com\/shareArticle?mini=true&#038;title=Senadora%20Ordenes%20se%20re%C3%BAne%20con%20dirigentes%20del%20Pangal%20Bajo%20y%20acuerdan%20acciones%20en%20conjunto&#038;url=https:\/\/radiorevelacionfm.cl\/?p=16368' aria-hidden='false' data-av_icon='\ue8fc' data-av_iconfont='entypo-fontello' title='' data-avia-related-tooltip='Compartir en LinkedIn' rel=\"noopener\"><span class='avia_hidden_link_text'>Compartir en LinkedIn<\/span><\/a><\/li><li class='av-share-link av-social-link-mail' ><a  aria-label=\"Compartir por correo\" href='mailto:?subject=Senadora%20Ordenes%20se%20re%C3%BAne%20con%20dirigentes%20del%20Pangal%20Bajo%20y%20acuerdan%20acciones%20en%20conjunto&#038;body=https:\/\/radiorevelacionfm.cl\/?p=16368' aria-hidden='false' data-av_icon='\ue805' data-av_iconfont='entypo-fontello' title='' data-avia-related-tooltip='Compartir por correo'><span class='avia_hidden_link_text'>Compartir por correo<\/span><\/a><\/li><\/ul><\/div><\/div>\n<div  style='height:50px' class='hr hr-invisible   avia-builder-el-8  el_after_av_social_share  el_before_av_comments_list '><span class='hr-inner ' ><span class='hr-inner-style'><\/span><\/span><\/div>\n<div  class='av-buildercomment  av-blog-meta-html-info-disabled av-blog-meta-tag-disabled  '><\/div>\n","protected":false},"excerpt":{"rendered":"","protected":false},"author":1,"featured_media":16369,"comment_status":"open","ping_status":"open","sticky":false,"template":"","format":"standard","meta":{"footnotes":""},"categories":[35],"tags":[],"class_list":["post-16368","post","type-post","status-publish","format-standard","has-post-thumbnail","hentry","category-politica"],"jetpack_featured_media_url":"https:\/\/radiorevelacionfm.cl\/wp-content\/uploads\/2022\/05\/senadora-pangal-bajo-1-1-1_optimized.jpeg","_links":{"self":[{"href":"https:\/\/radiorevelacionfm.cl\/index.php?rest_route=\/wp\/v2\/posts\/16368","targetHints":{"allow":["GET"]}}],"collection":[{"href":"https:\/\/radiorevelacionfm.cl\/index.php?rest_route=\/wp\/v2\/posts"}],"about":[{"href":"https:\/\/radiorevelacionfm.cl\/index.php?rest_route=\/wp\/v2\/types\/post"}],"author":[{"embeddable":true,"href":"https:\/\/radiorevelacionfm.cl\/index.php?rest_route=\/wp\/v2\/users\/1"}],"replies":[{"embeddable":true,"href":"https:\/\/radiorevelacionfm.cl\/index.php?rest_route=%2Fwp%2Fv2%2Fcomments&post=16368"}],"version-history":[{"count":3,"href":"https:\/\/radiorevelacionfm.cl\/index.php?rest_route=\/wp\/v2\/posts\/16368\/revisions"}],"predecessor-version":[{"id":16371,"href":"https:\/\/radiorevelacionfm.cl\/index.php?rest_route=\/wp\/v2\/posts\/16368\/revisions\/16371"}],"wp:featuredmedia":[{"embeddable":true,"href":"https:\/\/radiorevelacionfm.cl\/index.php?rest_route=\/wp\/v2\/media\/16369"}],"wp:attachment":[{"href":"https:\/\/radiorevelacionfm.cl\/index.php?rest_route=%2Fwp%2Fv2%2Fmedia&parent=16368"}],"wp:term":[{"taxonomy":"category","embeddable":true,"href":"https:\/\/radiorevelacionfm.cl\/index.php?rest_route=%2Fwp%2Fv2%2Fcategories&post=16368"},{"taxonomy":"post_tag","embeddable":true,"href":"https:\/\/radiorevelacionfm.cl\/index.php?rest_route=%2Fwp%2Fv2%2Ftags&post=16368"}],"curies":[{"name":"wp","href":"https:\/\/api.w.org\/{rel}","templated":true}]}}