{"id":16364,"date":"2022-04-30T16:12:23","date_gmt":"2022-04-30T19:12:23","guid":{"rendered":"https:\/\/radiorevelacionfm.cl\/?p=16364"},"modified":"2022-04-30T16:12:23","modified_gmt":"2022-04-30T19:12:23","slug":"estudiantes-del-cft-destacan-inicio-del-ano-academico","status":"publish","type":"post","link":"https:\/\/radiorevelacionfm.cl\/?p=16364","title":{"rendered":"Estudiantes del CFT destacan inicio del a\u00f1o acad\u00e9mico"},"content":{"rendered":"<div class=\"flex_column av_one_full  flex_column_div av-zero-column-padding first  avia-builder-el-0  el_before_av_one_full  avia-builder-el-first  \" style='border-radius:0px; '><div  class='avia-image-container  av-styling-    avia-builder-el-1  avia-builder-el-no-sibling  avia-align-center '  itemprop=\"image\" itemscope=\"itemscope\" itemtype=\"https:\/\/schema.org\/ImageObject\"  ><div class='avia-image-container-inner'><div class='avia-image-overlay-wrap'><img decoding=\"async\" class='wp-image-16365 avia-img-lazy-loading-not-16365 avia_image' src=\"https:\/\/radiorevelacionfm.cl\/wp-content\/uploads\/2022\/04\/3-70-2-1.jpg\" alt='' title='3 (70) (2) (1)' height=\"600\" width=\"900\"  itemprop=\"thumbnailUrl\" srcset=\"https:\/\/radiorevelacionfm.cl\/wp-content\/uploads\/2022\/04\/3-70-2-1.jpg 900w, https:\/\/radiorevelacionfm.cl\/wp-content\/uploads\/2022\/04\/3-70-2-1-300x200.jpg 300w, https:\/\/radiorevelacionfm.cl\/wp-content\/uploads\/2022\/04\/3-70-2-1-768x512.jpg 768w, https:\/\/radiorevelacionfm.cl\/wp-content\/uploads\/2022\/04\/3-70-2-1-705x470.jpg 705w, https:\/\/radiorevelacionfm.cl\/wp-content\/uploads\/2022\/04\/3-70-2-1-600x400.jpg 600w\" sizes=\"(max-width: 900px) 100vw, 900px\" \/><\/div><\/div><\/div><\/div><div class=\"flex_column av_one_full  flex_column_div av-zero-column-padding first  avia-builder-el-2  el_after_av_one_full  el_before_av_one_full  column-top-margin\" style='border-radius:0px; '><section class=\"av_textblock_section \"  itemscope=\"itemscope\" itemtype=\"https:\/\/schema.org\/BlogPosting\" itemprop=\"blogPost\" ><div class='avia_textblock  '   itemprop=\"text\" ><p style=\"text-align: center;\"><span style=\"font-size: 18pt;\"><strong>Estudiantes del CFT destacan inicio del a\u00f1o acad\u00e9mico<\/strong><\/span><\/p>\n<div id=\"gtx-trans\" style=\"position: absolute; left: -50px; top: 4.31534px;\">\n<div class=\"gtx-trans-icon\"><\/div>\n<\/div>\n<\/div><\/section><\/div><div class=\"flex_column av_one_full  flex_column_div av-zero-column-padding first  avia-builder-el-4  el_after_av_one_full  el_before_av_hr  column-top-margin\" style='border-radius:0px; '><section class=\"av_textblock_section \"  itemscope=\"itemscope\" itemtype=\"https:\/\/schema.org\/BlogPosting\" itemprop=\"blogPost\" ><div class='avia_textblock  '   itemprop=\"text\" ><p style=\"text-align: justify;\">M\u00e1s de 80 estudiantes son parte del nuevo Centro de Formaci\u00f3n T\u00e9cnica Estatal de la Regi\u00f3n de Ays\u00e9n, quienes estudian las dos carreras t\u00e9cnicas de nivel superior que imparte esta casa de estudios.<\/p>\n<p style=\"text-align: justify;\">Con mucho entusiasmo, estos estudiantes que, a su vez, tambi\u00e9n son trabajadores de Ays\u00e9n, han concurrido a sus respectivas clases en jornada vespertina para este primer mes de inicio acad\u00e9mico del CFT Estatal de Ays\u00e9n.<\/p>\n<p style=\"text-align: justify;\">Francisco Ayanc\u00e1n, Delegado Estudiantil de la carrera T\u00e9cnico de Nivel Superior en Administraci\u00f3n de Sistemas Log\u00edsticos, nos comenta que; \u201cHa sido un proceso bastante entretenido, en el cual, si bien es cierto, ha habido un esfuerzo impresionante de todos los compa\u00f1eros y compa\u00f1eras para poder asistir normalmente, despu\u00e9s de los trabajos, considerando lo que eso significa. Ha sido posible sobrellevarlo con la dedicaci\u00f3n que han tenido todos los funcionarios de este CFT, hablemos de los profesores, la coordinaci\u00f3n acad\u00e9mica y todos los asistentes que tienen. Los profesores se han destacado por tener una atenci\u00f3n casi personalizada con cada uno de nosotros\u201d.<\/p>\n<p style=\"text-align: justify;\">Para Jaime Morales, Delegado Estudiantil de la carrera T\u00e9cnico de Nivel Superior en Administraci\u00f3n P\u00fablica, destaca poder estudiar en Puerto Ays\u00e9n y nos comenta que; \u201cHa sido una muy buena oportunidad, que mucha gente estaba esperando. Ver la alternativa de tener algo m\u00e1s de manera local, no tener que ir a Coyhaique a estudiar alguna carrera. En ese sentido se nos facilita mucho de estar ac\u00e1 mismo en Puerto Ays\u00e9n. La verdad, estoy muy contento por la oportunidad que se gener\u00f3 ac\u00e1 en la ciudad\u201d.<\/p>\n<p style=\"text-align: justify;\">\u00c1ngelo Contreras Delegado Estudiantil de la carrera TNS en Administraci\u00f3n P\u00fablica lo ve\u00eda como una gran oportunidad que la educaci\u00f3n superior se materialice en Puerto Ays\u00e9n \u201clo considero vital para la conciencia comunal que la educaci\u00f3n superior est\u00e9 accesible aqu\u00ed mismo en la comuna, considero que Ays\u00e9n es una tierra de muchas oportunidades y la verdad que una de ellas es precisamente la educaci\u00f3n superior, ahora podemos tener un capital humano que muchas veces emigraban, estudiar ac\u00e1 en la comuna es de vital importancia\u201d.<\/p>\n<p style=\"text-align: justify;\">El Rector del CFT, sr. V\u00edctor \u00c1lvarez Vel\u00e1squez junto al Director Acad\u00e9mico, sr. Christopher Contreras Escobar saludaron a esta primera generaci\u00f3n de estudiantes. En este contexto, el Director Acad\u00e9mico destac\u00f3 que; \u201ces un d\u00eda muy importante para nuestra instituci\u00f3n, con motivo de que se ha cumplido el primer mes de clases para nuestros queridos y queridas estudiantes. Adem\u00e1s, destacar lo importante que ha sido este proceso donde todo el equipo y la comunidad acad\u00e9mica, ha logrado incorporarse a este r\u00e9gimen de estudios, y la verdad, es que estamos muy contentos como instituci\u00f3n porque se nota un muy buen avance seg\u00fan los planificado\u201d.<\/p>\n<p style=\"text-align: justify;\">Los estudiantes del CFT estudian en jornada vespertina y asisten a clases 3 veces a la semana, de esta forma pueden compatibilizar sus estudios con el trabajo.<\/p>\n<\/div><\/section><\/div><div  style='height:50px' class='hr hr-invisible   avia-builder-el-6  el_after_av_one_full  el_before_av_social_share '><span class='hr-inner ' ><span class='hr-inner-style'><\/span><\/span><\/div><\/p>\n<div  class='av-social-sharing-box  avia-builder-el-7  el_after_av_hr  el_before_av_hr  '><div class='av-share-box'><h5 class='av-share-link-description av-no-toc '>Compartir esta noticia<\/h5><ul class='av-share-box-list noLightbox'><li class='av-share-link av-social-link-facebook' ><a target=\"_blank\" aria-label=\"Compartir en Facebook\" href='https:\/\/www.facebook.com\/sharer.php?u=https:\/\/radiorevelacionfm.cl\/?p=16364&#038;t=Estudiantes%20del%20CFT%20destacan%20inicio%20del%20a%C3%B1o%20acad%C3%A9mico' aria-hidden='false' data-av_icon='\ue8f3' data-av_iconfont='entypo-fontello' title='' data-avia-related-tooltip='Compartir en Facebook' rel=\"noopener\"><span class='avia_hidden_link_text'>Compartir en Facebook<\/span><\/a><\/li><li class='av-share-link av-social-link-twitter' ><a target=\"_blank\" aria-label=\"Compartir en Twitter\" href='https:\/\/twitter.com\/share?text=Estudiantes%20del%20CFT%20destacan%20inicio%20del%20a%C3%B1o%20acad%C3%A9mico&#038;url=https:\/\/radiorevelacionfm.cl\/?p=16364' aria-hidden='false' data-av_icon='\ue8f1' data-av_iconfont='entypo-fontello' title='' data-avia-related-tooltip='Compartir en Twitter' rel=\"noopener\"><span class='avia_hidden_link_text'>Compartir en Twitter<\/span><\/a><\/li><li class='av-share-link av-social-link-whatsapp' ><a target=\"_blank\" aria-label=\"Compartir en Whatsapp\" href='https:\/\/api.whatsapp.com\/send?text=https:\/\/radiorevelacionfm.cl\/?p=16364' aria-hidden='false' data-av_icon='\uf232' data-av_iconfont='entypo-fontello' title='' data-avia-related-tooltip='Compartir en Whatsapp' rel=\"noopener\"><span class='avia_hidden_link_text'>Compartir en Whatsapp<\/span><\/a><\/li><li class='av-share-link av-social-link-linkedin' ><a target=\"_blank\" aria-label=\"Compartir en LinkedIn\" href='https:\/\/linkedin.com\/shareArticle?mini=true&#038;title=Estudiantes%20del%20CFT%20destacan%20inicio%20del%20a%C3%B1o%20acad%C3%A9mico&#038;url=https:\/\/radiorevelacionfm.cl\/?p=16364' aria-hidden='false' data-av_icon='\ue8fc' data-av_iconfont='entypo-fontello' title='' data-avia-related-tooltip='Compartir en LinkedIn' rel=\"noopener\"><span class='avia_hidden_link_text'>Compartir en LinkedIn<\/span><\/a><\/li><li class='av-share-link av-social-link-mail' ><a  aria-label=\"Compartir por correo\" href='mailto:?subject=Estudiantes%20del%20CFT%20destacan%20inicio%20del%20a%C3%B1o%20acad%C3%A9mico&#038;body=https:\/\/radiorevelacionfm.cl\/?p=16364' aria-hidden='false' data-av_icon='\ue805' data-av_iconfont='entypo-fontello' title='' data-avia-related-tooltip='Compartir por correo'><span class='avia_hidden_link_text'>Compartir por correo<\/span><\/a><\/li><\/ul><\/div><\/div>\n<div  style='height:50px' class='hr hr-invisible   avia-builder-el-8  el_after_av_social_share  el_before_av_comments_list '><span class='hr-inner ' ><span class='hr-inner-style'><\/span><\/span><\/div>\n<div  class='av-buildercomment  av-blog-meta-html-info-disabled av-blog-meta-tag-disabled  '><\/div>\n","protected":false},"excerpt":{"rendered":"","protected":false},"author":1,"featured_media":16365,"comment_status":"open","ping_status":"open","sticky":false,"template":"","format":"standard","meta":{"footnotes":""},"categories":[49,38],"tags":[],"class_list":["post-16364","post","type-post","status-publish","format-standard","has-post-thumbnail","hentry","category-educacion","category-regional"],"jetpack_featured_media_url":"https:\/\/radiorevelacionfm.cl\/wp-content\/uploads\/2022\/04\/3-70-2-1.jpg","_links":{"self":[{"href":"https:\/\/radiorevelacionfm.cl\/index.php?rest_route=\/wp\/v2\/posts\/16364","targetHints":{"allow":["GET"]}}],"collection":[{"href":"https:\/\/radiorevelacionfm.cl\/index.php?rest_route=\/wp\/v2\/posts"}],"about":[{"href":"https:\/\/radiorevelacionfm.cl\/index.php?rest_route=\/wp\/v2\/types\/post"}],"author":[{"embeddable":true,"href":"https:\/\/radiorevelacionfm.cl\/index.php?rest_route=\/wp\/v2\/users\/1"}],"replies":[{"embeddable":true,"href":"https:\/\/radiorevelacionfm.cl\/index.php?rest_route=%2Fwp%2Fv2%2Fcomments&post=16364"}],"version-history":[{"count":2,"href":"https:\/\/radiorevelacionfm.cl\/index.php?rest_route=\/wp\/v2\/posts\/16364\/revisions"}],"predecessor-version":[{"id":16367,"href":"https:\/\/radiorevelacionfm.cl\/index.php?rest_route=\/wp\/v2\/posts\/16364\/revisions\/16367"}],"wp:featuredmedia":[{"embeddable":true,"href":"https:\/\/radiorevelacionfm.cl\/index.php?rest_route=\/wp\/v2\/media\/16365"}],"wp:attachment":[{"href":"https:\/\/radiorevelacionfm.cl\/index.php?rest_route=%2Fwp%2Fv2%2Fmedia&parent=16364"}],"wp:term":[{"taxonomy":"category","embeddable":true,"href":"https:\/\/radiorevelacionfm.cl\/index.php?rest_route=%2Fwp%2Fv2%2Fcategories&post=16364"},{"taxonomy":"post_tag","embeddable":true,"href":"https:\/\/radiorevelacionfm.cl\/index.php?rest_route=%2Fwp%2Fv2%2Ftags&post=16364"}],"curies":[{"name":"wp","href":"https:\/\/api.w.org\/{rel}","templated":true}]}}