{"id":16352,"date":"2022-04-29T20:09:11","date_gmt":"2022-04-29T23:09:11","guid":{"rendered":"https:\/\/radiorevelacionfm.cl\/?p=16352"},"modified":"2022-04-29T20:09:11","modified_gmt":"2022-04-29T23:09:11","slug":"en-puerto-aysen-pdi-detiene-a-imputado-por-delito-flagrante-de-lesiones-leves-en-contexto-de-vif","status":"publish","type":"post","link":"https:\/\/radiorevelacionfm.cl\/?p=16352","title":{"rendered":"En Puerto Ays\u00e9n PDI detiene a imputado por delito flagrante de lesiones leves en contexto de VIF"},"content":{"rendered":"<div class=\"flex_column av_one_full  flex_column_div av-zero-column-padding first  avia-builder-el-0  el_before_av_one_full  avia-builder-el-first  \" style='border-radius:0px; '><div  class='avia-image-container  av-styling-    avia-builder-el-1  avia-builder-el-no-sibling  avia-align-center '  itemprop=\"image\" itemscope=\"itemscope\" itemtype=\"https:\/\/schema.org\/ImageObject\"  ><div class='avia-image-container-inner'><div class='avia-image-overlay-wrap'><img decoding=\"async\" class='wp-image-16354 avia-img-lazy-loading-not-16354 avia_image' src=\"https:\/\/radiorevelacionfm.cl\/wp-content\/uploads\/2022\/04\/PDI-Imagen-referencial-1-1.jpg\" alt='' title='PDI Imagen referencial (1) (1)' height=\"600\" width=\"900\"  itemprop=\"thumbnailUrl\" srcset=\"https:\/\/radiorevelacionfm.cl\/wp-content\/uploads\/2022\/04\/PDI-Imagen-referencial-1-1.jpg 900w, https:\/\/radiorevelacionfm.cl\/wp-content\/uploads\/2022\/04\/PDI-Imagen-referencial-1-1-300x200.jpg 300w, https:\/\/radiorevelacionfm.cl\/wp-content\/uploads\/2022\/04\/PDI-Imagen-referencial-1-1-768x512.jpg 768w, https:\/\/radiorevelacionfm.cl\/wp-content\/uploads\/2022\/04\/PDI-Imagen-referencial-1-1-705x470.jpg 705w, https:\/\/radiorevelacionfm.cl\/wp-content\/uploads\/2022\/04\/PDI-Imagen-referencial-1-1-600x400.jpg 600w\" sizes=\"(max-width: 900px) 100vw, 900px\" \/><\/div><\/div><\/div><\/div><div class=\"flex_column av_one_full  flex_column_div av-zero-column-padding first  avia-builder-el-2  el_after_av_one_full  el_before_av_one_full  column-top-margin\" style='border-radius:0px; '><section class=\"av_textblock_section \"  itemscope=\"itemscope\" itemtype=\"https:\/\/schema.org\/BlogPosting\" itemprop=\"blogPost\" ><div class='avia_textblock  '   itemprop=\"text\" ><p style=\"text-align: center;\"><span style=\"font-size: 18pt;\"><strong>En Puerto Ays\u00e9n PDI detiene a imputado por delito flagrante de lesiones leves en contexto de VIF<\/strong><\/span><\/p>\n<div id=\"gtx-trans\" style=\"position: absolute; left: -50px; top: 4.31534px;\">\n<div class=\"gtx-trans-icon\"><\/div>\n<\/div>\n<\/div><\/section><\/div><div class=\"flex_column av_one_full  flex_column_div av-zero-column-padding first  avia-builder-el-4  el_after_av_one_full  el_before_av_hr  column-top-margin\" style='border-radius:0px; '><section class=\"av_textblock_section \"  itemscope=\"itemscope\" itemtype=\"https:\/\/schema.org\/BlogPosting\" itemprop=\"blogPost\" ><div class='avia_textblock  '   itemprop=\"text\" ><p style=\"text-align: justify;\">Detectives de la Prefectura Provincial Ays\u00e9n detuvieron a un imputado, mayor de edad y sin antecedentes policiales, por el delito flagrante de lesiones leves en contexto de violencia intrafamiliar, hecho ocurrido en un domicilio de la ciudad de Puerto Ays\u00e9n, cuyas diligencias fueron informadas y trabajadas en coordinaci\u00f3n con el Ministerio P\u00fablico.<\/p>\n<p style=\"text-align: justify;\">Al respecto, el jefe de la Brigada de Investigaci\u00f3n Criminal (BICRIM) Ays\u00e9n, subprefecto Eduardo Charpentier, inform\u00f3 que \u201cdetectives de la Prefectura Provincial Ays\u00e9n en virtud a una denuncia efectuada a trav\u00e9s del nivel de emergencias 134, concurren hasta un domicilio ubicado en la comuna de Puerto Ays\u00e9n, ocasi\u00f3n en la cual encuentran a la afectada con lesiones atribuibles a una discusi\u00f3n que hab\u00eda mantenido momentos antes con su pareja\u201d.<\/p>\n<p style=\"text-align: justify;\">En la ocasi\u00f3n se realizaron diversas diligencias investigativas como la fijaci\u00f3n del sitio de suceso, empadronamientos y declaraci\u00f3n de testigos, as\u00ed como tambi\u00e9n \u201clas diligencias tendientes a la ubicaci\u00f3n de esta persona y, luego de efectuar diversas averiguaciones, el imputado es detenido para ser puesto a disposici\u00f3n del Juzgado de Garant\u00eda de Puerto Ays\u00e9n por el delito flagrante de lesiones leves en contexto de violencia intrafamiliar\u201d, agreg\u00f3 el subprefecto Eduardo Charpentier destacando la coordinaci\u00f3n con la Fiscal\u00eda.<\/p>\n<p style=\"text-align: justify;\">Sobre la importancia de denunciar estos hechos, el jefe de la BICRIM Ays\u00e9n sostuvo que \u201ceste tipo de situaciones no deben ser normalizadas por la ciudadan\u00eda, las personas que conozcan este tipo de situaciones o quienes sean v\u00edctimas de ella, deben denunciar estos hechos a las polic\u00edas lo que permitir\u00e1 desarrollar investigaciones e iniciar el proceso penal correspondiente\u201d.<\/p>\n<p style=\"text-align: justify;\">El Tribunal decret\u00f3 legal la detenci\u00f3n del imputado y las medidas cautelares de abandonar el hogar que mantiene con la v\u00edctima y la prohibici\u00f3n de acercarse a ella.<\/p>\n<\/div><\/section><\/div><div  style='height:50px' class='hr hr-invisible   avia-builder-el-6  el_after_av_one_full  el_before_av_social_share '><span class='hr-inner ' ><span class='hr-inner-style'><\/span><\/span><\/div><\/p>\n<div  class='av-social-sharing-box  avia-builder-el-7  el_after_av_hr  el_before_av_hr  '><div class='av-share-box'><h5 class='av-share-link-description av-no-toc '>Compartir esta noticia<\/h5><ul class='av-share-box-list noLightbox'><li class='av-share-link av-social-link-facebook' ><a target=\"_blank\" aria-label=\"Compartir en Facebook\" href='https:\/\/www.facebook.com\/sharer.php?u=https:\/\/radiorevelacionfm.cl\/?p=16352&#038;t=En%20Puerto%20Ays%C3%A9n%20PDI%20detiene%20a%20imputado%20por%20delito%20flagrante%20de%20lesiones%20leves%20en%20contexto%20de%20VIF' aria-hidden='false' data-av_icon='\ue8f3' data-av_iconfont='entypo-fontello' title='' data-avia-related-tooltip='Compartir en Facebook' rel=\"noopener\"><span class='avia_hidden_link_text'>Compartir en Facebook<\/span><\/a><\/li><li class='av-share-link av-social-link-twitter' ><a target=\"_blank\" aria-label=\"Compartir en Twitter\" href='https:\/\/twitter.com\/share?text=En%20Puerto%20Ays%C3%A9n%20PDI%20detiene%20a%20imputado%20por%20delito%20flagrante%20de%20lesiones%20leves%20en%20contexto%20de%20VIF&#038;url=https:\/\/radiorevelacionfm.cl\/?p=16352' aria-hidden='false' data-av_icon='\ue8f1' data-av_iconfont='entypo-fontello' title='' data-avia-related-tooltip='Compartir en Twitter' rel=\"noopener\"><span class='avia_hidden_link_text'>Compartir en Twitter<\/span><\/a><\/li><li class='av-share-link av-social-link-whatsapp' ><a target=\"_blank\" aria-label=\"Compartir en Whatsapp\" href='https:\/\/api.whatsapp.com\/send?text=https:\/\/radiorevelacionfm.cl\/?p=16352' aria-hidden='false' data-av_icon='\uf232' data-av_iconfont='entypo-fontello' title='' data-avia-related-tooltip='Compartir en Whatsapp' rel=\"noopener\"><span class='avia_hidden_link_text'>Compartir en Whatsapp<\/span><\/a><\/li><li class='av-share-link av-social-link-linkedin' ><a target=\"_blank\" aria-label=\"Compartir en LinkedIn\" href='https:\/\/linkedin.com\/shareArticle?mini=true&#038;title=En%20Puerto%20Ays%C3%A9n%20PDI%20detiene%20a%20imputado%20por%20delito%20flagrante%20de%20lesiones%20leves%20en%20contexto%20de%20VIF&#038;url=https:\/\/radiorevelacionfm.cl\/?p=16352' aria-hidden='false' data-av_icon='\ue8fc' data-av_iconfont='entypo-fontello' title='' data-avia-related-tooltip='Compartir en LinkedIn' rel=\"noopener\"><span class='avia_hidden_link_text'>Compartir en LinkedIn<\/span><\/a><\/li><li class='av-share-link av-social-link-mail' ><a  aria-label=\"Compartir por correo\" href='mailto:?subject=En%20Puerto%20Ays%C3%A9n%20PDI%20detiene%20a%20imputado%20por%20delito%20flagrante%20de%20lesiones%20leves%20en%20contexto%20de%20VIF&#038;body=https:\/\/radiorevelacionfm.cl\/?p=16352' aria-hidden='false' data-av_icon='\ue805' data-av_iconfont='entypo-fontello' title='' data-avia-related-tooltip='Compartir por correo'><span class='avia_hidden_link_text'>Compartir por correo<\/span><\/a><\/li><\/ul><\/div><\/div>\n<div  style='height:50px' class='hr hr-invisible   avia-builder-el-8  el_after_av_social_share  el_before_av_comments_list '><span class='hr-inner ' ><span class='hr-inner-style'><\/span><\/span><\/div>\n<div  class='av-buildercomment  av-blog-meta-html-info-disabled av-blog-meta-tag-disabled  '><\/div>\n","protected":false},"excerpt":{"rendered":"","protected":false},"author":1,"featured_media":16354,"comment_status":"open","ping_status":"open","sticky":false,"template":"","format":"standard","meta":{"footnotes":""},"categories":[36],"tags":[],"class_list":["post-16352","post","type-post","status-publish","format-standard","has-post-thumbnail","hentry","category-policial"],"jetpack_featured_media_url":"https:\/\/radiorevelacionfm.cl\/wp-content\/uploads\/2022\/04\/PDI-Imagen-referencial-1-1.jpg","_links":{"self":[{"href":"https:\/\/radiorevelacionfm.cl\/index.php?rest_route=\/wp\/v2\/posts\/16352","targetHints":{"allow":["GET"]}}],"collection":[{"href":"https:\/\/radiorevelacionfm.cl\/index.php?rest_route=\/wp\/v2\/posts"}],"about":[{"href":"https:\/\/radiorevelacionfm.cl\/index.php?rest_route=\/wp\/v2\/types\/post"}],"author":[{"embeddable":true,"href":"https:\/\/radiorevelacionfm.cl\/index.php?rest_route=\/wp\/v2\/users\/1"}],"replies":[{"embeddable":true,"href":"https:\/\/radiorevelacionfm.cl\/index.php?rest_route=%2Fwp%2Fv2%2Fcomments&post=16352"}],"version-history":[{"count":2,"href":"https:\/\/radiorevelacionfm.cl\/index.php?rest_route=\/wp\/v2\/posts\/16352\/revisions"}],"predecessor-version":[{"id":16356,"href":"https:\/\/radiorevelacionfm.cl\/index.php?rest_route=\/wp\/v2\/posts\/16352\/revisions\/16356"}],"wp:featuredmedia":[{"embeddable":true,"href":"https:\/\/radiorevelacionfm.cl\/index.php?rest_route=\/wp\/v2\/media\/16354"}],"wp:attachment":[{"href":"https:\/\/radiorevelacionfm.cl\/index.php?rest_route=%2Fwp%2Fv2%2Fmedia&parent=16352"}],"wp:term":[{"taxonomy":"category","embeddable":true,"href":"https:\/\/radiorevelacionfm.cl\/index.php?rest_route=%2Fwp%2Fv2%2Fcategories&post=16352"},{"taxonomy":"post_tag","embeddable":true,"href":"https:\/\/radiorevelacionfm.cl\/index.php?rest_route=%2Fwp%2Fv2%2Ftags&post=16352"}],"curies":[{"name":"wp","href":"https:\/\/api.w.org\/{rel}","templated":true}]}}