{"id":16349,"date":"2022-04-29T20:41:01","date_gmt":"2022-04-29T23:41:01","guid":{"rendered":"https:\/\/radiorevelacionfm.cl\/?p=16349"},"modified":"2022-04-29T20:41:01","modified_gmt":"2022-04-29T23:41:01","slug":"proyecto-urbano-en-cerrito-mirador-renueva-equipamiento-publico-y-espacios-turisticos","status":"publish","type":"post","link":"https:\/\/radiorevelacionfm.cl\/?p=16349","title":{"rendered":"Proyecto urbano en Cerrito Mirador renueva equipamiento p\u00fablico y espacios tur\u00edsticos"},"content":{"rendered":"<div class=\"flex_column av_one_full  flex_column_div av-zero-column-padding first  avia-builder-el-0  el_before_av_one_full  avia-builder-el-first  \" style='border-radius:0px; '><div  class='avia-image-container  av-styling-    avia-builder-el-1  avia-builder-el-no-sibling  avia-align-center '  itemprop=\"image\" itemscope=\"itemscope\" itemtype=\"https:\/\/schema.org\/ImageObject\"  ><div class='avia-image-container-inner'><div class='avia-image-overlay-wrap'><img decoding=\"async\" class='wp-image-16350 avia-img-lazy-loading-not-16350 avia_image' src=\"https:\/\/radiorevelacionfm.cl\/wp-content\/uploads\/2022\/04\/dsc_0159-1-1_optimized.jpg\" alt='' title='dsc_0159-(1)-(1)_optimized' height=\"600\" width=\"900\"  itemprop=\"thumbnailUrl\" srcset=\"https:\/\/radiorevelacionfm.cl\/wp-content\/uploads\/2022\/04\/dsc_0159-1-1_optimized.jpg 900w, https:\/\/radiorevelacionfm.cl\/wp-content\/uploads\/2022\/04\/dsc_0159-1-1_optimized-300x200.jpg 300w, https:\/\/radiorevelacionfm.cl\/wp-content\/uploads\/2022\/04\/dsc_0159-1-1_optimized-768x512.jpg 768w, https:\/\/radiorevelacionfm.cl\/wp-content\/uploads\/2022\/04\/dsc_0159-1-1_optimized-705x470.jpg 705w, https:\/\/radiorevelacionfm.cl\/wp-content\/uploads\/2022\/04\/dsc_0159-1-1_optimized-600x400.jpg 600w\" sizes=\"(max-width: 900px) 100vw, 900px\" \/><\/div><\/div><\/div><\/div><div class=\"flex_column av_one_full  flex_column_div av-zero-column-padding first  avia-builder-el-2  el_after_av_one_full  el_before_av_one_full  column-top-margin\" style='border-radius:0px; '><section class=\"av_textblock_section \"  itemscope=\"itemscope\" itemtype=\"https:\/\/schema.org\/BlogPosting\" itemprop=\"blogPost\" ><div class='avia_textblock  '   itemprop=\"text\" ><p style=\"text-align: center;\"><span style=\"font-size: 18pt;\"><strong>Proyecto urbano en Cerrito Mirador renueva equipamiento p\u00fablico y espacios tur\u00edsticos <\/strong><\/span><\/p>\n<div id=\"gtx-trans\" style=\"position: absolute; left: -50px; top: 4.31534px;\">\n<div class=\"gtx-trans-icon\"><\/div>\n<\/div>\n<\/div><\/section><\/div><div class=\"flex_column av_one_full  flex_column_div av-zero-column-padding first  avia-builder-el-4  el_after_av_one_full  el_before_av_hr  column-top-margin\" style='border-radius:0px; '><section class=\"av_textblock_section \"  itemscope=\"itemscope\" itemtype=\"https:\/\/schema.org\/BlogPosting\" itemprop=\"blogPost\" ><div class='avia_textblock  '   itemprop=\"text\" ><p style=\"text-align: justify;\">Desde la organizaci\u00f3n comunitaria, vecinas y vecinos de Puerto Ays\u00e9n cristalizaron a trav\u00e9s del Programa de Mejoramiento de Viviendas y Barrios D.S. N\u00b027, el primer hito de las obras en el Cerrito Mirador. La reciente inauguraci\u00f3n tuvo lugar entre las intersecciones de Lautaro y Carrera, contando con la asistencia de la seremi de Vivienda y Urbanismo, Paulina Ruz y autoridades de la Municipalidad de Ays\u00e9n.<\/p>\n<p style=\"text-align: justify;\">En sus requerimientos de ampliar y contribuir a los espacios p\u00fablicos, moradores de Puerto Ays\u00e9n, mediante financiamiento del Ministerio de Vivienda y Urbanismo (Minvu), junto al compromiso de la Entidad Patrocinante de la casa edilicia porte\u00f1a, dieron un gran paso en materia urban\u00edstica, luego que el dise\u00f1o evaluado en 3.200 UF comenzar\u00e1 a tomar forma.<\/p>\n<p style=\"text-align: justify;\">La ceremonia, en esta ocasi\u00f3n, contempl\u00f3 la primera entrega del proyecto que viene a recuperar y favorecer lugares de encuentros para la familia, por lo que la titular del Ejecutivo en la regi\u00f3n de Ays\u00e9n, detall\u00f3 que el \u201cMinvu tiene un rol importante de construcci\u00f3n de vivienda, de mejorar la calidad de vida desde ese espacio, pero tambi\u00e9n un tremendo rol respecto del mejoramiento de espacios comunitarios donde la vida en sociedad se construye\u201d.<\/p>\n<p style=\"text-align: justify;\">Alusivo a los beneficios que traer\u00e1 el mirador, el director de Seguridad P\u00fablica, Marco Co\u00f1uecar enfatiz\u00f3 los cambios en la calidad de vida para residentes, as\u00ed como la necesidad imperante de mantener en buen estado las zonas de esparcimiento. \u00a0\u201cEl compromiso de nosotros los ayseninos es cuidarlo, protegerlo. Tenemos un gran deber\u201d, sostuvo la autoridad en representaci\u00f3n del alcalde Julio Uribe Alvarado, a\u00f1adiendo que \u201cvamos a buscar la protecci\u00f3n de todos estos sectores que son sumamente necesarios\u201d.<\/p>\n<p style=\"text-align: justify;\">Algo necesario de mencionar y que fue expuesto por los invitados, recae en la naturaleza del proyecto, hecho que la seremi de Vivienda y Urbanismo expuso en pleno discurso, donde subray\u00f3 el modelo participativo en la formulaci\u00f3n de ideas y el actuar municipal. \u201cSe destaca la organizaci\u00f3n que tienen, la disposici\u00f3n y tambi\u00e9n la forma en que quieren contribuir con hechos concretos, adem\u00e1s de embellecer la ciudad\u201d, expres\u00f3 Ruz tras ser impulsado por la propia comunidad.<\/p>\n<p style=\"text-align: justify;\">Mientras que el concejal Gabriel Mu\u00f1oz se\u00f1al\u00f3 que, al ser un lugar estrat\u00e9gico, favorece al turismo y el desarrollo comunal, por lo que la concientizaci\u00f3n en cuanto a la preservaci\u00f3n de la infraestructura es fundamental. \u201cCuiden el este sector porque es algo emblem\u00e1tico, adem\u00e1s vamos a tener muy buena iluminaci\u00f3n en la noche\u201d, acot\u00f3 la autoridad.<\/p>\n<\/div><\/section><\/div><div  style='height:50px' class='hr hr-invisible   avia-builder-el-6  el_after_av_one_full  el_before_av_social_share '><span class='hr-inner ' ><span class='hr-inner-style'><\/span><\/span><\/div><\/p>\n<div  class='av-social-sharing-box  avia-builder-el-7  el_after_av_hr  el_before_av_hr  '><div class='av-share-box'><h5 class='av-share-link-description av-no-toc '>Compartir esta noticia<\/h5><ul class='av-share-box-list noLightbox'><li class='av-share-link av-social-link-facebook' ><a target=\"_blank\" aria-label=\"Compartir en Facebook\" href='https:\/\/www.facebook.com\/sharer.php?u=https:\/\/radiorevelacionfm.cl\/?p=16349&#038;t=Proyecto%20urbano%20en%20Cerrito%20Mirador%20renueva%20equipamiento%20p%C3%BAblico%20y%20espacios%20tur%C3%ADsticos' aria-hidden='false' data-av_icon='\ue8f3' data-av_iconfont='entypo-fontello' title='' data-avia-related-tooltip='Compartir en Facebook' rel=\"noopener\"><span class='avia_hidden_link_text'>Compartir en Facebook<\/span><\/a><\/li><li class='av-share-link av-social-link-twitter' ><a target=\"_blank\" aria-label=\"Compartir en Twitter\" href='https:\/\/twitter.com\/share?text=Proyecto%20urbano%20en%20Cerrito%20Mirador%20renueva%20equipamiento%20p%C3%BAblico%20y%20espacios%20tur%C3%ADsticos&#038;url=https:\/\/radiorevelacionfm.cl\/?p=16349' aria-hidden='false' data-av_icon='\ue8f1' data-av_iconfont='entypo-fontello' title='' data-avia-related-tooltip='Compartir en Twitter' rel=\"noopener\"><span class='avia_hidden_link_text'>Compartir en Twitter<\/span><\/a><\/li><li class='av-share-link av-social-link-whatsapp' ><a target=\"_blank\" aria-label=\"Compartir en Whatsapp\" href='https:\/\/api.whatsapp.com\/send?text=https:\/\/radiorevelacionfm.cl\/?p=16349' aria-hidden='false' data-av_icon='\uf232' data-av_iconfont='entypo-fontello' title='' data-avia-related-tooltip='Compartir en Whatsapp' rel=\"noopener\"><span class='avia_hidden_link_text'>Compartir en Whatsapp<\/span><\/a><\/li><li class='av-share-link av-social-link-linkedin' ><a target=\"_blank\" aria-label=\"Compartir en LinkedIn\" href='https:\/\/linkedin.com\/shareArticle?mini=true&#038;title=Proyecto%20urbano%20en%20Cerrito%20Mirador%20renueva%20equipamiento%20p%C3%BAblico%20y%20espacios%20tur%C3%ADsticos&#038;url=https:\/\/radiorevelacionfm.cl\/?p=16349' aria-hidden='false' data-av_icon='\ue8fc' data-av_iconfont='entypo-fontello' title='' data-avia-related-tooltip='Compartir en LinkedIn' rel=\"noopener\"><span class='avia_hidden_link_text'>Compartir en LinkedIn<\/span><\/a><\/li><li class='av-share-link av-social-link-mail' ><a  aria-label=\"Compartir por correo\" href='mailto:?subject=Proyecto%20urbano%20en%20Cerrito%20Mirador%20renueva%20equipamiento%20p%C3%BAblico%20y%20espacios%20tur%C3%ADsticos&#038;body=https:\/\/radiorevelacionfm.cl\/?p=16349' aria-hidden='false' data-av_icon='\ue805' data-av_iconfont='entypo-fontello' title='' data-avia-related-tooltip='Compartir por correo'><span class='avia_hidden_link_text'>Compartir por correo<\/span><\/a><\/li><\/ul><\/div><\/div>\n<div  style='height:50px' class='hr hr-invisible   avia-builder-el-8  el_after_av_social_share  el_before_av_comments_list '><span class='hr-inner ' ><span class='hr-inner-style'><\/span><\/span><\/div>\n<div  class='av-buildercomment  av-blog-meta-html-info-disabled av-blog-meta-tag-disabled  '><\/div>\n","protected":false},"excerpt":{"rendered":"","protected":false},"author":1,"featured_media":16350,"comment_status":"open","ping_status":"open","sticky":false,"template":"","format":"standard","meta":{"footnotes":""},"categories":[38],"tags":[],"class_list":["post-16349","post","type-post","status-publish","format-standard","has-post-thumbnail","hentry","category-regional"],"jetpack_featured_media_url":"https:\/\/radiorevelacionfm.cl\/wp-content\/uploads\/2022\/04\/dsc_0159-1-1_optimized.jpg","_links":{"self":[{"href":"https:\/\/radiorevelacionfm.cl\/index.php?rest_route=\/wp\/v2\/posts\/16349","targetHints":{"allow":["GET"]}}],"collection":[{"href":"https:\/\/radiorevelacionfm.cl\/index.php?rest_route=\/wp\/v2\/posts"}],"about":[{"href":"https:\/\/radiorevelacionfm.cl\/index.php?rest_route=\/wp\/v2\/types\/post"}],"author":[{"embeddable":true,"href":"https:\/\/radiorevelacionfm.cl\/index.php?rest_route=\/wp\/v2\/users\/1"}],"replies":[{"embeddable":true,"href":"https:\/\/radiorevelacionfm.cl\/index.php?rest_route=%2Fwp%2Fv2%2Fcomments&post=16349"}],"version-history":[{"count":2,"href":"https:\/\/radiorevelacionfm.cl\/index.php?rest_route=\/wp\/v2\/posts\/16349\/revisions"}],"predecessor-version":[{"id":16357,"href":"https:\/\/radiorevelacionfm.cl\/index.php?rest_route=\/wp\/v2\/posts\/16349\/revisions\/16357"}],"wp:featuredmedia":[{"embeddable":true,"href":"https:\/\/radiorevelacionfm.cl\/index.php?rest_route=\/wp\/v2\/media\/16350"}],"wp:attachment":[{"href":"https:\/\/radiorevelacionfm.cl\/index.php?rest_route=%2Fwp%2Fv2%2Fmedia&parent=16349"}],"wp:term":[{"taxonomy":"category","embeddable":true,"href":"https:\/\/radiorevelacionfm.cl\/index.php?rest_route=%2Fwp%2Fv2%2Fcategories&post=16349"},{"taxonomy":"post_tag","embeddable":true,"href":"https:\/\/radiorevelacionfm.cl\/index.php?rest_route=%2Fwp%2Fv2%2Ftags&post=16349"}],"curies":[{"name":"wp","href":"https:\/\/api.w.org\/{rel}","templated":true}]}}