{"id":16344,"date":"2022-04-30T11:48:56","date_gmt":"2022-04-30T14:48:56","guid":{"rendered":"https:\/\/radiorevelacionfm.cl\/?p=16344"},"modified":"2022-04-30T11:48:56","modified_gmt":"2022-04-30T14:48:56","slug":"sag-llama-a-trabajar-en-conjunto-para-mantener-la-sanidad-apicola-en-aysen","status":"publish","type":"post","link":"https:\/\/radiorevelacionfm.cl\/?p=16344","title":{"rendered":"SAG llama a trabajar en conjunto para mantener la sanidad ap\u00edcola en Ays\u00e9n"},"content":{"rendered":"<div class=\"flex_column av_one_full  flex_column_div av-zero-column-padding first  avia-builder-el-0  el_before_av_one_full  avia-builder-el-first  \" style='border-radius:0px; '><div  class='avia-image-container  av-styling-    avia-builder-el-1  avia-builder-el-no-sibling  avia-align-center '  itemprop=\"image\" itemscope=\"itemscope\" itemtype=\"https:\/\/schema.org\/ImageObject\"  ><div class='avia-image-container-inner'><div class='avia-image-overlay-wrap'><img decoding=\"async\" class='wp-image-16345 avia-img-lazy-loading-not-16345 avia_image' src=\"https:\/\/radiorevelacionfm.cl\/wp-content\/uploads\/2022\/04\/comunicado3-1-1_optimized.jpg\" alt='' title='comunicado3-(1)-(1)_optimized' height=\"600\" width=\"1067\"  itemprop=\"thumbnailUrl\" srcset=\"https:\/\/radiorevelacionfm.cl\/wp-content\/uploads\/2022\/04\/comunicado3-1-1_optimized.jpg 1067w, https:\/\/radiorevelacionfm.cl\/wp-content\/uploads\/2022\/04\/comunicado3-1-1_optimized-300x169.jpg 300w, https:\/\/radiorevelacionfm.cl\/wp-content\/uploads\/2022\/04\/comunicado3-1-1_optimized-1030x579.jpg 1030w, https:\/\/radiorevelacionfm.cl\/wp-content\/uploads\/2022\/04\/comunicado3-1-1_optimized-768x432.jpg 768w, https:\/\/radiorevelacionfm.cl\/wp-content\/uploads\/2022\/04\/comunicado3-1-1_optimized-705x396.jpg 705w, https:\/\/radiorevelacionfm.cl\/wp-content\/uploads\/2022\/04\/comunicado3-1-1_optimized-600x337.jpg 600w\" sizes=\"(max-width: 1067px) 100vw, 1067px\" \/><\/div><\/div><\/div><\/div><div class=\"flex_column av_one_full  flex_column_div av-zero-column-padding first  avia-builder-el-2  el_after_av_one_full  el_before_av_one_full  column-top-margin\" style='border-radius:0px; '><section class=\"av_textblock_section \"  itemscope=\"itemscope\" itemtype=\"https:\/\/schema.org\/BlogPosting\" itemprop=\"blogPost\" ><div class='avia_textblock  '   itemprop=\"text\" ><p style=\"text-align: center;\" align=\"center\"><strong><span style=\"font-size: 18pt;\">SAG llama a trabajar en conjunto para mantener la sanidad ap\u00edcola en Ays\u00e9n<\/span><\/strong><\/p>\n<div id=\"gtx-trans\" style=\"position: absolute; left: -50px; top: 4.31534px;\">\n<div class=\"gtx-trans-icon\"><\/div>\n<\/div>\n<\/div><\/section><\/div><div class=\"flex_column av_one_full  flex_column_div av-zero-column-padding first  avia-builder-el-4  el_after_av_one_full  el_before_av_hr  column-top-margin\" style='border-radius:0px; '><section class=\"av_textblock_section \"  itemscope=\"itemscope\" itemtype=\"https:\/\/schema.org\/BlogPosting\" itemprop=\"blogPost\" ><div class='avia_textblock  '   itemprop=\"text\" ><p style=\"text-align: justify;\">El Servicio Agr\u00edcola y Ganadero Ays\u00e9n, es la autoridad oficial encargada de mantener e incrementar el patrimonio zoosanitario del pa\u00eds y responsable de velar\u00a0 por la protecci\u00f3n, mantenci\u00f3n e incremento de la salud animal, en ese contexto funcionarios y funcionarias realizan planes de vigilancia sanitaria bajo un plan anual de monitoreo con inspecciones y tomas de muestras, para monitorizar ausencia de enfermedades Ex\u00f3ticas tales como \u201cPeque\u00f1o escarabajo de la Colmena y Tropilaelapsosis, y detectar enfermedades end\u00e9micas como el par\u00e1sito de las abejas <em>Varroa destructor.<\/em><\/p>\n<p style=\"text-align: justify;\"><em>\u00a0<\/em><em>Seremi Agricultura Ays\u00e9n, Alan Espinoza<\/em>\u00a0Ortiz \u201ces de vital importancia mantener el patrimonio ap\u00edcola en Ays\u00e9n, resguardando los apiarios y los productos derivados, es por esto, que el Servicio Agr\u00edcola, est\u00e1 trabajando de manera permanente, desarrollando planes de vigilancia sanitaria, entregando las garant\u00edas que permitan resguardar el bienestar de las abejas en todo nuestro territorio, permitiendo as\u00ed la inocuidad de la cadena productiva regional, generando un valor agregado, permitiendo un mayor potencial y crecimiento del mercado, potenciando y visibilizando el trabajo de los productores y productoras regionales\u201d.<\/p>\n<p style=\"text-align: justify;\">Nicol\u00e1s Valdivieso, Encargado Regional Protecci\u00f3n Pecuaria Ays\u00e9n, se\u00f1ala, para demostrar la condici\u00f3n sanitaria de la regi\u00f3n es importante mantener una vigilancia muy ordenada y sistem\u00e1tica. No hay que olvidar que desde el a\u00f1o 2019 la regi\u00f3n cuenta con el estatus sanitario, de regi\u00f3n libre de Loque americana, una condici\u00f3n que solo ostenta Ays\u00e9n e Isla de Pascua. Para esto el SAG tienen una regulaci\u00f3n espec\u00edfica que permite mantener esta condici\u00f3n y que restringe el ingreso de material vivo y equipamiento ap\u00edcola, por eso hacemos el llamado a los productores y productoras a respetar esta regulaci\u00f3n y a denunciar aquellos apicultores que la trasgredan\u201d.<\/p>\n<p style=\"text-align: justify;\">\u201cPara realizar una vigilancia real y proteger el patrimonio sanitario ap\u00edcola es importante que las personas que se dedican al rubro, registren y declaren sus apiarios en el Registro Oficial de Apicultores del Servicio Agr\u00edcola y Ganadero. Esto permite orientar las acciones de vigilancia sanitaria, detectar las enfermedades que afectan las colmenas y recoger informaci\u00f3n sobre las acciones o manejos sanitarios que efect\u00faan los productores en sus apiarios, lo que nos permite poder orientarlos para poder mantener sus colmenares sanos y ser m\u00e1s productivos\u201d indic\u00f3 el M\u00e9dico Veterinario, Tom\u00e1s Chac\u00f3n.<\/p>\n<p style=\"text-align: justify;\">Finalmente, se reitera el llamado a los propietarios y tenedores de predios en la zona norte de la regi\u00f3n, estar alerta frente a ofertas de apicultores transhumantes, ingresar colmenas sin autorizaci\u00f3n sanitaria, que pueden ser portadores de enfermedades y afectar la condici\u00f3n sanitaria de regi\u00f3n libre de loque americana que ha logrado Ays\u00e9n.<\/p>\n<\/div><\/section><\/div><div  style='height:50px' class='hr hr-invisible   avia-builder-el-6  el_after_av_one_full  el_before_av_social_share '><span class='hr-inner ' ><span class='hr-inner-style'><\/span><\/span><\/div><\/p>\n<div  class='av-social-sharing-box  avia-builder-el-7  el_after_av_hr  el_before_av_hr  '><div class='av-share-box'><h5 class='av-share-link-description av-no-toc '>Compartir esta noticia<\/h5><ul class='av-share-box-list noLightbox'><li class='av-share-link av-social-link-facebook' ><a target=\"_blank\" aria-label=\"Compartir en Facebook\" href='https:\/\/www.facebook.com\/sharer.php?u=https:\/\/radiorevelacionfm.cl\/?p=16344&#038;t=SAG%20llama%20a%20trabajar%20en%20conjunto%20para%20mantener%20la%20sanidad%20ap%C3%ADcola%20en%20Ays%C3%A9n' aria-hidden='false' data-av_icon='\ue8f3' data-av_iconfont='entypo-fontello' title='' data-avia-related-tooltip='Compartir en Facebook' rel=\"noopener\"><span class='avia_hidden_link_text'>Compartir en Facebook<\/span><\/a><\/li><li class='av-share-link av-social-link-twitter' ><a target=\"_blank\" aria-label=\"Compartir en Twitter\" href='https:\/\/twitter.com\/share?text=SAG%20llama%20a%20trabajar%20en%20conjunto%20para%20mantener%20la%20sanidad%20ap%C3%ADcola%20en%20Ays%C3%A9n&#038;url=https:\/\/radiorevelacionfm.cl\/?p=16344' aria-hidden='false' data-av_icon='\ue8f1' data-av_iconfont='entypo-fontello' title='' data-avia-related-tooltip='Compartir en Twitter' rel=\"noopener\"><span class='avia_hidden_link_text'>Compartir en Twitter<\/span><\/a><\/li><li class='av-share-link av-social-link-whatsapp' ><a target=\"_blank\" aria-label=\"Compartir en Whatsapp\" href='https:\/\/api.whatsapp.com\/send?text=https:\/\/radiorevelacionfm.cl\/?p=16344' aria-hidden='false' data-av_icon='\uf232' data-av_iconfont='entypo-fontello' title='' data-avia-related-tooltip='Compartir en Whatsapp' rel=\"noopener\"><span class='avia_hidden_link_text'>Compartir en Whatsapp<\/span><\/a><\/li><li class='av-share-link av-social-link-linkedin' ><a target=\"_blank\" aria-label=\"Compartir en LinkedIn\" href='https:\/\/linkedin.com\/shareArticle?mini=true&#038;title=SAG%20llama%20a%20trabajar%20en%20conjunto%20para%20mantener%20la%20sanidad%20ap%C3%ADcola%20en%20Ays%C3%A9n&#038;url=https:\/\/radiorevelacionfm.cl\/?p=16344' aria-hidden='false' data-av_icon='\ue8fc' data-av_iconfont='entypo-fontello' title='' data-avia-related-tooltip='Compartir en LinkedIn' rel=\"noopener\"><span class='avia_hidden_link_text'>Compartir en LinkedIn<\/span><\/a><\/li><li class='av-share-link av-social-link-mail' ><a  aria-label=\"Compartir por correo\" href='mailto:?subject=SAG%20llama%20a%20trabajar%20en%20conjunto%20para%20mantener%20la%20sanidad%20ap%C3%ADcola%20en%20Ays%C3%A9n&#038;body=https:\/\/radiorevelacionfm.cl\/?p=16344' aria-hidden='false' data-av_icon='\ue805' data-av_iconfont='entypo-fontello' title='' data-avia-related-tooltip='Compartir por correo'><span class='avia_hidden_link_text'>Compartir por correo<\/span><\/a><\/li><\/ul><\/div><\/div>\n<div  style='height:50px' class='hr hr-invisible   avia-builder-el-8  el_after_av_social_share  el_before_av_comments_list '><span class='hr-inner ' ><span class='hr-inner-style'><\/span><\/span><\/div>\n<div  class='av-buildercomment  av-blog-meta-html-info-disabled av-blog-meta-tag-disabled  '><\/div>\n","protected":false},"excerpt":{"rendered":"","protected":false},"author":1,"featured_media":16345,"comment_status":"open","ping_status":"open","sticky":false,"template":"","format":"standard","meta":{"footnotes":""},"categories":[38],"tags":[],"class_list":["post-16344","post","type-post","status-publish","format-standard","has-post-thumbnail","hentry","category-regional"],"jetpack_featured_media_url":"https:\/\/radiorevelacionfm.cl\/wp-content\/uploads\/2022\/04\/comunicado3-1-1_optimized.jpg","_links":{"self":[{"href":"https:\/\/radiorevelacionfm.cl\/index.php?rest_route=\/wp\/v2\/posts\/16344","targetHints":{"allow":["GET"]}}],"collection":[{"href":"https:\/\/radiorevelacionfm.cl\/index.php?rest_route=\/wp\/v2\/posts"}],"about":[{"href":"https:\/\/radiorevelacionfm.cl\/index.php?rest_route=\/wp\/v2\/types\/post"}],"author":[{"embeddable":true,"href":"https:\/\/radiorevelacionfm.cl\/index.php?rest_route=\/wp\/v2\/users\/1"}],"replies":[{"embeddable":true,"href":"https:\/\/radiorevelacionfm.cl\/index.php?rest_route=%2Fwp%2Fv2%2Fcomments&post=16344"}],"version-history":[{"count":2,"href":"https:\/\/radiorevelacionfm.cl\/index.php?rest_route=\/wp\/v2\/posts\/16344\/revisions"}],"predecessor-version":[{"id":16358,"href":"https:\/\/radiorevelacionfm.cl\/index.php?rest_route=\/wp\/v2\/posts\/16344\/revisions\/16358"}],"wp:featuredmedia":[{"embeddable":true,"href":"https:\/\/radiorevelacionfm.cl\/index.php?rest_route=\/wp\/v2\/media\/16345"}],"wp:attachment":[{"href":"https:\/\/radiorevelacionfm.cl\/index.php?rest_route=%2Fwp%2Fv2%2Fmedia&parent=16344"}],"wp:term":[{"taxonomy":"category","embeddable":true,"href":"https:\/\/radiorevelacionfm.cl\/index.php?rest_route=%2Fwp%2Fv2%2Fcategories&post=16344"},{"taxonomy":"post_tag","embeddable":true,"href":"https:\/\/radiorevelacionfm.cl\/index.php?rest_route=%2Fwp%2Fv2%2Ftags&post=16344"}],"curies":[{"name":"wp","href":"https:\/\/api.w.org\/{rel}","templated":true}]}}