{"id":16341,"date":"2022-04-29T19:48:49","date_gmt":"2022-04-29T22:48:49","guid":{"rendered":"https:\/\/radiorevelacionfm.cl\/?p=16341"},"modified":"2022-04-29T19:48:49","modified_gmt":"2022-04-29T22:48:49","slug":"en-el-consejo-regional-de-aysen-se-presenta-el-proyecto-de-diseno-para-el-futuro-centro-de-artesanos-de-coyhaique","status":"publish","type":"post","link":"https:\/\/radiorevelacionfm.cl\/?p=16341","title":{"rendered":"En el Consejo Regional de Ays\u00e9n Se presenta el proyecto de dise\u00f1o para el futuro Centro de Artesanos de Coyhaique"},"content":{"rendered":"<div class=\"flex_column av_one_full  flex_column_div av-zero-column-padding first  avia-builder-el-0  el_before_av_one_full  avia-builder-el-first  \" style='border-radius:0px; '><div  class='avia-image-container  av-styling-    avia-builder-el-1  avia-builder-el-no-sibling  avia-align-center '  itemprop=\"image\" itemscope=\"itemscope\" itemtype=\"https:\/\/schema.org\/ImageObject\"  ><div class='avia-image-container-inner'><div class='avia-image-overlay-wrap'><img decoding=\"async\" class='wp-image-16342 avia-img-lazy-loading-not-16342 avia_image' src=\"https:\/\/radiorevelacionfm.cl\/wp-content\/uploads\/2022\/04\/Artesanos-3-1-1.jpeg\" alt='' title='Artesanos 3 (1) (1)' height=\"600\" width=\"901\"  itemprop=\"thumbnailUrl\" srcset=\"https:\/\/radiorevelacionfm.cl\/wp-content\/uploads\/2022\/04\/Artesanos-3-1-1.jpeg 901w, https:\/\/radiorevelacionfm.cl\/wp-content\/uploads\/2022\/04\/Artesanos-3-1-1-300x200.jpeg 300w, https:\/\/radiorevelacionfm.cl\/wp-content\/uploads\/2022\/04\/Artesanos-3-1-1-768x511.jpeg 768w, https:\/\/radiorevelacionfm.cl\/wp-content\/uploads\/2022\/04\/Artesanos-3-1-1-705x469.jpeg 705w, https:\/\/radiorevelacionfm.cl\/wp-content\/uploads\/2022\/04\/Artesanos-3-1-1-600x400.jpeg 600w\" sizes=\"(max-width: 901px) 100vw, 901px\" \/><\/div><\/div><\/div><\/div><div class=\"flex_column av_one_full  flex_column_div av-zero-column-padding first  avia-builder-el-2  el_after_av_one_full  el_before_av_one_full  column-top-margin\" style='border-radius:0px; '><section class=\"av_textblock_section \"  itemscope=\"itemscope\" itemtype=\"https:\/\/schema.org\/BlogPosting\" itemprop=\"blogPost\" ><div class='avia_textblock  '   itemprop=\"text\" ><p style=\"text-align: center;\"><span style=\"font-size: 18pt;\"><strong>En el Consejo Regional de Ays\u00e9n se presenta el proyecto de dise\u00f1o para el futuro Centro de Artesanos de Coyhaique<\/strong><\/span><\/p>\n<div id=\"gtx-trans\" style=\"position: absolute; left: -50px; top: 4.31534px;\">\n<div class=\"gtx-trans-icon\"><\/div>\n<\/div>\n<\/div><\/section><\/div><div class=\"flex_column av_one_full  flex_column_div av-zero-column-padding first  avia-builder-el-4  el_after_av_one_full  el_before_av_hr  column-top-margin\" style='border-radius:0px; '><section class=\"av_textblock_section \"  itemscope=\"itemscope\" itemtype=\"https:\/\/schema.org\/BlogPosting\" itemprop=\"blogPost\" ><div class='avia_textblock  '   itemprop=\"text\" ><p style=\"text-align: justify;\">El dise\u00f1o del nuevo Centro Artesanal, de 2.600 metros cuadrados, contempla la existencia de 70 locales de venta y exposici\u00f3n. Dise\u00f1o que fue financiado por el Gobierno Regional por un monto cercano a los 210 millones de pesos.<\/p>\n<p>Es importante mencionar que este Consejo fue creado en el mes de enero de este por la Gobernadora Regional, Andrea Mac\u00edas Palma, para avanzar en un proceso participativo en funci\u00f3n del futuro Centro Artesanal.<\/p>\n<p>La presentaci\u00f3n en la Comisi\u00f3n de Infraestructura, que preside la Consejera Regional Lilian Inostroza, estuvo a cargo del inspector t\u00e9cnico de la Direcci\u00f3n de Arquitectura, Marcelo Becerra, qui\u00e9n coment\u00f3:<\/p>\n<p>\u00abEl objetivo del proyecto es resolver un problema que tiene actualmente la ciudad y particularmente los artesanos de poder hacer su trabajo de la mejor forma de manera digna dado la gran importancia que tienen del punto de vista de la cultura del arte y tambi\u00e9n de la econom\u00eda local y regional. Transformar este lugar en un en un gran espacio dedicado a la artesan\u00eda y el arte de Ays\u00e9n un centro cultural pero, adem\u00e1s, conectado al resto de las edificaciones del lugar de alguna forma lo que estamos buscando es apelar a ir consolidando la zona del casco central de Coyhaique.<\/p>\n<p>Para Becerra, la zona proyectada ser\u00eda de un gran est\u00e1ndar de arquitectura, en este caso en funci\u00f3n sobre todo de los artesanos y de los artistas de Ays\u00e9n. \u00abEs un espacio que creemos que va a mejorar las condiciones de vida y de trabajo de cada uno de ellos, pero tambi\u00e9n para la actividad p\u00fablica de los habitantes de la regi\u00f3n y de quienes nos visitan\u00bb, finaliz\u00f3.<\/p>\n<p>La Consejera Lilian Inostroza, presidenta de la Comisi\u00f3n respectiva, agradeci\u00f3 a los artesanos y artesanas que participaron de la comisi\u00f3n donde se expuso el proyecto. \u00abPara nosotros como Consejeros y Consejeras Regionales, es importante tener tambi\u00e9n la visi\u00f3n de toda la poblaci\u00f3n y de toda la ciudadan\u00eda respecto a los proyectos y las inversiones que se hacen dentro de las localidades o dentro de las comuna (&#8230;) Son seis mil setecientos millones de pesos aproximadamente que est\u00e1 valorado este proyecto y hoy en d\u00eda claramente tambi\u00e9n tenemos que tener una conversaci\u00f3n como comisi\u00f3n con la Gobernadora Regional para ver c\u00f3mo vamos a sacar este proyecto tan importante a nivel regional, no solamente para la provincia de Coyhaique\u00bb, coment\u00f3.<\/p>\n<p>La exposici\u00f3n fue solicitada por la Consejera Paula Acu\u00f1a, vicepresidenta de la Comisi\u00f3n de Infraestructura, quien coment\u00f3 en la oportunidad lo importante que es conocer de primera fuente el estado del dise\u00f1o del proyecto. \u00abNos encontramos en proceso de poder tener RS para la ejecuci\u00f3n del mismo, as\u00ed que frente a todas las dudas y consultas nosotros como Consejo Regional estamos trabajando en terreno y al lado de los distintos dirigentes,\u00a0tambi\u00e9n de las personas interesadas en este centro\u00bb.<\/p>\n<p>Una de las dirigentas de quienes utilizar\u00e1n las instalaciones, Mariza Az\u00f3car, agradeci\u00f3 el espacio y present\u00f3 la necesidad de ir trabajando de la mano junto al Gobierno Regional.<\/p>\n<p>\u00abEste proyecto ha sido trabajado desde el principio en conjunto a los artesanos, el Municipio y el Gobierno Regional. Esto significa un sue\u00f1o que nosotros tenemos, no solo de c\u00f3mo que venga dignificar la labor del artesano, sino tambi\u00e9n que venga a potenciar el turismo regional emplazado en una infraestructura que le d\u00e9 la relevancia que necesita. Detr\u00e1s de esos 70 locales hay m\u00e1s de 100 familias, no s\u00f3lo aquellas de Coyhaique, sino que de localidades apartadas, d\u00f3nde queremos rescatar esas tradiciones\u00bb, afirm\u00f3.<\/p>\n<p>Finalmente, para la Jefa de la Divisi\u00f3n de Fomento e Industrias (DIFOI), Yessica Lagos, la voluntad del Gobierno Regional y de la m\u00e1xima autoridad de la regi\u00f3n, es avanzar en una infraestructura y que su gesti\u00f3n sea siempre con participaci\u00f3n de los mismos artesanos y artesanas quienes ser\u00edan beneficiados con esta inversi\u00f3n.<\/p>\n<p>\u00abLa Gobernadora Andrea Mac\u00edas ha manifestado la necesidad de que \u00a0se pueda mejorar el espacio que actualmente tienen, que vendr\u00eda a darles mayor dignidad al trabajo que hist\u00f3ricamente han hecho los artesanos y artesanas y que dan cuenta de lo que es nuestra regi\u00f3n de Ays\u00e9n. Cada artesan\u00eda, en cada creaci\u00f3n que ellos hacen hay una historia detr\u00e1s, un valor, una identidad, entonces tenemos muchos sue\u00f1os de que esto se lleve a cabo que se concrete. Nuestra tarea es hacer todo lo posible para llevar este proyecto a ejecuci\u00f3n, sacar un RS y luego que el Consejo Regional lo apruebe para poder dise\u00f1ar y ejecutar esta infraestructura que va a venir a dar un mejor espacio a nuestros artesanos y artesanas de la regi\u00f3n de Ays\u00e9n\u00bb, recalc\u00f3.<\/p>\n<p>En t\u00e9rminos generales, a nivel pa\u00eds destina muy pocos recursos a lo que es el arte, la cultura y el patrimonio, por lo que el Gobierno Regional de Ays\u00e9n ha buscado poner \u00e9nfasis en el apoyo para el desarrollo de las y los creadores.<\/p>\n<\/div><\/section><\/div><div  style='height:50px' class='hr hr-invisible   avia-builder-el-6  el_after_av_one_full  el_before_av_social_share '><span class='hr-inner ' ><span class='hr-inner-style'><\/span><\/span><\/div><\/p>\n<div  class='av-social-sharing-box  avia-builder-el-7  el_after_av_hr  el_before_av_hr  '><div class='av-share-box'><h5 class='av-share-link-description av-no-toc '>Compartir esta noticia<\/h5><ul class='av-share-box-list noLightbox'><li class='av-share-link av-social-link-facebook' ><a target=\"_blank\" aria-label=\"Compartir en Facebook\" href='https:\/\/www.facebook.com\/sharer.php?u=https:\/\/radiorevelacionfm.cl\/?p=16341&#038;t=En%20el%20Consejo%20Regional%20de%20Ays%C3%A9n%20Se%20presenta%20el%20proyecto%20de%20dise%C3%B1o%20para%20el%20futuro%20Centro%20de%20Artesanos%20de%20Coyhaique' aria-hidden='false' data-av_icon='\ue8f3' data-av_iconfont='entypo-fontello' title='' data-avia-related-tooltip='Compartir en Facebook' rel=\"noopener\"><span class='avia_hidden_link_text'>Compartir en Facebook<\/span><\/a><\/li><li class='av-share-link av-social-link-twitter' ><a target=\"_blank\" aria-label=\"Compartir en Twitter\" href='https:\/\/twitter.com\/share?text=En%20el%20Consejo%20Regional%20de%20Ays%C3%A9n%20Se%20presenta%20el%20proyecto%20de%20dise%C3%B1o%20para%20el%20futuro%20Centro%20de%20Artesanos%20de%20Coyhaique&#038;url=https:\/\/radiorevelacionfm.cl\/?p=16341' aria-hidden='false' data-av_icon='\ue8f1' data-av_iconfont='entypo-fontello' title='' data-avia-related-tooltip='Compartir en Twitter' rel=\"noopener\"><span class='avia_hidden_link_text'>Compartir en Twitter<\/span><\/a><\/li><li class='av-share-link av-social-link-whatsapp' ><a target=\"_blank\" aria-label=\"Compartir en Whatsapp\" href='https:\/\/api.whatsapp.com\/send?text=https:\/\/radiorevelacionfm.cl\/?p=16341' aria-hidden='false' data-av_icon='\uf232' data-av_iconfont='entypo-fontello' title='' data-avia-related-tooltip='Compartir en Whatsapp' rel=\"noopener\"><span class='avia_hidden_link_text'>Compartir en Whatsapp<\/span><\/a><\/li><li class='av-share-link av-social-link-linkedin' ><a target=\"_blank\" aria-label=\"Compartir en LinkedIn\" href='https:\/\/linkedin.com\/shareArticle?mini=true&#038;title=En%20el%20Consejo%20Regional%20de%20Ays%C3%A9n%20Se%20presenta%20el%20proyecto%20de%20dise%C3%B1o%20para%20el%20futuro%20Centro%20de%20Artesanos%20de%20Coyhaique&#038;url=https:\/\/radiorevelacionfm.cl\/?p=16341' aria-hidden='false' data-av_icon='\ue8fc' data-av_iconfont='entypo-fontello' title='' data-avia-related-tooltip='Compartir en LinkedIn' rel=\"noopener\"><span class='avia_hidden_link_text'>Compartir en LinkedIn<\/span><\/a><\/li><li class='av-share-link av-social-link-mail' ><a  aria-label=\"Compartir por correo\" href='mailto:?subject=En%20el%20Consejo%20Regional%20de%20Ays%C3%A9n%20Se%20presenta%20el%20proyecto%20de%20dise%C3%B1o%20para%20el%20futuro%20Centro%20de%20Artesanos%20de%20Coyhaique&#038;body=https:\/\/radiorevelacionfm.cl\/?p=16341' aria-hidden='false' data-av_icon='\ue805' data-av_iconfont='entypo-fontello' title='' data-avia-related-tooltip='Compartir por correo'><span class='avia_hidden_link_text'>Compartir por correo<\/span><\/a><\/li><\/ul><\/div><\/div>\n<div  style='height:50px' class='hr hr-invisible   avia-builder-el-8  el_after_av_social_share  el_before_av_comments_list '><span class='hr-inner ' ><span class='hr-inner-style'><\/span><\/span><\/div>\n<div  class='av-buildercomment  av-blog-meta-html-info-disabled av-blog-meta-tag-disabled  '><\/div>\n","protected":false},"excerpt":{"rendered":"","protected":false},"author":1,"featured_media":16342,"comment_status":"open","ping_status":"open","sticky":false,"template":"","format":"standard","meta":{"footnotes":""},"categories":[38],"tags":[],"class_list":["post-16341","post","type-post","status-publish","format-standard","has-post-thumbnail","hentry","category-regional"],"jetpack_featured_media_url":"https:\/\/radiorevelacionfm.cl\/wp-content\/uploads\/2022\/04\/Artesanos-3-1-1.jpeg","_links":{"self":[{"href":"https:\/\/radiorevelacionfm.cl\/index.php?rest_route=\/wp\/v2\/posts\/16341","targetHints":{"allow":["GET"]}}],"collection":[{"href":"https:\/\/radiorevelacionfm.cl\/index.php?rest_route=\/wp\/v2\/posts"}],"about":[{"href":"https:\/\/radiorevelacionfm.cl\/index.php?rest_route=\/wp\/v2\/types\/post"}],"author":[{"embeddable":true,"href":"https:\/\/radiorevelacionfm.cl\/index.php?rest_route=\/wp\/v2\/users\/1"}],"replies":[{"embeddable":true,"href":"https:\/\/radiorevelacionfm.cl\/index.php?rest_route=%2Fwp%2Fv2%2Fcomments&post=16341"}],"version-history":[{"count":2,"href":"https:\/\/radiorevelacionfm.cl\/index.php?rest_route=\/wp\/v2\/posts\/16341\/revisions"}],"predecessor-version":[{"id":16348,"href":"https:\/\/radiorevelacionfm.cl\/index.php?rest_route=\/wp\/v2\/posts\/16341\/revisions\/16348"}],"wp:featuredmedia":[{"embeddable":true,"href":"https:\/\/radiorevelacionfm.cl\/index.php?rest_route=\/wp\/v2\/media\/16342"}],"wp:attachment":[{"href":"https:\/\/radiorevelacionfm.cl\/index.php?rest_route=%2Fwp%2Fv2%2Fmedia&parent=16341"}],"wp:term":[{"taxonomy":"category","embeddable":true,"href":"https:\/\/radiorevelacionfm.cl\/index.php?rest_route=%2Fwp%2Fv2%2Fcategories&post=16341"},{"taxonomy":"post_tag","embeddable":true,"href":"https:\/\/radiorevelacionfm.cl\/index.php?rest_route=%2Fwp%2Fv2%2Ftags&post=16341"}],"curies":[{"name":"wp","href":"https:\/\/api.w.org\/{rel}","templated":true}]}}