{"id":16338,"date":"2022-04-29T18:42:55","date_gmt":"2022-04-29T21:42:55","guid":{"rendered":"https:\/\/radiorevelacionfm.cl\/?p=16338"},"modified":"2022-04-29T18:42:55","modified_gmt":"2022-04-29T21:42:55","slug":"sernameg-y-la-municipalidad-de-aysen-lanzan-programa-4-a-7-ano-2022-en-apoyo-a-la-autonomia-economica-de-las-mujeres","status":"publish","type":"post","link":"https:\/\/radiorevelacionfm.cl\/?p=16338","title":{"rendered":"SernamEG y la Municipalidad de Ays\u00e9n lanzan Programa 4 a 7 a\u00f1o 2022 en apoyo a la autonom\u00eda econ\u00f3mica de las mujeres"},"content":{"rendered":"<div class=\"flex_column av_one_full  flex_column_div av-zero-column-padding first  avia-builder-el-0  el_before_av_one_full  avia-builder-el-first  \" style='border-radius:0px; '><div  class='avia-image-container  av-styling-    avia-builder-el-1  avia-builder-el-no-sibling  avia-align-center '  itemprop=\"image\" itemscope=\"itemscope\" itemtype=\"https:\/\/schema.org\/ImageObject\"  ><div class='avia-image-container-inner'><div class='avia-image-overlay-wrap'><img decoding=\"async\" class='wp-image-16339 avia-img-lazy-loading-not-16339 avia_image' src=\"https:\/\/radiorevelacionfm.cl\/wp-content\/uploads\/2022\/04\/lanzamiento-programa-4-a-7-Aysen-1-1-1.jpg\" alt='' title='lanzamiento programa 4 a 7 Ays\u00e9n (1) (1) (1)' height=\"600\" width=\"1006\"  itemprop=\"thumbnailUrl\" srcset=\"https:\/\/radiorevelacionfm.cl\/wp-content\/uploads\/2022\/04\/lanzamiento-programa-4-a-7-Aysen-1-1-1.jpg 1006w, https:\/\/radiorevelacionfm.cl\/wp-content\/uploads\/2022\/04\/lanzamiento-programa-4-a-7-Aysen-1-1-1-300x179.jpg 300w, https:\/\/radiorevelacionfm.cl\/wp-content\/uploads\/2022\/04\/lanzamiento-programa-4-a-7-Aysen-1-1-1-768x458.jpg 768w, https:\/\/radiorevelacionfm.cl\/wp-content\/uploads\/2022\/04\/lanzamiento-programa-4-a-7-Aysen-1-1-1-705x420.jpg 705w, https:\/\/radiorevelacionfm.cl\/wp-content\/uploads\/2022\/04\/lanzamiento-programa-4-a-7-Aysen-1-1-1-600x358.jpg 600w\" sizes=\"(max-width: 1006px) 100vw, 1006px\" \/><\/div><\/div><\/div><\/div><div class=\"flex_column av_one_full  flex_column_div av-zero-column-padding first  avia-builder-el-2  el_after_av_one_full  el_before_av_one_full  column-top-margin\" style='border-radius:0px; '><section class=\"av_textblock_section \"  itemscope=\"itemscope\" itemtype=\"https:\/\/schema.org\/BlogPosting\" itemprop=\"blogPost\" ><div class='avia_textblock  '   itemprop=\"text\" ><p style=\"text-align: center;\"><strong><span style=\"font-size: 18pt;\">SernamEG y la Municipalidad de Ays\u00e9n lanzan Programa 4 a 7 a\u00f1o 2022 en apoyo a la autonom\u00eda econ\u00f3mica de las mujeres<\/span><\/strong><\/p>\n<div id=\"gtx-trans\" style=\"position: absolute; left: -50px; top: 4.31534px;\">\n<div class=\"gtx-trans-icon\"><\/div>\n<\/div>\n<\/div><\/section><\/div><div class=\"flex_column av_one_full  flex_column_div av-zero-column-padding first  avia-builder-el-4  el_after_av_one_full  el_before_av_hr  column-top-margin\" style='border-radius:0px; '><section class=\"av_textblock_section \"  itemscope=\"itemscope\" itemtype=\"https:\/\/schema.org\/BlogPosting\" itemprop=\"blogPost\" ><div class='avia_textblock  '   itemprop=\"text\" ><div>\n<p class=\"v1MsoNormal\" style=\"text-align: justify;\"><span lang=\"ES\">Cerca de 80 personas estuvieron presentes, en el gimnasio de la Escuela Litoral Austral en Puerto Ays\u00e9n, para el lanzamiento del Programa 4 a 7; del Servicio Nacional de la Mujer y la Equidad de G\u00e9nero, SernamEG, que se ejecuta en el territorio comunal en convenio con la Municipalidad de Ays\u00e9n. El prop\u00f3sito es a<\/span>poyar a las mujeres en su participaci\u00f3n en el mercado laboral, otorgando adem\u00e1s un servicio de cuidado a ni\u00f1as y ni\u00f1os de 6 a 13 a\u00f1os.<\/p>\n<p class=\"v1MsoNormal\" style=\"text-align: justify;\"><span lang=\"ES\">\u00a0<\/span><span lang=\"ES\">El Delegado Presidencial Regional Subrogante de Ays\u00e9n, Samuel Navarro Castro, se refiri\u00f3 al Plan Chile Apoya, precisando que \u00abel Programa 4 a 7 est\u00e1 inserto dentro de las 21 medidas econ\u00f3micas, donde el Gobierno est\u00e1 impulsando no solamente mejorar las condiciones de las familias; sino que la incorporaci\u00f3n de las mujeres al mundo laboral. Durante la crisis sanitaria se perdieron muchos empleos y ahora se tienen que retomar en los distintos tramos etarios; por lo tanto, hay que contribuir con programas como el 4 a 7 para fortalecer su incorporaci\u00f3n. Estamos muy contentos de ser testigos de esta iniciativa que hoy est\u00e1 en las comunas de Ays\u00e9n y Chile Chico, esperamos que en el corto o mediano plazo puedan incorporarse otras comunas que tienen esta necesidad y para eso vamos a seguir trabajando como Gobierno para su desarrollo\u00bb.\u00a0\u00a0\u00a0\u00a0\u00a0\u00a0\u00a0<\/span><\/p>\n<p class=\"v1MsoNormal\" style=\"text-align: justify;\"><span lang=\"ES\">Por su parte, la Directora Regional Subrogante de SernamEG, Paola Salazar Quilaleo, dijo: \u00abes importante tener alianzas con los gobiernos locales en los territorios, para que podamos ejecutar estas iniciativas. Sin el compromiso y el aporte, en este caso de la Municipalidad de Ays\u00e9n, no podr\u00edamos implementar nuestros programas. Como Instituci\u00f3n hacemos un llamado a los establecimientos, municipios y comunidades a que visualicen el trabajo que se desarrolla por abordar la autonom\u00eda econ\u00f3mica de las mujeres. Asimismo, lograr que la sociedad incorpore a las mujeres con las brechas que tenemos en materia de cuidado y adem\u00e1s que abordemos la corresponsabilidad a trav\u00e9s de estos espacios de cuidado\u00bb.<\/span><\/p>\n<p class=\"v1MsoNormal\" style=\"text-align: justify;\"><span lang=\"ES\">\u00a0<\/span>Actualmente, el Programa 4 a 7 apoya a 72 participantes en la comuna de Ays\u00e9n y 95 estudiantes, entre ni\u00f1as y ni\u00f1os, que acceden a un espacio de cuidado integral luego de finalizada la jornada estudiantil en las\u00a0<span lang=\"ES\">escuelas Litoral Austral y Poetisa Gabriela Mistral, en la capital comunal, y en la Escuela Almirante Simpson en Puerto Chacabuco. De<\/span>\u00a0acuerdo a los lineamientos del Ministerio de Salud, se realizan de manera presencial, virtual o mixta. Consultado sobre la evaluaci\u00f3n de la intervenci\u00f3n program\u00e1tica, el Administrador Municipal de Ays\u00e9n,\u00a0<span lang=\"ES\">Oscar Az\u00f3car Adriazola, manifest\u00f3: \u00abComo Municipio valoramos positivamente el Programa 4 a 7, ya que la Municipalidad liderada por nuestro Alcalde Julio Uribe Alvarado est\u00e1 comprometido con el desarrollo de este tipo de modelos program\u00e1ticos que van en pro de las ni\u00f1as y ni\u00f1os; y sobre todo, en el desarrollo de las mujeres trabajadoras de la comuna de Ays\u00e9n\u00bb.<\/span><\/p>\n<p class=\"v1MsoNormal\" style=\"text-align: justify;\"><span lang=\"ES\">\u00a0<\/span><span lang=\"ES\">Durante la ceremonia de lanzamiento 2022, la participante, Elsa Hueicha Hueicha, entreg\u00f3 su testimonio se\u00f1alando que \u00abcomo mujer beneficiaria de este maravilloso Programa 4 a 7 comenc\u00e9 en la Escuela Poetisa Gabriela Mistral, mi hija Mar\u00eda Jos\u00e9 cursaba el k\u00ednder en ese entonces y fue una linda experiencia en ese establecimiento. Al a\u00f1o siguiente, postulamos a la Escuela Litoral Austral y qued\u00f3 aceptada para ingresar, desde entonces ella est\u00e1 fascinada con el programa, contenta por tener t\u00edas muy cari\u00f1osas y preocupadas, le encanta los talleres impartidos y a la vez puede socializar con ni\u00f1as y ni\u00f1os de diferentes edades. El Programa 4 a 7 me entrega seguridad, tranquilidad y conocimientos a todas las mujeres, ya sea a trav\u00e9s de talleres de salud, trabajo o emprendimiento\u00bb.<\/span><\/p>\n<p class=\"v1MsoNormal\" style=\"text-align: justify;\"><span lang=\"ES\">\u00a0<\/span><span lang=\"ES\">Las ni\u00f1as y ni\u00f1os del Programa 4 a 7 de la Escuela Poetisa Gabriela Mistral presentaron un punto musical y a continuaci\u00f3n fue el turno de la Escuela Almirante Simpson con un baile t\u00edpico. Otro momento destacado fue la entrega de 32 tablets a los equipos comunales de los 3 establecimientos educacionales para el desarrollo de talleres, iniciativa que forma parte de las acciones de SernamEG en la adaptaci\u00f3n constante de sus modelos program\u00e1ticos; para responder a las necesidades de sus participantes. En esa l\u00ednea, debido a la pandemia se detect\u00f3 la brecha de acceso a aparatos electr\u00f3nicos cuando los talleres se realizan de forma virtual, de acuerdo a lo establecido por el Ministerio de Salud, en el manejo del COVID- 19.<\/span><\/p>\n<p class=\"v1MsoNormal\" style=\"text-align: justify;\"><span lang=\"ES\">\u00a0<\/span><span lang=\"ES\">Finalmente, en la ceremonia de lanzamiento del Programa 4 a 7 correspondiente al a\u00f1o 2022 estuvieron presentes el Delegado Presidencial Regional Subrogante de Ays\u00e9n, Samuel Navarro Castro; la Seremi de Gobierno, Tatiana Pl\u00e1 \u00c1lvarez; el\u00a0<\/span>Administrador Municipal de Ays\u00e9n,\u00a0<span lang=\"ES\">Oscar Az\u00f3car Adriazola; La Directora Regional \u00a0Subrogante de SernamEG, Paola Salazar Quilaleo; el Director Regional Subrogante de JUNAEB, Cristian Magne Chible; el Director de la Escuela Almirante Simpson, Alejandro Gallardo; El Director de la Escuela Litoral Austral, Carlos Alarc\u00f3n Carrillo; y la representante del Director de la Escuela Poetisa Gabriela Mistral, Silvana D\u00edaz D\u00edaz.\u00a0<\/span><\/p>\n<\/div>\n<div><\/div>\n<\/div><\/section><\/div><div  style='height:50px' class='hr hr-invisible   avia-builder-el-6  el_after_av_one_full  el_before_av_social_share '><span class='hr-inner ' ><span class='hr-inner-style'><\/span><\/span><\/div><\/p>\n<div  class='av-social-sharing-box  avia-builder-el-7  el_after_av_hr  el_before_av_hr  '><div class='av-share-box'><h5 class='av-share-link-description av-no-toc '>Compartir esta noticia<\/h5><ul class='av-share-box-list noLightbox'><li class='av-share-link av-social-link-facebook' ><a target=\"_blank\" aria-label=\"Compartir en Facebook\" href='https:\/\/www.facebook.com\/sharer.php?u=https:\/\/radiorevelacionfm.cl\/?p=16338&#038;t=SernamEG%20y%20la%20Municipalidad%20de%20Ays%C3%A9n%20lanzan%20Programa%204%20a%207%20a%C3%B1o%202022%20en%20apoyo%20a%20la%20autonom%C3%ADa%20econ%C3%B3mica%20de%20las%20mujeres' aria-hidden='false' data-av_icon='\ue8f3' data-av_iconfont='entypo-fontello' title='' data-avia-related-tooltip='Compartir en Facebook' rel=\"noopener\"><span class='avia_hidden_link_text'>Compartir en Facebook<\/span><\/a><\/li><li class='av-share-link av-social-link-twitter' ><a target=\"_blank\" aria-label=\"Compartir en Twitter\" href='https:\/\/twitter.com\/share?text=SernamEG%20y%20la%20Municipalidad%20de%20Ays%C3%A9n%20lanzan%20Programa%204%20a%207%20a%C3%B1o%202022%20en%20apoyo%20a%20la%20autonom%C3%ADa%20econ%C3%B3mica%20de%20las%20mujeres&#038;url=https:\/\/radiorevelacionfm.cl\/?p=16338' aria-hidden='false' data-av_icon='\ue8f1' data-av_iconfont='entypo-fontello' title='' data-avia-related-tooltip='Compartir en Twitter' rel=\"noopener\"><span class='avia_hidden_link_text'>Compartir en Twitter<\/span><\/a><\/li><li class='av-share-link av-social-link-whatsapp' ><a target=\"_blank\" aria-label=\"Compartir en Whatsapp\" href='https:\/\/api.whatsapp.com\/send?text=https:\/\/radiorevelacionfm.cl\/?p=16338' aria-hidden='false' data-av_icon='\uf232' data-av_iconfont='entypo-fontello' title='' data-avia-related-tooltip='Compartir en Whatsapp' rel=\"noopener\"><span class='avia_hidden_link_text'>Compartir en Whatsapp<\/span><\/a><\/li><li class='av-share-link av-social-link-linkedin' ><a target=\"_blank\" aria-label=\"Compartir en LinkedIn\" href='https:\/\/linkedin.com\/shareArticle?mini=true&#038;title=SernamEG%20y%20la%20Municipalidad%20de%20Ays%C3%A9n%20lanzan%20Programa%204%20a%207%20a%C3%B1o%202022%20en%20apoyo%20a%20la%20autonom%C3%ADa%20econ%C3%B3mica%20de%20las%20mujeres&#038;url=https:\/\/radiorevelacionfm.cl\/?p=16338' aria-hidden='false' data-av_icon='\ue8fc' data-av_iconfont='entypo-fontello' title='' data-avia-related-tooltip='Compartir en LinkedIn' rel=\"noopener\"><span class='avia_hidden_link_text'>Compartir en LinkedIn<\/span><\/a><\/li><li class='av-share-link av-social-link-mail' ><a  aria-label=\"Compartir por correo\" href='mailto:?subject=SernamEG%20y%20la%20Municipalidad%20de%20Ays%C3%A9n%20lanzan%20Programa%204%20a%207%20a%C3%B1o%202022%20en%20apoyo%20a%20la%20autonom%C3%ADa%20econ%C3%B3mica%20de%20las%20mujeres&#038;body=https:\/\/radiorevelacionfm.cl\/?p=16338' aria-hidden='false' data-av_icon='\ue805' data-av_iconfont='entypo-fontello' title='' data-avia-related-tooltip='Compartir por correo'><span class='avia_hidden_link_text'>Compartir por correo<\/span><\/a><\/li><\/ul><\/div><\/div>\n<div  style='height:50px' class='hr hr-invisible   avia-builder-el-8  el_after_av_social_share  el_before_av_comments_list '><span class='hr-inner ' ><span class='hr-inner-style'><\/span><\/span><\/div>\n<div  class='av-buildercomment  av-blog-meta-html-info-disabled av-blog-meta-tag-disabled  '><\/div>\n","protected":false},"excerpt":{"rendered":"","protected":false},"author":1,"featured_media":16339,"comment_status":"open","ping_status":"open","sticky":false,"template":"","format":"standard","meta":{"footnotes":""},"categories":[37,38,56],"tags":[],"class_list":["post-16338","post","type-post","status-publish","format-standard","has-post-thumbnail","hentry","category-economia","category-regional","category-trabajo"],"jetpack_featured_media_url":"https:\/\/radiorevelacionfm.cl\/wp-content\/uploads\/2022\/04\/lanzamiento-programa-4-a-7-Aysen-1-1-1.jpg","_links":{"self":[{"href":"https:\/\/radiorevelacionfm.cl\/index.php?rest_route=\/wp\/v2\/posts\/16338","targetHints":{"allow":["GET"]}}],"collection":[{"href":"https:\/\/radiorevelacionfm.cl\/index.php?rest_route=\/wp\/v2\/posts"}],"about":[{"href":"https:\/\/radiorevelacionfm.cl\/index.php?rest_route=\/wp\/v2\/types\/post"}],"author":[{"embeddable":true,"href":"https:\/\/radiorevelacionfm.cl\/index.php?rest_route=\/wp\/v2\/users\/1"}],"replies":[{"embeddable":true,"href":"https:\/\/radiorevelacionfm.cl\/index.php?rest_route=%2Fwp%2Fv2%2Fcomments&post=16338"}],"version-history":[{"count":2,"href":"https:\/\/radiorevelacionfm.cl\/index.php?rest_route=\/wp\/v2\/posts\/16338\/revisions"}],"predecessor-version":[{"id":16347,"href":"https:\/\/radiorevelacionfm.cl\/index.php?rest_route=\/wp\/v2\/posts\/16338\/revisions\/16347"}],"wp:featuredmedia":[{"embeddable":true,"href":"https:\/\/radiorevelacionfm.cl\/index.php?rest_route=\/wp\/v2\/media\/16339"}],"wp:attachment":[{"href":"https:\/\/radiorevelacionfm.cl\/index.php?rest_route=%2Fwp%2Fv2%2Fmedia&parent=16338"}],"wp:term":[{"taxonomy":"category","embeddable":true,"href":"https:\/\/radiorevelacionfm.cl\/index.php?rest_route=%2Fwp%2Fv2%2Fcategories&post=16338"},{"taxonomy":"post_tag","embeddable":true,"href":"https:\/\/radiorevelacionfm.cl\/index.php?rest_route=%2Fwp%2Fv2%2Ftags&post=16338"}],"curies":[{"name":"wp","href":"https:\/\/api.w.org\/{rel}","templated":true}]}}