{"id":16322,"date":"2022-04-28T19:55:17","date_gmt":"2022-04-28T22:55:17","guid":{"rendered":"https:\/\/radiorevelacionfm.cl\/?p=16322"},"modified":"2022-04-28T19:55:17","modified_gmt":"2022-04-28T22:55:17","slug":"diputado-calisto-tras-anuncio-de-medidas-para-disminuir-el-precio-del-gas-llamo-al-gobierno-a-no-hacer-una-medida-parche-hay-que-avanzar-en-una-ley-del-gas","status":"publish","type":"post","link":"https:\/\/radiorevelacionfm.cl\/?p=16322","title":{"rendered":"Diputado Calisto tras anuncio de medidas para disminuir el precio del gas:  \u201cLlamo al Gobierno a no hacer una medida parche, hay que avanzar en una ley del gas\u201d"},"content":{"rendered":"<div class=\"flex_column av_one_full  flex_column_div av-zero-column-padding first  avia-builder-el-0  el_before_av_one_full  avia-builder-el-first  \" style='border-radius:0px; '><div  class='avia-image-container  av-styling-    avia-builder-el-1  avia-builder-el-no-sibling  avia-align-center '  itemprop=\"image\" itemscope=\"itemscope\" itemtype=\"https:\/\/schema.org\/ImageObject\"  ><div class='avia-image-container-inner'><div class='avia-image-overlay-wrap'><img decoding=\"async\" class='wp-image-16323 avia-img-lazy-loading-not-16323 avia_image' src=\"https:\/\/radiorevelacionfm.cl\/wp-content\/uploads\/2022\/04\/Calisto-gas-1-1.jpg\" alt='' title='Calisto gas (1) (1)' height=\"600\" width=\"1078\"  itemprop=\"thumbnailUrl\" srcset=\"https:\/\/radiorevelacionfm.cl\/wp-content\/uploads\/2022\/04\/Calisto-gas-1-1.jpg 1078w, https:\/\/radiorevelacionfm.cl\/wp-content\/uploads\/2022\/04\/Calisto-gas-1-1-300x167.jpg 300w, https:\/\/radiorevelacionfm.cl\/wp-content\/uploads\/2022\/04\/Calisto-gas-1-1-1030x573.jpg 1030w, https:\/\/radiorevelacionfm.cl\/wp-content\/uploads\/2022\/04\/Calisto-gas-1-1-768x427.jpg 768w, https:\/\/radiorevelacionfm.cl\/wp-content\/uploads\/2022\/04\/Calisto-gas-1-1-705x392.jpg 705w, https:\/\/radiorevelacionfm.cl\/wp-content\/uploads\/2022\/04\/Calisto-gas-1-1-600x334.jpg 600w\" sizes=\"(max-width: 1078px) 100vw, 1078px\" \/><\/div><\/div><\/div><\/div><div class=\"flex_column av_one_full  flex_column_div av-zero-column-padding first  avia-builder-el-2  el_after_av_one_full  el_before_av_one_full  column-top-margin\" style='border-radius:0px; '><section class=\"av_textblock_section \"  itemscope=\"itemscope\" itemtype=\"https:\/\/schema.org\/BlogPosting\" itemprop=\"blogPost\" ><div class='avia_textblock  '   itemprop=\"text\" ><p style=\"text-align: center;\"><strong><span style=\"font-size: 18pt;\">Diputado Calisto tras anuncio de medidas para disminuir el precio del gas: \u201cLlamo al Gobierno a no hacer una medida parche, hay que avanzar en una ley del gas\u201d<\/span><\/strong><\/p>\n<div id=\"gtx-trans\" style=\"position: absolute; left: -50px; top: 4.31534px;\">\n<div class=\"gtx-trans-icon\"><\/div>\n<\/div>\n<\/div><\/section><\/div><div class=\"flex_column av_one_full  flex_column_div av-zero-column-padding first  avia-builder-el-4  el_after_av_one_full  el_before_av_hr  column-top-margin\" style='border-radius:0px; '><section class=\"av_textblock_section \"  itemscope=\"itemscope\" itemtype=\"https:\/\/schema.org\/BlogPosting\" itemprop=\"blogPost\" ><div class='avia_textblock  '   itemprop=\"text\" ><p style=\"font-weight: 400; text-align: justify;\">Luego que el Ministro de Hacienda, Mario Marcel comentara en una entrevista en Radio Futuro que en los pr\u00f3ximos d\u00edas presentar\u00e1n medidas para disminuir el precio del gas, el diputado Miguel \u00c1ngel Calisto, quien fue el presidente de la Comisi\u00f3n Investigadora por este tema en la C\u00e1mara de Diputados, inst\u00f3 al Gobierno a que esas medidas sean concretas y no \u201cuna medida parche\u201d, reiterando adem\u00e1s la importancia de avanzar en una \u201cley del gas\u201d.<\/p>\n<p style=\"font-weight: 400; text-align: justify;\">Seg\u00fan el legislador, \u201cno cabe ninguna duda que el gas ha subido de manera escandalosa en Chile, por eso los resultados de la Comisi\u00f3n Investigadora que lideramos el a\u00f1o pasado fueron lapidarios, se\u00f1alando que este mercado no estaba funcionando correctamente. Llamo al Gobierno a no hacer una medida parche, sino que hay que avanzar en una ley del gas, que permita bajar los precios en todo Chile\u201d.<\/p>\n<p style=\"font-weight: 400; text-align: justify;\">\u201cSobre todo, se tiene que bajar el precio en las zonas extremas. No es posible que un cilindro de 15 kilos en algunas zonas de Ays\u00e9n est\u00e9 llegando a los 40 mil pesos. Esto es grosero, refleja una falta de regulaci\u00f3n de un elemento que es de vital importancia para las familias chilenas\u201d, indic\u00f3.<\/p>\n<p style=\"font-weight: 400; text-align: justify;\">Calisto agreg\u00f3 que \u201ctambi\u00e9n tenemos que revisar qu\u00e9 pasa con los otros combustibles, como por ejemplo la parafina que ha subido de forma escandalosa su valor, lo mismo con la bencina que est\u00e1 muy cara en los sectores m\u00e1s aisladas del pa\u00eds\u201d.<\/p>\n<p style=\"font-weight: 400; text-align: justify;\">Finalmente, el ex presidente de la Comisi\u00f3n Investigadora por la posible colusi\u00f3n en el mercado del gas se\u00f1al\u00f3 que \u201cnecesitamos con urgencia una pol\u00edtica de regulaci\u00f3n de los combustibles. Ya se aproxima el invierno, y en algunas regiones las temperaturas ya bajaron, como es el caso de Ays\u00e9n\u201d.<\/p>\n<\/div><\/section><\/div><div  style='height:50px' class='hr hr-invisible   avia-builder-el-6  el_after_av_one_full  el_before_av_social_share '><span class='hr-inner ' ><span class='hr-inner-style'><\/span><\/span><\/div><\/p>\n<div  class='av-social-sharing-box  avia-builder-el-7  el_after_av_hr  el_before_av_hr  '><div class='av-share-box'><h5 class='av-share-link-description av-no-toc '>Compartir esta noticia<\/h5><ul class='av-share-box-list noLightbox'><li class='av-share-link av-social-link-facebook' ><a target=\"_blank\" aria-label=\"Compartir en Facebook\" href='https:\/\/www.facebook.com\/sharer.php?u=https:\/\/radiorevelacionfm.cl\/?p=16322&#038;t=Diputado%20Calisto%20tras%20anuncio%20de%20medidas%20para%20disminuir%20el%20precio%20del%20gas%3A%20%20%E2%80%9CLlamo%20al%20Gobierno%20a%20no%20hacer%20una%20medida%20parche%2C%20hay%20que%20avanzar%20en%20una%20ley%20del%20gas%E2%80%9D' aria-hidden='false' data-av_icon='\ue8f3' data-av_iconfont='entypo-fontello' title='' data-avia-related-tooltip='Compartir en Facebook' rel=\"noopener\"><span class='avia_hidden_link_text'>Compartir en Facebook<\/span><\/a><\/li><li class='av-share-link av-social-link-twitter' ><a target=\"_blank\" aria-label=\"Compartir en Twitter\" href='https:\/\/twitter.com\/share?text=Diputado%20Calisto%20tras%20anuncio%20de%20medidas%20para%20disminuir%20el%20precio%20del%20gas%3A%20%20%E2%80%9CLlamo%20al%20Gobierno%20a%20no%20hacer%20una%20medida%20parche%2C%20hay%20que%20avanzar%20en%20una%20ley%20del%20gas%E2%80%9D&#038;url=https:\/\/radiorevelacionfm.cl\/?p=16322' aria-hidden='false' data-av_icon='\ue8f1' data-av_iconfont='entypo-fontello' title='' data-avia-related-tooltip='Compartir en Twitter' rel=\"noopener\"><span class='avia_hidden_link_text'>Compartir en Twitter<\/span><\/a><\/li><li class='av-share-link av-social-link-whatsapp' ><a target=\"_blank\" aria-label=\"Compartir en Whatsapp\" href='https:\/\/api.whatsapp.com\/send?text=https:\/\/radiorevelacionfm.cl\/?p=16322' aria-hidden='false' data-av_icon='\uf232' data-av_iconfont='entypo-fontello' title='' data-avia-related-tooltip='Compartir en Whatsapp' rel=\"noopener\"><span class='avia_hidden_link_text'>Compartir en Whatsapp<\/span><\/a><\/li><li class='av-share-link av-social-link-linkedin' ><a target=\"_blank\" aria-label=\"Compartir en LinkedIn\" href='https:\/\/linkedin.com\/shareArticle?mini=true&#038;title=Diputado%20Calisto%20tras%20anuncio%20de%20medidas%20para%20disminuir%20el%20precio%20del%20gas%3A%20%20%E2%80%9CLlamo%20al%20Gobierno%20a%20no%20hacer%20una%20medida%20parche%2C%20hay%20que%20avanzar%20en%20una%20ley%20del%20gas%E2%80%9D&#038;url=https:\/\/radiorevelacionfm.cl\/?p=16322' aria-hidden='false' data-av_icon='\ue8fc' data-av_iconfont='entypo-fontello' title='' data-avia-related-tooltip='Compartir en LinkedIn' rel=\"noopener\"><span class='avia_hidden_link_text'>Compartir en LinkedIn<\/span><\/a><\/li><li class='av-share-link av-social-link-mail' ><a  aria-label=\"Compartir por correo\" href='mailto:?subject=Diputado%20Calisto%20tras%20anuncio%20de%20medidas%20para%20disminuir%20el%20precio%20del%20gas%3A%20%20%E2%80%9CLlamo%20al%20Gobierno%20a%20no%20hacer%20una%20medida%20parche%2C%20hay%20que%20avanzar%20en%20una%20ley%20del%20gas%E2%80%9D&#038;body=https:\/\/radiorevelacionfm.cl\/?p=16322' aria-hidden='false' data-av_icon='\ue805' data-av_iconfont='entypo-fontello' title='' data-avia-related-tooltip='Compartir por correo'><span class='avia_hidden_link_text'>Compartir por correo<\/span><\/a><\/li><\/ul><\/div><\/div>\n<div  style='height:50px' class='hr hr-invisible   avia-builder-el-8  el_after_av_social_share  el_before_av_comments_list '><span class='hr-inner ' ><span class='hr-inner-style'><\/span><\/span><\/div>\n<div  class='av-buildercomment  av-blog-meta-html-info-disabled av-blog-meta-tag-disabled  '><\/div>\n","protected":false},"excerpt":{"rendered":"","protected":false},"author":1,"featured_media":16323,"comment_status":"open","ping_status":"open","sticky":false,"template":"","format":"standard","meta":{"footnotes":""},"categories":[35],"tags":[],"class_list":["post-16322","post","type-post","status-publish","format-standard","has-post-thumbnail","hentry","category-politica"],"jetpack_featured_media_url":"https:\/\/radiorevelacionfm.cl\/wp-content\/uploads\/2022\/04\/Calisto-gas-1-1.jpg","_links":{"self":[{"href":"https:\/\/radiorevelacionfm.cl\/index.php?rest_route=\/wp\/v2\/posts\/16322","targetHints":{"allow":["GET"]}}],"collection":[{"href":"https:\/\/radiorevelacionfm.cl\/index.php?rest_route=\/wp\/v2\/posts"}],"about":[{"href":"https:\/\/radiorevelacionfm.cl\/index.php?rest_route=\/wp\/v2\/types\/post"}],"author":[{"embeddable":true,"href":"https:\/\/radiorevelacionfm.cl\/index.php?rest_route=\/wp\/v2\/users\/1"}],"replies":[{"embeddable":true,"href":"https:\/\/radiorevelacionfm.cl\/index.php?rest_route=%2Fwp%2Fv2%2Fcomments&post=16322"}],"version-history":[{"count":2,"href":"https:\/\/radiorevelacionfm.cl\/index.php?rest_route=\/wp\/v2\/posts\/16322\/revisions"}],"predecessor-version":[{"id":16325,"href":"https:\/\/radiorevelacionfm.cl\/index.php?rest_route=\/wp\/v2\/posts\/16322\/revisions\/16325"}],"wp:featuredmedia":[{"embeddable":true,"href":"https:\/\/radiorevelacionfm.cl\/index.php?rest_route=\/wp\/v2\/media\/16323"}],"wp:attachment":[{"href":"https:\/\/radiorevelacionfm.cl\/index.php?rest_route=%2Fwp%2Fv2%2Fmedia&parent=16322"}],"wp:term":[{"taxonomy":"category","embeddable":true,"href":"https:\/\/radiorevelacionfm.cl\/index.php?rest_route=%2Fwp%2Fv2%2Fcategories&post=16322"},{"taxonomy":"post_tag","embeddable":true,"href":"https:\/\/radiorevelacionfm.cl\/index.php?rest_route=%2Fwp%2Fv2%2Ftags&post=16322"}],"curies":[{"name":"wp","href":"https:\/\/api.w.org\/{rel}","templated":true}]}}