{"id":16318,"date":"2022-04-29T11:36:21","date_gmt":"2022-04-29T14:36:21","guid":{"rendered":"https:\/\/radiorevelacionfm.cl\/?p=16318"},"modified":"2022-04-29T11:36:21","modified_gmt":"2022-04-29T14:36:21","slug":"seremi-del-mop-patricio-sanhueza-anuncio-fue-adjudica-la-pavimentacion-de-la-ruta-7-sur-entre-el-sector-laguna-verde-y-la-alcantarilla-cascada","status":"publish","type":"post","link":"https:\/\/radiorevelacionfm.cl\/?p=16318","title":{"rendered":"SEREMI del MOP Patricio Sanhueza anunci\u00f3:  \u201cFue adjudica la pavimentaci\u00f3n de la Ruta 7 sur entre el sector Laguna Verde y la Alcantarilla Cascada\u00bb"},"content":{"rendered":"<div class=\"flex_column av_one_full  flex_column_div av-zero-column-padding first  avia-builder-el-0  el_before_av_one_full  avia-builder-el-first  \" style='border-radius:0px; '><div  class='avia-image-container  av-styling-    avia-builder-el-1  avia-builder-el-no-sibling  avia-align-center '  itemprop=\"image\" itemscope=\"itemscope\" itemtype=\"https:\/\/schema.org\/ImageObject\"  ><div class='avia-image-container-inner'><div class='avia-image-overlay-wrap'><img decoding=\"async\" class='wp-image-16319 avia-img-lazy-loading-not-16319 avia_image' src=\"https:\/\/radiorevelacionfm.cl\/wp-content\/uploads\/2022\/04\/dos-4-1-2.jpg\" alt='' title='dos (4) (1) (2)' height=\"600\" width=\"900\"  itemprop=\"thumbnailUrl\" srcset=\"https:\/\/radiorevelacionfm.cl\/wp-content\/uploads\/2022\/04\/dos-4-1-2.jpg 900w, https:\/\/radiorevelacionfm.cl\/wp-content\/uploads\/2022\/04\/dos-4-1-2-300x200.jpg 300w, https:\/\/radiorevelacionfm.cl\/wp-content\/uploads\/2022\/04\/dos-4-1-2-768x512.jpg 768w, https:\/\/radiorevelacionfm.cl\/wp-content\/uploads\/2022\/04\/dos-4-1-2-705x470.jpg 705w, https:\/\/radiorevelacionfm.cl\/wp-content\/uploads\/2022\/04\/dos-4-1-2-600x400.jpg 600w\" sizes=\"(max-width: 900px) 100vw, 900px\" \/><\/div><\/div><\/div><\/div><div class=\"flex_column av_one_full  flex_column_div av-zero-column-padding first  avia-builder-el-2  el_after_av_one_full  el_before_av_one_full  column-top-margin\" style='border-radius:0px; '><section class=\"av_textblock_section \"  itemscope=\"itemscope\" itemtype=\"https:\/\/schema.org\/BlogPosting\" itemprop=\"blogPost\" ><div class='avia_textblock  '   itemprop=\"text\" ><p style=\"text-align: center;\"><span style=\"font-size: 18pt;\"><strong>SEREMI del MOP Patricio Sanhueza anunci\u00f3:\u00a0<\/strong><strong>\u201cFue adjudica la pavimentaci\u00f3n de la Ruta 7 sur entre el sector Laguna Verde y la Alcantarilla Cascada\u00bb<\/strong><\/span><\/p>\n<div id=\"gtx-trans\" style=\"position: absolute; left: -50px; top: 4.31534px;\">\n<div class=\"gtx-trans-icon\"><\/div>\n<\/div>\n<\/div><\/section><\/div><div class=\"flex_column av_one_full  flex_column_div av-zero-column-padding first  avia-builder-el-4  el_after_av_one_full  el_before_av_hr  column-top-margin\" style='border-radius:0px; '><section class=\"av_textblock_section \"  itemscope=\"itemscope\" itemtype=\"https:\/\/schema.org\/BlogPosting\" itemprop=\"blogPost\" ><div class='avia_textblock  '   itemprop=\"text\" ><p style=\"text-align: justify;\">El Secretario Regional Ministerial de Obras P\u00fablicas en la regi\u00f3n de Ays\u00e9n Patricio Sanhueza Ulloa, inform\u00f3 esta tarde que se ha adjudicado la pavimentaci\u00f3n de la Ruta 7 Sur, entre el sector Laguna Verde y hasta la Alcantarilla Cascada en una extensi\u00f3n de 17 kil\u00f3metros y con una inversi\u00f3n de $17.805 millones.<\/p>\n<p style=\"text-align: justify;\">\u201cAcabamos de conocer la resoluci\u00f3n de la Contralor\u00eda General de la Rep\u00fablica que da cuenta que podemos dar el vamos al contrato de pavimentaci\u00f3n de la Ruta 7 Sur entre el sector Laguna Verde y la Alcantarilla Cascada. Esta es una obra muy esperada, y hoy podemos anunciar a la comunidad que los trabajos fueron adjudicados a la empresa constructora Claro Vicu\u00f1a y esperamos de acuerdo a lo programado que durante el mes de junio del a\u00f1o en curso podamos dar inicio a las obras. Hoy nos encontramos realizando los procesos administrativos como son que la empresa debe protocolizar las bases, hacer entrega de boletas de garant\u00eda y cumplir con todas las formalidades que un contrato de estas caracter\u00edsticas amerita, pero estamos muy contentos porque pronto vamos a partir con este contrato tan anhelado y esperado por la comunidad. Esta obra viene en la l\u00ednea del gobierno del presidente Gabriel Boric, el que apunta a dar mayor confort y bienestar a la poblaci\u00f3n, y claramente con estas obras vamos a disminuir los tiempos de viaje y de traslado, y la seguridad de la v\u00eda y comodidad del tr\u00e1nsito va a ser mejor, as\u00ed que en estos 541 d\u00edas de trabajos vamos a poder acercar a la comunidad y a las localidades m\u00e1s y en mejores condiciones, como lo ha pedido nuestro presidente Boric\u201d.<\/p>\n<\/div><\/section><\/div><div  style='height:50px' class='hr hr-invisible   avia-builder-el-6  el_after_av_one_full  el_before_av_social_share '><span class='hr-inner ' ><span class='hr-inner-style'><\/span><\/span><\/div><\/p>\n<div  class='av-social-sharing-box  avia-builder-el-7  el_after_av_hr  el_before_av_hr  '><div class='av-share-box'><h5 class='av-share-link-description av-no-toc '>Compartir esta noticia<\/h5><ul class='av-share-box-list noLightbox'><li class='av-share-link av-social-link-facebook' ><a target=\"_blank\" aria-label=\"Compartir en Facebook\" href='https:\/\/www.facebook.com\/sharer.php?u=https:\/\/radiorevelacionfm.cl\/?p=16318&#038;t=SEREMI%20del%20MOP%20Patricio%20Sanhueza%20anunci%C3%B3%3A%20%20%E2%80%9CFue%20adjudica%20la%20pavimentaci%C3%B3n%20de%20la%20Ruta%207%20sur%20entre%20el%20sector%20Laguna%20Verde%20y%20la%20Alcantarilla%20Cascada%C2%BB' aria-hidden='false' data-av_icon='\ue8f3' data-av_iconfont='entypo-fontello' title='' data-avia-related-tooltip='Compartir en Facebook' rel=\"noopener\"><span class='avia_hidden_link_text'>Compartir en Facebook<\/span><\/a><\/li><li class='av-share-link av-social-link-twitter' ><a target=\"_blank\" aria-label=\"Compartir en Twitter\" href='https:\/\/twitter.com\/share?text=SEREMI%20del%20MOP%20Patricio%20Sanhueza%20anunci%C3%B3%3A%20%20%E2%80%9CFue%20adjudica%20la%20pavimentaci%C3%B3n%20de%20la%20Ruta%207%20sur%20entre%20el%20sector%20Laguna%20Verde%20y%20la%20Alcantarilla%20Cascada%C2%BB&#038;url=https:\/\/radiorevelacionfm.cl\/?p=16318' aria-hidden='false' data-av_icon='\ue8f1' data-av_iconfont='entypo-fontello' title='' data-avia-related-tooltip='Compartir en Twitter' rel=\"noopener\"><span class='avia_hidden_link_text'>Compartir en Twitter<\/span><\/a><\/li><li class='av-share-link av-social-link-whatsapp' ><a target=\"_blank\" aria-label=\"Compartir en Whatsapp\" href='https:\/\/api.whatsapp.com\/send?text=https:\/\/radiorevelacionfm.cl\/?p=16318' aria-hidden='false' data-av_icon='\uf232' data-av_iconfont='entypo-fontello' title='' data-avia-related-tooltip='Compartir en Whatsapp' rel=\"noopener\"><span class='avia_hidden_link_text'>Compartir en Whatsapp<\/span><\/a><\/li><li class='av-share-link av-social-link-linkedin' ><a target=\"_blank\" aria-label=\"Compartir en LinkedIn\" href='https:\/\/linkedin.com\/shareArticle?mini=true&#038;title=SEREMI%20del%20MOP%20Patricio%20Sanhueza%20anunci%C3%B3%3A%20%20%E2%80%9CFue%20adjudica%20la%20pavimentaci%C3%B3n%20de%20la%20Ruta%207%20sur%20entre%20el%20sector%20Laguna%20Verde%20y%20la%20Alcantarilla%20Cascada%C2%BB&#038;url=https:\/\/radiorevelacionfm.cl\/?p=16318' aria-hidden='false' data-av_icon='\ue8fc' data-av_iconfont='entypo-fontello' title='' data-avia-related-tooltip='Compartir en LinkedIn' rel=\"noopener\"><span class='avia_hidden_link_text'>Compartir en LinkedIn<\/span><\/a><\/li><li class='av-share-link av-social-link-mail' ><a  aria-label=\"Compartir por correo\" href='mailto:?subject=SEREMI%20del%20MOP%20Patricio%20Sanhueza%20anunci%C3%B3%3A%20%20%E2%80%9CFue%20adjudica%20la%20pavimentaci%C3%B3n%20de%20la%20Ruta%207%20sur%20entre%20el%20sector%20Laguna%20Verde%20y%20la%20Alcantarilla%20Cascada%C2%BB&#038;body=https:\/\/radiorevelacionfm.cl\/?p=16318' aria-hidden='false' data-av_icon='\ue805' data-av_iconfont='entypo-fontello' title='' data-avia-related-tooltip='Compartir por correo'><span class='avia_hidden_link_text'>Compartir por correo<\/span><\/a><\/li><\/ul><\/div><\/div>\n<div  style='height:50px' class='hr hr-invisible   avia-builder-el-8  el_after_av_social_share  el_before_av_comments_list '><span class='hr-inner ' ><span class='hr-inner-style'><\/span><\/span><\/div>\n<div  class='av-buildercomment  av-blog-meta-html-info-disabled av-blog-meta-tag-disabled  '><\/div>\n","protected":false},"excerpt":{"rendered":"","protected":false},"author":1,"featured_media":16319,"comment_status":"open","ping_status":"open","sticky":false,"template":"","format":"standard","meta":{"footnotes":""},"categories":[38],"tags":[],"class_list":["post-16318","post","type-post","status-publish","format-standard","has-post-thumbnail","hentry","category-regional"],"jetpack_featured_media_url":"https:\/\/radiorevelacionfm.cl\/wp-content\/uploads\/2022\/04\/dos-4-1-2.jpg","_links":{"self":[{"href":"https:\/\/radiorevelacionfm.cl\/index.php?rest_route=\/wp\/v2\/posts\/16318","targetHints":{"allow":["GET"]}}],"collection":[{"href":"https:\/\/radiorevelacionfm.cl\/index.php?rest_route=\/wp\/v2\/posts"}],"about":[{"href":"https:\/\/radiorevelacionfm.cl\/index.php?rest_route=\/wp\/v2\/types\/post"}],"author":[{"embeddable":true,"href":"https:\/\/radiorevelacionfm.cl\/index.php?rest_route=\/wp\/v2\/users\/1"}],"replies":[{"embeddable":true,"href":"https:\/\/radiorevelacionfm.cl\/index.php?rest_route=%2Fwp%2Fv2%2Fcomments&post=16318"}],"version-history":[{"count":2,"href":"https:\/\/radiorevelacionfm.cl\/index.php?rest_route=\/wp\/v2\/posts\/16318\/revisions"}],"predecessor-version":[{"id":16326,"href":"https:\/\/radiorevelacionfm.cl\/index.php?rest_route=\/wp\/v2\/posts\/16318\/revisions\/16326"}],"wp:featuredmedia":[{"embeddable":true,"href":"https:\/\/radiorevelacionfm.cl\/index.php?rest_route=\/wp\/v2\/media\/16319"}],"wp:attachment":[{"href":"https:\/\/radiorevelacionfm.cl\/index.php?rest_route=%2Fwp%2Fv2%2Fmedia&parent=16318"}],"wp:term":[{"taxonomy":"category","embeddable":true,"href":"https:\/\/radiorevelacionfm.cl\/index.php?rest_route=%2Fwp%2Fv2%2Fcategories&post=16318"},{"taxonomy":"post_tag","embeddable":true,"href":"https:\/\/radiorevelacionfm.cl\/index.php?rest_route=%2Fwp%2Fv2%2Ftags&post=16318"}],"curies":[{"name":"wp","href":"https:\/\/api.w.org\/{rel}","templated":true}]}}