{"id":16314,"date":"2022-04-28T19:34:00","date_gmt":"2022-04-28T22:34:00","guid":{"rendered":"https:\/\/radiorevelacionfm.cl\/?p=16314"},"modified":"2022-04-28T19:34:00","modified_gmt":"2022-04-28T22:34:00","slug":"1-de-mayo-es-feriado-obligatorio-e-irrenunciable-para-los-trabajadores-as-del-comercio","status":"publish","type":"post","link":"https:\/\/radiorevelacionfm.cl\/?p=16314","title":{"rendered":"1\u00b0 de mayo es feriado obligatorio e irrenunciable para los trabajadores\/as del comercio"},"content":{"rendered":"<div class=\"flex_column av_one_full  flex_column_div av-zero-column-padding first  avia-builder-el-0  el_before_av_one_full  avia-builder-el-first  \" style='border-radius:0px; '><div  class='avia-image-container  av-styling-    avia-builder-el-1  avia-builder-el-no-sibling  avia-align-center '  itemprop=\"image\" itemscope=\"itemscope\" itemtype=\"https:\/\/schema.org\/ImageObject\"  ><div class='avia-image-container-inner'><div class='avia-image-overlay-wrap'><img decoding=\"async\" class='wp-image-16315 avia-img-lazy-loading-not-16315 avia_image' src=\"https:\/\/radiorevelacionfm.cl\/wp-content\/uploads\/2022\/04\/feriadoirrenunciablecomercio-12-1-1_optimized.jpg\" alt='' title='feriadoirrenunciablecomercio-(12)-(1)-(1)_optimized' height=\"600\" width=\"846\"  itemprop=\"thumbnailUrl\" srcset=\"https:\/\/radiorevelacionfm.cl\/wp-content\/uploads\/2022\/04\/feriadoirrenunciablecomercio-12-1-1_optimized.jpg 846w, https:\/\/radiorevelacionfm.cl\/wp-content\/uploads\/2022\/04\/feriadoirrenunciablecomercio-12-1-1_optimized-300x213.jpg 300w, https:\/\/radiorevelacionfm.cl\/wp-content\/uploads\/2022\/04\/feriadoirrenunciablecomercio-12-1-1_optimized-768x545.jpg 768w, https:\/\/radiorevelacionfm.cl\/wp-content\/uploads\/2022\/04\/feriadoirrenunciablecomercio-12-1-1_optimized-260x185.jpg 260w, https:\/\/radiorevelacionfm.cl\/wp-content\/uploads\/2022\/04\/feriadoirrenunciablecomercio-12-1-1_optimized-705x500.jpg 705w, https:\/\/radiorevelacionfm.cl\/wp-content\/uploads\/2022\/04\/feriadoirrenunciablecomercio-12-1-1_optimized-600x426.jpg 600w\" sizes=\"(max-width: 846px) 100vw, 846px\" \/><\/div><\/div><\/div><\/div><div class=\"flex_column av_one_full  flex_column_div av-zero-column-padding first  avia-builder-el-2  el_after_av_one_full  el_before_av_one_full  column-top-margin\" style='border-radius:0px; '><section class=\"av_textblock_section \"  itemscope=\"itemscope\" itemtype=\"https:\/\/schema.org\/BlogPosting\" itemprop=\"blogPost\" ><div class='avia_textblock  '   itemprop=\"text\" ><p style=\"text-align: center;\"><span style=\"font-size: 18pt;\"><strong>1\u00b0 de mayo es feriado obligatorio e irrenunciable para los trabajadores\/as del comercio<\/strong><\/span><\/p>\n<div id=\"gtx-trans\" style=\"position: absolute; left: -50px; top: 4.31534px;\">\n<div class=\"gtx-trans-icon\"><\/div>\n<\/div>\n<\/div><\/section><\/div><div class=\"flex_column av_one_full  flex_column_div av-zero-column-padding first  avia-builder-el-4  el_after_av_one_full  el_before_av_hr  column-top-margin\" style='border-radius:0px; '><section class=\"av_textblock_section \"  itemscope=\"itemscope\" itemtype=\"https:\/\/schema.org\/BlogPosting\" itemprop=\"blogPost\" ><div class='avia_textblock  '   itemprop=\"text\" ><p style=\"text-align: justify;\">Para realizar una difusi\u00f3n con respecto al derecho laboral de los trabajadores\/as del comercio al feriado irrenunciable del d\u00eda 1 de mayo, en el cual se conmemora el D\u00eda del Trabajador, la Direcci\u00f3n del Trabajo se traslad\u00f3 hasta el Supermercado regional Hiperpatag\u00f3nico, donde convers\u00f3 con trabajadores\/as y con la prensa.<\/p>\n<p style=\"text-align: justify;\">\u201cEl d\u00eda 1 de mayo, es decir, este domingo, es feriado irrenunciable y obligatorio para todos los trabajadores y trabajadoras del sector comercio. Lo que quiere decir que ning\u00fan trabajador, que trabaje directamente y venda directamente al p\u00fablico, puede trabajar el d\u00eda domingo. El descanso para ellos comienza el d\u00eda s\u00e1bado 30 de abril a partir de las 21 hrs y termina el d\u00eda lunes 2 de mayo, a las 6 de la ma\u00f1ana\u201d, afirm\u00f3 la Directora regional del Trabajo, Victoria Sierra.<\/p>\n<p style=\"text-align: justify;\">Con respecto a los locales comerciales que s\u00ed pueden atender, la autoridad laboral mencion\u00f3: \u201cHay algunas situaciones que se except\u00faan de estos trabajadores, como son aquellas actividades que no se pueden interrumpir, como las farmacias de urgencia, las estaciones de servicio que expenden combustibles, los locales de los aeropuertos, los restaurantes, los clubes, los espect\u00e1culos, ellos s\u00ed van a poder trabajar ese d\u00eda. Es importante saber que tambi\u00e9n existe una ley que es un beneficio para esos trabajadores que est\u00e1n exceptuados de este descanso, porque ellos cada dos a\u00f1os s\u00ed tienen que descansar. Es decir, si un trabajador de la farmacia, trabaj\u00f3 el 1 de mayo del a\u00f1o 2021 y est\u00e1 trabajando en esa misma farmacia, este 1 de mayo del 2022, tiene derecho a descansar por esa ley\u201d, detall\u00f3 Sierra, haciendo presente tambi\u00e9n pueden abrir los locales comerciales atendidos por sus propios due\u00f1os y familiares cercanos.<\/p>\n<p style=\"text-align: justify;\">La trabajadora Lidia Alvarado valor\u00f3 que se respete este derecho laboral, realizando un saludo y un llamado, \u201cTambi\u00e9n quiero invitar a los empresarios que respeten este d\u00eda feriado, que es legal para todos los trabajadores y tambi\u00e9n enviarles un saludo a todos los trabajadores en general, para celebrar el D\u00eda del Trabajador. Muchas felicidades a todos por su labor, que entregan cada d\u00eda a las empresas\u201d.<\/p>\n<p style=\"text-align: justify;\">Por su parte, desde el local regional, su administrador, Mario Ojeda, se refiri\u00f3 al horario del establecimiento, cumpliendo la norma, \u201cPor ser justamente feriado irrenunciable, mantendremos cerrado todo el d\u00eda domingo 1 de mayo y el d\u00eda s\u00e1bado, normalmente cerramos a las 21:00 pero al ser feriado, cerraremos a las 19:45 justamente para dar las facilidades a nuestro personal que tiene turno de cierre, para que puedan salir anticipadamente. Junto con ello, quiero tambi\u00e9n invitar a toda la comunidad que, para hacer sus compras para el fin de semana, lo hagan viernes y s\u00e1bado con la mayor antelaci\u00f3n posible, para no andar aglomerado y compren tranquilamente todos los productos que andan buscando. Desde ya en nombre del Hiperpatag\u00f3nico les deseamos muchas felicidades a todos los trabajadores de la regi\u00f3n\u201d.<\/p>\n<p style=\"text-align: justify;\"><strong><u>Denuncias y Multas<\/u><\/strong><\/p>\n<p style=\"text-align: justify;\">La Direcci\u00f3n del Trabajo tendr\u00e1 un programa especial de fiscalizaci\u00f3n de este feriado irrenunciable en el comercio, \u201cEste a\u00f1o tambi\u00e9n vamos a tener un programa nacional de fiscalizaci\u00f3n, con nuestra l\u00ednea telef\u00f3nica 600 450 4000 donde los trabajadores pueden hacer sus denuncias, por el call center y tambi\u00e9n tenemos habilitado en el Portal MI DT, la denuncia online, es decir, con clave \u00fanica, el trabajador ingresa y realiza su denuncia. Si tienen cualquier duda de esta informaci\u00f3n, tambi\u00e9n pueden escribirnos a la casilla regional <a href=\"mailto:upartesaysen@dt.gob.cl\">upartesaysen@dt.gob.cl<\/a>\u201d, se\u00f1al\u00f3 Sierra.<\/p>\n<p style=\"text-align: justify;\">Finalmente, la Directora regional del Trabajo, se refiri\u00f3 a las multas a las que se exponen los empleadores\/as que no cumplan con esta normativa, \u201cLas multas son bastantes altas porque son por cada trabajador que detectemos trabajando el feriado 1 de mayo. Lo que quiere decir si es una micro o peque\u00f1a empresa son 5 UTM, $278 mil por cada trabajador; si es una mediana, que va entre los 50 a 199 trabajadores, son 20 UTM, es decir, $1.100.000 aproximadamente; y si es una gran empresa, o sea, tiene m\u00e1s de 200 trabajadores, son 60 UTM, son m\u00e1s de $3.300.000 aproximadamente\u201d.<\/p>\n<p style=\"text-align: justify;\">En materia de jornada laboral, el C\u00f3digo del Trabajo establece diferentes derechos de los trabajadores\/as del comercio, en cuanto poseen\u00a0Feriados\u00a0obligatorios e\u00a0irrenunciables: A\u00f1o Nuevo (1 de enero), D\u00eda del Trabajador (1 de mayo), Fiestas Patrias (18 y 19 de septiembre) y Navidad (25 de diciembre).<\/p>\n<\/div><\/section><\/div><div  style='height:50px' class='hr hr-invisible   avia-builder-el-6  el_after_av_one_full  el_before_av_social_share '><span class='hr-inner ' ><span class='hr-inner-style'><\/span><\/span><\/div><\/p>\n<div  class='av-social-sharing-box  avia-builder-el-7  el_after_av_hr  el_before_av_hr  '><div class='av-share-box'><h5 class='av-share-link-description av-no-toc '>Compartir esta noticia<\/h5><ul class='av-share-box-list noLightbox'><li class='av-share-link av-social-link-facebook' ><a target=\"_blank\" aria-label=\"Compartir en Facebook\" href='https:\/\/www.facebook.com\/sharer.php?u=https:\/\/radiorevelacionfm.cl\/?p=16314&#038;t=1%C2%B0%20de%20mayo%20es%20feriado%20obligatorio%20e%20irrenunciable%20para%20los%20trabajadores%2Fas%20del%20comercio' aria-hidden='false' data-av_icon='\ue8f3' data-av_iconfont='entypo-fontello' title='' data-avia-related-tooltip='Compartir en Facebook' rel=\"noopener\"><span class='avia_hidden_link_text'>Compartir en Facebook<\/span><\/a><\/li><li class='av-share-link av-social-link-twitter' ><a target=\"_blank\" aria-label=\"Compartir en Twitter\" href='https:\/\/twitter.com\/share?text=1%C2%B0%20de%20mayo%20es%20feriado%20obligatorio%20e%20irrenunciable%20para%20los%20trabajadores%2Fas%20del%20comercio&#038;url=https:\/\/radiorevelacionfm.cl\/?p=16314' aria-hidden='false' data-av_icon='\ue8f1' data-av_iconfont='entypo-fontello' title='' data-avia-related-tooltip='Compartir en Twitter' rel=\"noopener\"><span class='avia_hidden_link_text'>Compartir en Twitter<\/span><\/a><\/li><li class='av-share-link av-social-link-whatsapp' ><a target=\"_blank\" aria-label=\"Compartir en Whatsapp\" href='https:\/\/api.whatsapp.com\/send?text=https:\/\/radiorevelacionfm.cl\/?p=16314' aria-hidden='false' data-av_icon='\uf232' data-av_iconfont='entypo-fontello' title='' data-avia-related-tooltip='Compartir en Whatsapp' rel=\"noopener\"><span class='avia_hidden_link_text'>Compartir en Whatsapp<\/span><\/a><\/li><li class='av-share-link av-social-link-linkedin' ><a target=\"_blank\" aria-label=\"Compartir en LinkedIn\" href='https:\/\/linkedin.com\/shareArticle?mini=true&#038;title=1%C2%B0%20de%20mayo%20es%20feriado%20obligatorio%20e%20irrenunciable%20para%20los%20trabajadores%2Fas%20del%20comercio&#038;url=https:\/\/radiorevelacionfm.cl\/?p=16314' aria-hidden='false' data-av_icon='\ue8fc' data-av_iconfont='entypo-fontello' title='' data-avia-related-tooltip='Compartir en LinkedIn' rel=\"noopener\"><span class='avia_hidden_link_text'>Compartir en LinkedIn<\/span><\/a><\/li><li class='av-share-link av-social-link-mail' ><a  aria-label=\"Compartir por correo\" href='mailto:?subject=1%C2%B0%20de%20mayo%20es%20feriado%20obligatorio%20e%20irrenunciable%20para%20los%20trabajadores%2Fas%20del%20comercio&#038;body=https:\/\/radiorevelacionfm.cl\/?p=16314' aria-hidden='false' data-av_icon='\ue805' data-av_iconfont='entypo-fontello' title='' data-avia-related-tooltip='Compartir por correo'><span class='avia_hidden_link_text'>Compartir por correo<\/span><\/a><\/li><\/ul><\/div><\/div>\n<div  style='height:50px' class='hr hr-invisible   avia-builder-el-8  el_after_av_social_share  el_before_av_comments_list '><span class='hr-inner ' ><span class='hr-inner-style'><\/span><\/span><\/div>\n<div  class='av-buildercomment  av-blog-meta-html-info-disabled av-blog-meta-tag-disabled  '><\/div>\n","protected":false},"excerpt":{"rendered":"","protected":false},"author":1,"featured_media":16315,"comment_status":"open","ping_status":"open","sticky":false,"template":"","format":"standard","meta":{"footnotes":""},"categories":[56],"tags":[],"class_list":["post-16314","post","type-post","status-publish","format-standard","has-post-thumbnail","hentry","category-trabajo"],"jetpack_featured_media_url":"https:\/\/radiorevelacionfm.cl\/wp-content\/uploads\/2022\/04\/feriadoirrenunciablecomercio-12-1-1_optimized.jpg","_links":{"self":[{"href":"https:\/\/radiorevelacionfm.cl\/index.php?rest_route=\/wp\/v2\/posts\/16314","targetHints":{"allow":["GET"]}}],"collection":[{"href":"https:\/\/radiorevelacionfm.cl\/index.php?rest_route=\/wp\/v2\/posts"}],"about":[{"href":"https:\/\/radiorevelacionfm.cl\/index.php?rest_route=\/wp\/v2\/types\/post"}],"author":[{"embeddable":true,"href":"https:\/\/radiorevelacionfm.cl\/index.php?rest_route=\/wp\/v2\/users\/1"}],"replies":[{"embeddable":true,"href":"https:\/\/radiorevelacionfm.cl\/index.php?rest_route=%2Fwp%2Fv2%2Fcomments&post=16314"}],"version-history":[{"count":2,"href":"https:\/\/radiorevelacionfm.cl\/index.php?rest_route=\/wp\/v2\/posts\/16314\/revisions"}],"predecessor-version":[{"id":16321,"href":"https:\/\/radiorevelacionfm.cl\/index.php?rest_route=\/wp\/v2\/posts\/16314\/revisions\/16321"}],"wp:featuredmedia":[{"embeddable":true,"href":"https:\/\/radiorevelacionfm.cl\/index.php?rest_route=\/wp\/v2\/media\/16315"}],"wp:attachment":[{"href":"https:\/\/radiorevelacionfm.cl\/index.php?rest_route=%2Fwp%2Fv2%2Fmedia&parent=16314"}],"wp:term":[{"taxonomy":"category","embeddable":true,"href":"https:\/\/radiorevelacionfm.cl\/index.php?rest_route=%2Fwp%2Fv2%2Fcategories&post=16314"},{"taxonomy":"post_tag","embeddable":true,"href":"https:\/\/radiorevelacionfm.cl\/index.php?rest_route=%2Fwp%2Fv2%2Ftags&post=16314"}],"curies":[{"name":"wp","href":"https:\/\/api.w.org\/{rel}","templated":true}]}}