{"id":16311,"date":"2022-04-29T15:12:52","date_gmt":"2022-04-29T18:12:52","guid":{"rendered":"https:\/\/radiorevelacionfm.cl\/?p=16311"},"modified":"2022-04-29T15:12:52","modified_gmt":"2022-04-29T18:12:52","slug":"estudiantes-de-pedagogia-en-educacion-basica-uach-impartiran-talleres-de-literatura-con-perspectiva-de-genero","status":"publish","type":"post","link":"https:\/\/radiorevelacionfm.cl\/?p=16311","title":{"rendered":"Estudiantes de Pedagog\u00eda en Educaci\u00f3n B\u00e1sica UACh impartir\u00e1n talleres de literatura con perspectiva de g\u00e9nero"},"content":{"rendered":"<div class=\"flex_column av_one_full  flex_column_div av-zero-column-padding first  avia-builder-el-0  el_before_av_one_full  avia-builder-el-first  \" style='border-radius:0px; '><div  class='avia-image-container  av-styling-    avia-builder-el-1  avia-builder-el-no-sibling  avia-align-center '  itemprop=\"image\" itemscope=\"itemscope\" itemtype=\"https:\/\/schema.org\/ImageObject\"  ><div class='avia-image-container-inner'><div class='avia-image-overlay-wrap'><img decoding=\"async\" class='wp-image-16312 avia-img-lazy-loading-not-16312 avia_image' src=\"https:\/\/radiorevelacionfm.cl\/wp-content\/uploads\/2022\/04\/Clases-de-Bernardita-y-Catalina-1-1.jpg\" alt='' title='Clases de Bernardita y Catalina (1) (1)' height=\"600\" width=\"600\"  itemprop=\"thumbnailUrl\" srcset=\"https:\/\/radiorevelacionfm.cl\/wp-content\/uploads\/2022\/04\/Clases-de-Bernardita-y-Catalina-1-1.jpg 600w, https:\/\/radiorevelacionfm.cl\/wp-content\/uploads\/2022\/04\/Clases-de-Bernardita-y-Catalina-1-1-300x300.jpg 300w, https:\/\/radiorevelacionfm.cl\/wp-content\/uploads\/2022\/04\/Clases-de-Bernardita-y-Catalina-1-1-80x80.jpg 80w, https:\/\/radiorevelacionfm.cl\/wp-content\/uploads\/2022\/04\/Clases-de-Bernardita-y-Catalina-1-1-36x36.jpg 36w, https:\/\/radiorevelacionfm.cl\/wp-content\/uploads\/2022\/04\/Clases-de-Bernardita-y-Catalina-1-1-180x180.jpg 180w, https:\/\/radiorevelacionfm.cl\/wp-content\/uploads\/2022\/04\/Clases-de-Bernardita-y-Catalina-1-1-100x100.jpg 100w\" sizes=\"(max-width: 600px) 100vw, 600px\" \/><\/div><\/div><\/div><\/div><div class=\"flex_column av_one_full  flex_column_div av-zero-column-padding first  avia-builder-el-2  el_after_av_one_full  el_before_av_one_full  column-top-margin\" style='border-radius:0px; '><section class=\"av_textblock_section \"  itemscope=\"itemscope\" itemtype=\"https:\/\/schema.org\/BlogPosting\" itemprop=\"blogPost\" ><div class='avia_textblock  '   itemprop=\"text\" ><p style=\"text-align: center;\"><span style=\"font-size: 18pt;\"><strong>Estudiantes de Pedagog\u00eda en Educaci\u00f3n B\u00e1sica UACh impartir\u00e1n talleres de literatura con perspectiva de g\u00e9nero<\/strong><\/span><\/p>\n<div id=\"gtx-trans\" style=\"position: absolute; left: -50px; top: 4.31534px;\">\n<div class=\"gtx-trans-icon\"><\/div>\n<\/div>\n<\/div><\/section><\/div><div class=\"flex_column av_one_full  flex_column_div av-zero-column-padding first  avia-builder-el-4  el_after_av_one_full  el_before_av_hr  column-top-margin\" style='border-radius:0px; '><section class=\"av_textblock_section \"  itemscope=\"itemscope\" itemtype=\"https:\/\/schema.org\/BlogPosting\" itemprop=\"blogPost\" ><div class='avia_textblock  '   itemprop=\"text\" ><p style=\"text-align: justify;\">A trav\u00e9s del programa de Formaci\u00f3n Inicial Docente, FID, de la Universidad Austral de Chile, Catalina Troncoso y Bernardita Villegas, estudiantes de la carrera de Pedagog\u00eda en Educaci\u00f3n B\u00e1sica con menciones del Campus Patagonia, se adjudicaron un proyecto denominado \u201cTalleres did\u00e1cticos de literatura infantil con perspectiva de g\u00e9nero\u201d.<\/p>\n<p style=\"text-align: justify;\">Estas iniciativas tienen como objetivo construir aprendizajes respecto a los estereotipos, roles y sesgos de g\u00e9nero junto a ni\u00f1as y ni\u00f1os de la Regi\u00f3n de Ays\u00e9n, a partir del uso de cuentos infantiles, en las localidades de Coyhaique, Puerto Ays\u00e9n, Valle Simpson, Chacabuco y Villa Ma\u00f1ihuales, planificando cada taller de acuerdo al contexto de las y los asistentes.<\/p>\n<p style=\"text-align: justify;\">Al respecto, Bernardita Villegas, estudiantes de Pedagog\u00eda en Educaci\u00f3n B\u00e1sica, se\u00f1al\u00f3 que \u201ccomo estudiantes de Pedagog\u00eda es importante la realizaci\u00f3n de este proyecto, porque nos permite vincularnos con comunidades educativas de la regi\u00f3n y acentuar la relevancia de problematizar la violencia de g\u00e9nero, en este caso simb\u00f3lica, desde una perspectiva contextualizada a las realidades educativas cercanas para que la erradicaci\u00f3n de las violencias no solo sea teor\u00eda, sino que pr\u00e1cticas pedag\u00f3gicas que se vuelven urgentes, sobre todo en las situaciones escolares actuales\u201d.<\/p>\n<p style=\"text-align: justify;\">La ejecuci\u00f3n de los talleres finaliza con la realizaci\u00f3n de conversatorios con docentes y estudiantes de Pedagog\u00eda, para evidenciar los resultados observados en las sesiones realizadas con ni\u00f1as y ni\u00f1os de las escuelas, y as\u00ed buscar la reflexi\u00f3n respecto al sexismo en la literatura infantil desde la perspectiva de las infancias de la Regi\u00f3n de Ays\u00e9n y generar un espacio de aprendizaje tanto para docentes, como estudiantes respecto de la problem\u00e1tica del sexismo en la educaci\u00f3n.<\/p>\n<p style=\"text-align: justify;\">Para las estudiantes, la problem\u00e1tica que atiende este proyecto corresponde al car\u00e1cter sexista de la educaci\u00f3n, lo cual se ve reflejado en herramientas pedag\u00f3gicas como son los cuentos infantiles, donde la literatura infantil tradicional, que tiende a utilizarse como lecturas en las aulas de la regi\u00f3n, cuenta con estereotipos, roles y sesgos de g\u00e9nero que no son abordados durante las clases, sino m\u00e1s bien invisibilizados, es por ello que se pretende visibilizar esta problem\u00e1tica pero desde una visi\u00f3n contraria al adulto-centrismo, donde sean las ni\u00f1as y ni\u00f1os quienes puedan aportar con sus conocimientos y experiencias.<\/p>\n<p style=\"text-align: justify;\">Lo anterior es sumamente importante para Catalina y Bernardita, ya que al situar a la infancia como el centro del estudio de acuerdo a sus subjetividades, se tensiona el car\u00e1cter patriarcal de la cultura regional, donde las infancias son silenciadas ante la perspectiva de las adultas y adultos.<\/p>\n<\/div><\/section><\/div><div  style='height:50px' class='hr hr-invisible   avia-builder-el-6  el_after_av_one_full  el_before_av_social_share '><span class='hr-inner ' ><span class='hr-inner-style'><\/span><\/span><\/div><\/p>\n<div  class='av-social-sharing-box  avia-builder-el-7  el_after_av_hr  el_before_av_hr  '><div class='av-share-box'><h5 class='av-share-link-description av-no-toc '>Compartir esta noticia<\/h5><ul class='av-share-box-list noLightbox'><li class='av-share-link av-social-link-facebook' ><a target=\"_blank\" aria-label=\"Compartir en Facebook\" href='https:\/\/www.facebook.com\/sharer.php?u=https:\/\/radiorevelacionfm.cl\/?p=16311&#038;t=Estudiantes%20de%20Pedagog%C3%ADa%20en%20Educaci%C3%B3n%20B%C3%A1sica%20UACh%20impartir%C3%A1n%20talleres%20de%20literatura%20con%20perspectiva%20de%20g%C3%A9nero' aria-hidden='false' data-av_icon='\ue8f3' data-av_iconfont='entypo-fontello' title='' data-avia-related-tooltip='Compartir en Facebook' rel=\"noopener\"><span class='avia_hidden_link_text'>Compartir en Facebook<\/span><\/a><\/li><li class='av-share-link av-social-link-twitter' ><a target=\"_blank\" aria-label=\"Compartir en Twitter\" href='https:\/\/twitter.com\/share?text=Estudiantes%20de%20Pedagog%C3%ADa%20en%20Educaci%C3%B3n%20B%C3%A1sica%20UACh%20impartir%C3%A1n%20talleres%20de%20literatura%20con%20perspectiva%20de%20g%C3%A9nero&#038;url=https:\/\/radiorevelacionfm.cl\/?p=16311' aria-hidden='false' data-av_icon='\ue8f1' data-av_iconfont='entypo-fontello' title='' data-avia-related-tooltip='Compartir en Twitter' rel=\"noopener\"><span class='avia_hidden_link_text'>Compartir en Twitter<\/span><\/a><\/li><li class='av-share-link av-social-link-whatsapp' ><a target=\"_blank\" aria-label=\"Compartir en Whatsapp\" href='https:\/\/api.whatsapp.com\/send?text=https:\/\/radiorevelacionfm.cl\/?p=16311' aria-hidden='false' data-av_icon='\uf232' data-av_iconfont='entypo-fontello' title='' data-avia-related-tooltip='Compartir en Whatsapp' rel=\"noopener\"><span class='avia_hidden_link_text'>Compartir en Whatsapp<\/span><\/a><\/li><li class='av-share-link av-social-link-linkedin' ><a target=\"_blank\" aria-label=\"Compartir en LinkedIn\" href='https:\/\/linkedin.com\/shareArticle?mini=true&#038;title=Estudiantes%20de%20Pedagog%C3%ADa%20en%20Educaci%C3%B3n%20B%C3%A1sica%20UACh%20impartir%C3%A1n%20talleres%20de%20literatura%20con%20perspectiva%20de%20g%C3%A9nero&#038;url=https:\/\/radiorevelacionfm.cl\/?p=16311' aria-hidden='false' data-av_icon='\ue8fc' data-av_iconfont='entypo-fontello' title='' data-avia-related-tooltip='Compartir en LinkedIn' rel=\"noopener\"><span class='avia_hidden_link_text'>Compartir en LinkedIn<\/span><\/a><\/li><li class='av-share-link av-social-link-mail' ><a  aria-label=\"Compartir por correo\" href='mailto:?subject=Estudiantes%20de%20Pedagog%C3%ADa%20en%20Educaci%C3%B3n%20B%C3%A1sica%20UACh%20impartir%C3%A1n%20talleres%20de%20literatura%20con%20perspectiva%20de%20g%C3%A9nero&#038;body=https:\/\/radiorevelacionfm.cl\/?p=16311' aria-hidden='false' data-av_icon='\ue805' data-av_iconfont='entypo-fontello' title='' data-avia-related-tooltip='Compartir por correo'><span class='avia_hidden_link_text'>Compartir por correo<\/span><\/a><\/li><\/ul><\/div><\/div>\n<div  style='height:50px' class='hr hr-invisible   avia-builder-el-8  el_after_av_social_share  el_before_av_comments_list '><span class='hr-inner ' ><span class='hr-inner-style'><\/span><\/span><\/div>\n<div  class='av-buildercomment  av-blog-meta-html-info-disabled av-blog-meta-tag-disabled  '><\/div>\n","protected":false},"excerpt":{"rendered":"","protected":false},"author":1,"featured_media":16312,"comment_status":"open","ping_status":"open","sticky":false,"template":"","format":"standard","meta":{"footnotes":""},"categories":[49],"tags":[],"class_list":["post-16311","post","type-post","status-publish","format-standard","has-post-thumbnail","hentry","category-educacion"],"jetpack_featured_media_url":"https:\/\/radiorevelacionfm.cl\/wp-content\/uploads\/2022\/04\/Clases-de-Bernardita-y-Catalina-1-1.jpg","_links":{"self":[{"href":"https:\/\/radiorevelacionfm.cl\/index.php?rest_route=\/wp\/v2\/posts\/16311","targetHints":{"allow":["GET"]}}],"collection":[{"href":"https:\/\/radiorevelacionfm.cl\/index.php?rest_route=\/wp\/v2\/posts"}],"about":[{"href":"https:\/\/radiorevelacionfm.cl\/index.php?rest_route=\/wp\/v2\/types\/post"}],"author":[{"embeddable":true,"href":"https:\/\/radiorevelacionfm.cl\/index.php?rest_route=\/wp\/v2\/users\/1"}],"replies":[{"embeddable":true,"href":"https:\/\/radiorevelacionfm.cl\/index.php?rest_route=%2Fwp%2Fv2%2Fcomments&post=16311"}],"version-history":[{"count":2,"href":"https:\/\/radiorevelacionfm.cl\/index.php?rest_route=\/wp\/v2\/posts\/16311\/revisions"}],"predecessor-version":[{"id":16333,"href":"https:\/\/radiorevelacionfm.cl\/index.php?rest_route=\/wp\/v2\/posts\/16311\/revisions\/16333"}],"wp:featuredmedia":[{"embeddable":true,"href":"https:\/\/radiorevelacionfm.cl\/index.php?rest_route=\/wp\/v2\/media\/16312"}],"wp:attachment":[{"href":"https:\/\/radiorevelacionfm.cl\/index.php?rest_route=%2Fwp%2Fv2%2Fmedia&parent=16311"}],"wp:term":[{"taxonomy":"category","embeddable":true,"href":"https:\/\/radiorevelacionfm.cl\/index.php?rest_route=%2Fwp%2Fv2%2Fcategories&post=16311"},{"taxonomy":"post_tag","embeddable":true,"href":"https:\/\/radiorevelacionfm.cl\/index.php?rest_route=%2Fwp%2Fv2%2Ftags&post=16311"}],"curies":[{"name":"wp","href":"https:\/\/api.w.org\/{rel}","templated":true}]}}