{"id":16308,"date":"2022-04-28T18:42:06","date_gmt":"2022-04-28T21:42:06","guid":{"rendered":"https:\/\/radiorevelacionfm.cl\/?p=16308"},"modified":"2022-04-28T18:42:06","modified_gmt":"2022-04-28T21:42:06","slug":"mas-de-60-emprendedores-as-locales-ofrecen-sus-productos-y-servicios-en-la-expo-fosis","status":"publish","type":"post","link":"https:\/\/radiorevelacionfm.cl\/?p=16308","title":{"rendered":"M\u00e1s de 60 emprendedores\/as locales ofrecen sus productos y servicios en la Expo FOSIS"},"content":{"rendered":"<div class=\"flex_column av_one_full  flex_column_div av-zero-column-padding first  avia-builder-el-0  el_before_av_one_full  avia-builder-el-first  \" style='border-radius:0px; '><div  class='avia-image-container  av-styling-    avia-builder-el-1  avia-builder-el-no-sibling  avia-align-center '  itemprop=\"image\" itemscope=\"itemscope\" itemtype=\"https:\/\/schema.org\/ImageObject\"  ><div class='avia-image-container-inner'><div class='avia-image-overlay-wrap'><img decoding=\"async\" class='wp-image-16309 avia-img-lazy-loading-not-16309 avia_image' src=\"https:\/\/radiorevelacionfm.cl\/wp-content\/uploads\/2022\/04\/1-expo-fosis-1_optimized.jpeg\" alt='' title='1-expo-fosis-(1)_optimized' height=\"600\" width=\"800\"  itemprop=\"thumbnailUrl\" srcset=\"https:\/\/radiorevelacionfm.cl\/wp-content\/uploads\/2022\/04\/1-expo-fosis-1_optimized.jpeg 800w, https:\/\/radiorevelacionfm.cl\/wp-content\/uploads\/2022\/04\/1-expo-fosis-1_optimized-300x225.jpeg 300w, https:\/\/radiorevelacionfm.cl\/wp-content\/uploads\/2022\/04\/1-expo-fosis-1_optimized-768x576.jpeg 768w, https:\/\/radiorevelacionfm.cl\/wp-content\/uploads\/2022\/04\/1-expo-fosis-1_optimized-705x529.jpeg 705w, https:\/\/radiorevelacionfm.cl\/wp-content\/uploads\/2022\/04\/1-expo-fosis-1_optimized-600x450.jpeg 600w\" sizes=\"(max-width: 800px) 100vw, 800px\" \/><\/div><\/div><\/div><\/div><div class=\"flex_column av_one_full  flex_column_div av-zero-column-padding first  avia-builder-el-2  el_after_av_one_full  el_before_av_one_full  column-top-margin\" style='border-radius:0px; '><section class=\"av_textblock_section \"  itemscope=\"itemscope\" itemtype=\"https:\/\/schema.org\/BlogPosting\" itemprop=\"blogPost\" ><div class='avia_textblock  '   itemprop=\"text\" ><p style=\"text-align: center;\"><span style=\"font-size: 18pt;\"><strong>M\u00e1s de 60 emprendedores\/as locales ofrecen sus productos y servicios en la Expo FOSIS<\/strong><\/span><\/p>\n<div id=\"gtx-trans\" style=\"position: absolute; left: -50px; top: 4.31534px;\">\n<div class=\"gtx-trans-icon\"><\/div>\n<\/div>\n<\/div><\/section><\/div><div class=\"flex_column av_one_full  flex_column_div av-zero-column-padding first  avia-builder-el-4  el_after_av_one_full  el_before_av_hr  column-top-margin\" style='border-radius:0px; '><section class=\"av_textblock_section \"  itemscope=\"itemscope\" itemtype=\"https:\/\/schema.org\/BlogPosting\" itemprop=\"blogPost\" ><div class='avia_textblock  '   itemprop=\"text\" ><p style=\"text-align: justify;\">Hasta la tienda Vinilo Patag\u00f3n en Coyhaique llegaron la Gobernadora Regional de Ays\u00e9n, Andrea Mac\u00edas; la Seremi de Desarrollo Social y Familia, Karina Acevedo; el Consejero Regional, Omar Mu\u00f1oz y la Directora Regional (S) del FOSIS, Soledad Vera, para conocer el emprendimiento familiar de Sandra Stone y su Hijo Jos\u00e9 Miguel Barrientos, junto con hacer el lanzamiento de la vitrina digital Expo FOSIS.<\/p>\n<p style=\"text-align: justify;\">En la instancia de encuentro las autoridades pudieron conversar y compartir de cerca con los protagonistas de este emprendimiento familiar que ofrece m\u00fasica en formato vinilo, junto con libros, comics, mangas, telescopios, tocadiscos y cartas.<\/p>\n<p style=\"text-align: justify;\">Todas las emprendedoras y emprendedores que son parte de esta iniciativa, est\u00e1n recibiendo capacitaci\u00f3n, asesor\u00eda t\u00e9cnica y un plan de financiamiento para fortalecer, desarrollar y digitalizar sus negocios, gracias a los recursos del programa Yo Emprendo Ferias FNDR, financiado por el Gobierno Regional de Ays\u00e9n y su Consejo.<\/p>\n<p style=\"text-align: justify;\">En esta versi\u00f3n de la Expo FOSIS est\u00e1n presentes 61 participantes de las comunas de Coyhaique, Ays\u00e9n, Cisnes, Chile Chico y R\u00edo Ib\u00e1\u00f1ez; quienes ofrecen productos y servicios en distintas categor\u00edas como: Accesorios y regalos, artesan\u00eda, salud y belleza, gourmet, hogar, mundo infantil, servicios y vestuario y calzado.<\/p>\n<p style=\"text-align: justify;\">Jos\u00e9 Miguel Barrientos, emprendedor de Vinilo Patag\u00f3n, recalc\u00f3 que \u201ces valorable lo que se hace, para todo el comercio local siempre es importante el apoyo que est\u00e1 entregando FOSIS, porque eso sirve para apoyar a las familias que est\u00e1n detr\u00e1s. Tener m\u00e1s visibilidad, que m\u00e1s personas puedan conocernos es algo totalmente positivo. Quedan todos invitados a conocer la plataforma para que pueda ver cada uno de los emprendimientos que est\u00e1n participando y revisar los distintos productos que se ofrecen desde las redes sociales que est\u00e1n vinculada a la vitrina digital\u201d.<\/p>\n<p style=\"text-align: justify;\">La Gobernadora Regional de Ays\u00e9n, Andrea Mac\u00edas, aseguro que \u201cel Gobierno Regional de Ays\u00e9n y su Consejo, con un financiamiento por sobre los 200 millones de pesos, ha permitido la realizaci\u00f3n de estas ferias, que tuvieron que reconvertirse en \u00e9poca de pandemia y hoy se plantean como ferias digitales. Si hay algo que la pandemia vino a modificar son las formas en que nos vinculamos y emprendemos. Hubo un boom del comercio digital y para ello es necesario contar con todas las herramientas que nos permitan saber mover nuestras redes, saber vende y ese trabajo lo ha hecho FOSIS con estos m\u00e1s de 60 emprendedores regionales\u201d.<\/p>\n<p style=\"text-align: justify;\">Karina Acevedo, Seremi de Desarrollo Social y Familia, destac\u00f3 que \u201cnuestro Ministerio busca equiparar la cancha para todos los emprendedores y FOSIS en la regi\u00f3n de Ays\u00e9n ha sido innovador en la materia y la forma para poder llevar estos emprendimientos a cabo, apoy\u00e1ndolos a trav\u00e9s de procesos y sistemas. Esta alianza con el Gobierno Regional nos permite abrir una puerta distinta para externalizar productos y servicios de nuestros emprendedores para la regi\u00f3n, hacia otras regiones y localidades, y por qu\u00e9 no hacia el extranjero. Todo esto es posible hoy gracias a las redes sociales\u201d.<\/p>\n<p style=\"text-align: justify;\">Cabe destacar que esta vitrina digital estar\u00e1 habilitada hasta el 15 de mayo en <a href=\"http:\/\/www.fosis.gob.cl\">www.fosis.gob.cl<\/a> o en <a href=\"http:\/\/www.expofosis.cl\">www.expofosis.cl<\/a>. Para los d\u00edas 7 y 8 de mayo se espera realizar una Expo FOSIS, en versi\u00f3n presencial, en el Gimnasio de la Uni\u00f3n Espa\u00f1ola en Coyhaique.<\/p>\n<\/div><\/section><\/div><div  style='height:50px' class='hr hr-invisible   avia-builder-el-6  el_after_av_one_full  el_before_av_social_share '><span class='hr-inner ' ><span class='hr-inner-style'><\/span><\/span><\/div><\/p>\n<div  class='av-social-sharing-box  avia-builder-el-7  el_after_av_hr  el_before_av_hr  '><div class='av-share-box'><h5 class='av-share-link-description av-no-toc '>Compartir esta noticia<\/h5><ul class='av-share-box-list noLightbox'><li class='av-share-link av-social-link-facebook' ><a target=\"_blank\" aria-label=\"Compartir en Facebook\" href='https:\/\/www.facebook.com\/sharer.php?u=https:\/\/radiorevelacionfm.cl\/?p=16308&#038;t=M%C3%A1s%20de%2060%20emprendedores%2Fas%20locales%20ofrecen%20sus%20productos%20y%20servicios%20en%20la%20Expo%20FOSIS' aria-hidden='false' data-av_icon='\ue8f3' data-av_iconfont='entypo-fontello' title='' data-avia-related-tooltip='Compartir en Facebook' rel=\"noopener\"><span class='avia_hidden_link_text'>Compartir en Facebook<\/span><\/a><\/li><li class='av-share-link av-social-link-twitter' ><a target=\"_blank\" aria-label=\"Compartir en Twitter\" href='https:\/\/twitter.com\/share?text=M%C3%A1s%20de%2060%20emprendedores%2Fas%20locales%20ofrecen%20sus%20productos%20y%20servicios%20en%20la%20Expo%20FOSIS&#038;url=https:\/\/radiorevelacionfm.cl\/?p=16308' aria-hidden='false' data-av_icon='\ue8f1' data-av_iconfont='entypo-fontello' title='' data-avia-related-tooltip='Compartir en Twitter' rel=\"noopener\"><span class='avia_hidden_link_text'>Compartir en Twitter<\/span><\/a><\/li><li class='av-share-link av-social-link-whatsapp' ><a target=\"_blank\" aria-label=\"Compartir en Whatsapp\" href='https:\/\/api.whatsapp.com\/send?text=https:\/\/radiorevelacionfm.cl\/?p=16308' aria-hidden='false' data-av_icon='\uf232' data-av_iconfont='entypo-fontello' title='' data-avia-related-tooltip='Compartir en Whatsapp' rel=\"noopener\"><span class='avia_hidden_link_text'>Compartir en Whatsapp<\/span><\/a><\/li><li class='av-share-link av-social-link-linkedin' ><a target=\"_blank\" aria-label=\"Compartir en LinkedIn\" href='https:\/\/linkedin.com\/shareArticle?mini=true&#038;title=M%C3%A1s%20de%2060%20emprendedores%2Fas%20locales%20ofrecen%20sus%20productos%20y%20servicios%20en%20la%20Expo%20FOSIS&#038;url=https:\/\/radiorevelacionfm.cl\/?p=16308' aria-hidden='false' data-av_icon='\ue8fc' data-av_iconfont='entypo-fontello' title='' data-avia-related-tooltip='Compartir en LinkedIn' rel=\"noopener\"><span class='avia_hidden_link_text'>Compartir en LinkedIn<\/span><\/a><\/li><li class='av-share-link av-social-link-mail' ><a  aria-label=\"Compartir por correo\" href='mailto:?subject=M%C3%A1s%20de%2060%20emprendedores%2Fas%20locales%20ofrecen%20sus%20productos%20y%20servicios%20en%20la%20Expo%20FOSIS&#038;body=https:\/\/radiorevelacionfm.cl\/?p=16308' aria-hidden='false' data-av_icon='\ue805' data-av_iconfont='entypo-fontello' title='' data-avia-related-tooltip='Compartir por correo'><span class='avia_hidden_link_text'>Compartir por correo<\/span><\/a><\/li><\/ul><\/div><\/div>\n<div  style='height:50px' class='hr hr-invisible   avia-builder-el-8  el_after_av_social_share  el_before_av_comments_list '><span class='hr-inner ' ><span class='hr-inner-style'><\/span><\/span><\/div>\n<div  class='av-buildercomment  av-blog-meta-html-info-disabled av-blog-meta-tag-disabled  '><\/div>\n","protected":false},"excerpt":{"rendered":"","protected":false},"author":1,"featured_media":16309,"comment_status":"open","ping_status":"open","sticky":false,"template":"","format":"standard","meta":{"footnotes":""},"categories":[45,38],"tags":[],"class_list":["post-16308","post","type-post","status-publish","format-standard","has-post-thumbnail","hentry","category-comercio","category-regional"],"jetpack_featured_media_url":"https:\/\/radiorevelacionfm.cl\/wp-content\/uploads\/2022\/04\/1-expo-fosis-1_optimized.jpeg","_links":{"self":[{"href":"https:\/\/radiorevelacionfm.cl\/index.php?rest_route=\/wp\/v2\/posts\/16308","targetHints":{"allow":["GET"]}}],"collection":[{"href":"https:\/\/radiorevelacionfm.cl\/index.php?rest_route=\/wp\/v2\/posts"}],"about":[{"href":"https:\/\/radiorevelacionfm.cl\/index.php?rest_route=\/wp\/v2\/types\/post"}],"author":[{"embeddable":true,"href":"https:\/\/radiorevelacionfm.cl\/index.php?rest_route=\/wp\/v2\/users\/1"}],"replies":[{"embeddable":true,"href":"https:\/\/radiorevelacionfm.cl\/index.php?rest_route=%2Fwp%2Fv2%2Fcomments&post=16308"}],"version-history":[{"count":2,"href":"https:\/\/radiorevelacionfm.cl\/index.php?rest_route=\/wp\/v2\/posts\/16308\/revisions"}],"predecessor-version":[{"id":16317,"href":"https:\/\/radiorevelacionfm.cl\/index.php?rest_route=\/wp\/v2\/posts\/16308\/revisions\/16317"}],"wp:featuredmedia":[{"embeddable":true,"href":"https:\/\/radiorevelacionfm.cl\/index.php?rest_route=\/wp\/v2\/media\/16309"}],"wp:attachment":[{"href":"https:\/\/radiorevelacionfm.cl\/index.php?rest_route=%2Fwp%2Fv2%2Fmedia&parent=16308"}],"wp:term":[{"taxonomy":"category","embeddable":true,"href":"https:\/\/radiorevelacionfm.cl\/index.php?rest_route=%2Fwp%2Fv2%2Fcategories&post=16308"},{"taxonomy":"post_tag","embeddable":true,"href":"https:\/\/radiorevelacionfm.cl\/index.php?rest_route=%2Fwp%2Fv2%2Ftags&post=16308"}],"curies":[{"name":"wp","href":"https:\/\/api.w.org\/{rel}","templated":true}]}}