{"id":16304,"date":"2022-04-28T18:07:13","date_gmt":"2022-04-28T21:07:13","guid":{"rendered":"https:\/\/radiorevelacionfm.cl\/?p=16304"},"modified":"2022-04-28T18:07:13","modified_gmt":"2022-04-28T21:07:13","slug":"salud-se-despliega-en-establecimientos-educacionales-para-campana-de-inmunizacion-anti-influenza-y-covid-19","status":"publish","type":"post","link":"https:\/\/radiorevelacionfm.cl\/?p=16304","title":{"rendered":"Salud se despliega en establecimientos educacionales para campa\u00f1a de inmunizaci\u00f3n anti influenza y COVID 19"},"content":{"rendered":"<div class=\"flex_column av_one_full  flex_column_div av-zero-column-padding first  avia-builder-el-0  el_before_av_one_full  avia-builder-el-first  \" style='border-radius:0px; '><div  class='avia-image-container  av-styling-    avia-builder-el-1  avia-builder-el-no-sibling  avia-align-center '  itemprop=\"image\" itemscope=\"itemscope\" itemtype=\"https:\/\/schema.org\/ImageObject\"  ><div class='avia-image-container-inner'><div class='avia-image-overlay-wrap'><img decoding=\"async\" class='wp-image-16305 avia-img-lazy-loading-not-16305 avia_image' src=\"https:\/\/radiorevelacionfm.cl\/wp-content\/uploads\/2022\/04\/VACUNACION-COL-ABORADA-3-1-1.jpeg\" alt='' title='VACUNACI\u00d3N COL ABORADA (3) (1) (1)' height=\"600\" width=\"800\"  itemprop=\"thumbnailUrl\" srcset=\"https:\/\/radiorevelacionfm.cl\/wp-content\/uploads\/2022\/04\/VACUNACION-COL-ABORADA-3-1-1.jpeg 800w, https:\/\/radiorevelacionfm.cl\/wp-content\/uploads\/2022\/04\/VACUNACION-COL-ABORADA-3-1-1-300x225.jpeg 300w, https:\/\/radiorevelacionfm.cl\/wp-content\/uploads\/2022\/04\/VACUNACION-COL-ABORADA-3-1-1-768x576.jpeg 768w, https:\/\/radiorevelacionfm.cl\/wp-content\/uploads\/2022\/04\/VACUNACION-COL-ABORADA-3-1-1-705x529.jpeg 705w, https:\/\/radiorevelacionfm.cl\/wp-content\/uploads\/2022\/04\/VACUNACION-COL-ABORADA-3-1-1-600x450.jpeg 600w\" sizes=\"(max-width: 800px) 100vw, 800px\" \/><\/div><\/div><\/div><\/div><div class=\"flex_column av_one_full  flex_column_div av-zero-column-padding first  avia-builder-el-2  el_after_av_one_full  el_before_av_one_full  column-top-margin\" style='border-radius:0px; '><section class=\"av_textblock_section \"  itemscope=\"itemscope\" itemtype=\"https:\/\/schema.org\/BlogPosting\" itemprop=\"blogPost\" ><div class='avia_textblock  '   itemprop=\"text\" ><p style=\"text-align: center;\"><span style=\"font-size: 18pt;\"><b>Salud se despliega en establecimientos educacionales para campa\u00f1a de inmunizaci\u00f3n anti influenza y COVID 19<\/b><\/span><\/p>\n<div id=\"gtx-trans\" style=\"position: absolute; left: -50px; top: 4.31534px;\">\n<div class=\"gtx-trans-icon\"><\/div>\n<\/div>\n<\/div><\/section><\/div><div class=\"flex_column av_one_full  flex_column_div av-zero-column-padding first  avia-builder-el-4  el_after_av_one_full  el_before_av_hr  column-top-margin\" style='border-radius:0px; '><section class=\"av_textblock_section \"  itemscope=\"itemscope\" itemtype=\"https:\/\/schema.org\/BlogPosting\" itemprop=\"blogPost\" ><div class='avia_textblock  '   itemprop=\"text\" ><div>\n<p class=\"v1MsoNormal\" style=\"text-align: justify;\">En el Colegio Alborada del sector alto de Coyhaique, el equipo de salud vacun\u00f3 a ni\u00f1os y ni\u00f1as de ese establecimiento educacional, en el marco de la campa\u00f1a anti influenza y COVID 19, con el fin de mejorar los \u00edndices de inmunidad en este grupo etario.<\/p>\n<p class=\"v1MsoNormal\" style=\"text-align: justify;\">\u00abConf\u00eden en la vacunaci\u00f3n, es un proceso seguro. No hemos tenido hist\u00f3ricamente problemas con estas coberturas, pero este a\u00f1o es bien particular, porque hemos tenido un avance muy lento de la vacunaci\u00f3n en influenza, lo que se suma a las bajas coberturas de vacunaci\u00f3n COVID\u00bb, dijo Carmen Gloria Monsalve, Seremi de Salud Ays\u00e9n.<\/p>\n<p class=\"v1MsoNormal\" style=\"text-align: justify;\">Cabe se\u00f1alar que en los \u00faltimos d\u00edas se registra una importante disminuci\u00f3n de las temperaturas m\u00ednimas en toda la regi\u00f3n, lo que incrementa la circulaci\u00f3n de otros virus respiratorios, por eso \u2013 a juicio de la Autoridad Sanitaria- la vacunaci\u00f3n es un acto de protecci\u00f3n para los ni\u00f1os y ni\u00f1as, que regresaron solo hace unas semanas a clases presenciales.<\/p>\n<p class=\"v1MsoNormal\" style=\"text-align: justify;\">La meta que se impuso el sector salud es llegar al 85% de cobertura para la influenza durante mayo. En estos momentos tambi\u00e9n hay una baja cobertura en embarazadas y adultos mayores. \u00abEstamos reforzando la vacunaci\u00f3n en los colegios y simult\u00e1neamente hacer un llamado a la vacunaci\u00f3n COVID, ya que hay muchos ni\u00f1os que no cuentan con su dosis de refuerzo e incluso todav\u00eda no llegamos al 50% de vacunaci\u00f3n\u00bb, agreg\u00f3 Monsalve G\u00f3mez.<\/p>\n<p class=\"v1MsoNormal\" style=\"text-align: justify;\">\u00abLo importante es que la comunidad sepa que la presentaci\u00f3n simult\u00e1nea del COVID y la influenza complica de manera significativa la salud de las personas y sobre todo de los ni\u00f1os, as\u00ed que el llamado es que conf\u00eden, que se acerquen y que autoricen la vacunaci\u00f3n del COVID\u00bb, complement\u00f3.<\/p>\n<p class=\"v1MsoNormal\" style=\"text-align: justify;\">Mientras Gabriel Burgos, Director del Servicio de Salud Ays\u00e9n, precis\u00f3 que \u00abvacunarse es fundamental, ya se aprecian las bajas temperaturas y se nota que este invierno ser\u00e1 muy complejo. Es muy importante prevenir la enfermedad y a trav\u00e9s de la vacuna lo podemos hacer, sobre todo en los grupos objetivos, de seis meses a quinto b\u00e1sico, como tambi\u00e9n los adultos mayores que es muy importante que se acerquen para vacunarse y estamos viendo estrategia para acercar la vacuna a ellos\u00bb.<\/p>\n<p class=\"v1MsoNormal\" style=\"text-align: justify;\">Cabe mencionar que la regi\u00f3n de Ays\u00e9n se encuentra por ahora entre las zonas del pa\u00eds con menor porcentaje de vacunaci\u00f3n anti influenza.<\/p>\n<p class=\"v1MsoNormal\" style=\"text-align: justify;\">\u00abEs importante que antes que comience el invierno, antes que los virus lleguen a nosotros estemos protegidos, no solo para la familia, sino para la comunidad escolar y tambi\u00e9n hacer un llamado a los establecimientos educacionales y sus funcionarios y los ni\u00f1os, que tambi\u00e9n estamos cubriendo\u00bb, remat\u00f3 la enfermera a cargo de la vacunaci\u00f3n, Ingrid P\u00e9rez.<\/p>\n<\/div>\n<div style=\"text-align: justify;\"><\/div>\n<\/div><\/section><\/div><div  style='height:50px' class='hr hr-invisible   avia-builder-el-6  el_after_av_one_full  el_before_av_social_share '><span class='hr-inner ' ><span class='hr-inner-style'><\/span><\/span><\/div><\/p>\n<div  class='av-social-sharing-box  avia-builder-el-7  el_after_av_hr  el_before_av_hr  '><div class='av-share-box'><h5 class='av-share-link-description av-no-toc '>Compartir esta noticia<\/h5><ul class='av-share-box-list noLightbox'><li class='av-share-link av-social-link-facebook' ><a target=\"_blank\" aria-label=\"Compartir en Facebook\" href='https:\/\/www.facebook.com\/sharer.php?u=https:\/\/radiorevelacionfm.cl\/?p=16304&#038;t=Salud%20se%20despliega%20en%20establecimientos%20educacionales%20para%20campa%C3%B1a%20de%20inmunizaci%C3%B3n%20anti%20influenza%20y%20COVID%2019' aria-hidden='false' data-av_icon='\ue8f3' data-av_iconfont='entypo-fontello' title='' data-avia-related-tooltip='Compartir en Facebook' rel=\"noopener\"><span class='avia_hidden_link_text'>Compartir en Facebook<\/span><\/a><\/li><li class='av-share-link av-social-link-twitter' ><a target=\"_blank\" aria-label=\"Compartir en Twitter\" href='https:\/\/twitter.com\/share?text=Salud%20se%20despliega%20en%20establecimientos%20educacionales%20para%20campa%C3%B1a%20de%20inmunizaci%C3%B3n%20anti%20influenza%20y%20COVID%2019&#038;url=https:\/\/radiorevelacionfm.cl\/?p=16304' aria-hidden='false' data-av_icon='\ue8f1' data-av_iconfont='entypo-fontello' title='' data-avia-related-tooltip='Compartir en Twitter' rel=\"noopener\"><span class='avia_hidden_link_text'>Compartir en Twitter<\/span><\/a><\/li><li class='av-share-link av-social-link-whatsapp' ><a target=\"_blank\" aria-label=\"Compartir en Whatsapp\" href='https:\/\/api.whatsapp.com\/send?text=https:\/\/radiorevelacionfm.cl\/?p=16304' aria-hidden='false' data-av_icon='\uf232' data-av_iconfont='entypo-fontello' title='' data-avia-related-tooltip='Compartir en Whatsapp' rel=\"noopener\"><span class='avia_hidden_link_text'>Compartir en Whatsapp<\/span><\/a><\/li><li class='av-share-link av-social-link-linkedin' ><a target=\"_blank\" aria-label=\"Compartir en LinkedIn\" href='https:\/\/linkedin.com\/shareArticle?mini=true&#038;title=Salud%20se%20despliega%20en%20establecimientos%20educacionales%20para%20campa%C3%B1a%20de%20inmunizaci%C3%B3n%20anti%20influenza%20y%20COVID%2019&#038;url=https:\/\/radiorevelacionfm.cl\/?p=16304' aria-hidden='false' data-av_icon='\ue8fc' data-av_iconfont='entypo-fontello' title='' data-avia-related-tooltip='Compartir en LinkedIn' rel=\"noopener\"><span class='avia_hidden_link_text'>Compartir en LinkedIn<\/span><\/a><\/li><li class='av-share-link av-social-link-mail' ><a  aria-label=\"Compartir por correo\" href='mailto:?subject=Salud%20se%20despliega%20en%20establecimientos%20educacionales%20para%20campa%C3%B1a%20de%20inmunizaci%C3%B3n%20anti%20influenza%20y%20COVID%2019&#038;body=https:\/\/radiorevelacionfm.cl\/?p=16304' aria-hidden='false' data-av_icon='\ue805' data-av_iconfont='entypo-fontello' title='' data-avia-related-tooltip='Compartir por correo'><span class='avia_hidden_link_text'>Compartir por correo<\/span><\/a><\/li><\/ul><\/div><\/div>\n<div  style='height:50px' class='hr hr-invisible   avia-builder-el-8  el_after_av_social_share  el_before_av_comments_list '><span class='hr-inner ' ><span class='hr-inner-style'><\/span><\/span><\/div>\n<div  class='av-buildercomment  av-blog-meta-html-info-disabled av-blog-meta-tag-disabled  '><\/div>\n","protected":false},"excerpt":{"rendered":"","protected":false},"author":1,"featured_media":16305,"comment_status":"open","ping_status":"open","sticky":false,"template":"","format":"standard","meta":{"footnotes":""},"categories":[46],"tags":[],"class_list":["post-16304","post","type-post","status-publish","format-standard","has-post-thumbnail","hentry","category-salud"],"jetpack_featured_media_url":"https:\/\/radiorevelacionfm.cl\/wp-content\/uploads\/2022\/04\/VACUNACION-COL-ABORADA-3-1-1.jpeg","_links":{"self":[{"href":"https:\/\/radiorevelacionfm.cl\/index.php?rest_route=\/wp\/v2\/posts\/16304","targetHints":{"allow":["GET"]}}],"collection":[{"href":"https:\/\/radiorevelacionfm.cl\/index.php?rest_route=\/wp\/v2\/posts"}],"about":[{"href":"https:\/\/radiorevelacionfm.cl\/index.php?rest_route=\/wp\/v2\/types\/post"}],"author":[{"embeddable":true,"href":"https:\/\/radiorevelacionfm.cl\/index.php?rest_route=\/wp\/v2\/users\/1"}],"replies":[{"embeddable":true,"href":"https:\/\/radiorevelacionfm.cl\/index.php?rest_route=%2Fwp%2Fv2%2Fcomments&post=16304"}],"version-history":[{"count":2,"href":"https:\/\/radiorevelacionfm.cl\/index.php?rest_route=\/wp\/v2\/posts\/16304\/revisions"}],"predecessor-version":[{"id":16307,"href":"https:\/\/radiorevelacionfm.cl\/index.php?rest_route=\/wp\/v2\/posts\/16304\/revisions\/16307"}],"wp:featuredmedia":[{"embeddable":true,"href":"https:\/\/radiorevelacionfm.cl\/index.php?rest_route=\/wp\/v2\/media\/16305"}],"wp:attachment":[{"href":"https:\/\/radiorevelacionfm.cl\/index.php?rest_route=%2Fwp%2Fv2%2Fmedia&parent=16304"}],"wp:term":[{"taxonomy":"category","embeddable":true,"href":"https:\/\/radiorevelacionfm.cl\/index.php?rest_route=%2Fwp%2Fv2%2Fcategories&post=16304"},{"taxonomy":"post_tag","embeddable":true,"href":"https:\/\/radiorevelacionfm.cl\/index.php?rest_route=%2Fwp%2Fv2%2Ftags&post=16304"}],"curies":[{"name":"wp","href":"https:\/\/api.w.org\/{rel}","templated":true}]}}