{"id":16286,"date":"2022-04-28T12:35:45","date_gmt":"2022-04-28T15:35:45","guid":{"rendered":"https:\/\/radiorevelacionfm.cl\/?p=16286"},"modified":"2022-04-28T12:35:45","modified_gmt":"2022-04-28T15:35:45","slug":"exitosa-convocatoria-en-corrida-a-beneficio-de-la-deportista-patricia-aburto-y-su-lucha-contra-el-cancer","status":"publish","type":"post","link":"https:\/\/radiorevelacionfm.cl\/?p=16286","title":{"rendered":"Exitosa convocatoria en corrida a beneficio de la deportista Patricia Aburto y su lucha contra el c\u00e1ncer"},"content":{"rendered":"<div class=\"flex_column av_one_full  flex_column_div av-zero-column-padding first  avia-builder-el-0  el_before_av_one_full  avia-builder-el-first  \" style='border-radius:0px; '><div  class='avia-image-container  av-styling-    avia-builder-el-1  avia-builder-el-no-sibling  avia-align-center '  itemprop=\"image\" itemscope=\"itemscope\" itemtype=\"https:\/\/schema.org\/ImageObject\"  ><div class='avia-image-container-inner'><div class='avia-image-overlay-wrap'><img decoding=\"async\" class='wp-image-16287 avia-img-lazy-loading-not-16287 avia_image' src=\"https:\/\/radiorevelacionfm.cl\/wp-content\/uploads\/2022\/04\/1-91-2-1_optimized.jpg\" alt='' title='1-(91)-(2)-(1)_optimized' height=\"600\" width=\"900\"  itemprop=\"thumbnailUrl\" srcset=\"https:\/\/radiorevelacionfm.cl\/wp-content\/uploads\/2022\/04\/1-91-2-1_optimized.jpg 900w, https:\/\/radiorevelacionfm.cl\/wp-content\/uploads\/2022\/04\/1-91-2-1_optimized-300x200.jpg 300w, https:\/\/radiorevelacionfm.cl\/wp-content\/uploads\/2022\/04\/1-91-2-1_optimized-768x512.jpg 768w, https:\/\/radiorevelacionfm.cl\/wp-content\/uploads\/2022\/04\/1-91-2-1_optimized-705x470.jpg 705w, https:\/\/radiorevelacionfm.cl\/wp-content\/uploads\/2022\/04\/1-91-2-1_optimized-600x400.jpg 600w\" sizes=\"(max-width: 900px) 100vw, 900px\" \/><\/div><\/div><\/div><\/div><div class=\"flex_column av_one_full  flex_column_div av-zero-column-padding first  avia-builder-el-2  el_after_av_one_full  el_before_av_one_full  column-top-margin\" style='border-radius:0px; '><section class=\"av_textblock_section \"  itemscope=\"itemscope\" itemtype=\"https:\/\/schema.org\/BlogPosting\" itemprop=\"blogPost\" ><div class='avia_textblock  '   itemprop=\"text\" ><p style=\"text-align: center;\"><span style=\"font-size: 18pt;\"><strong>Exitosa convocatoria en corrida a beneficio de la deportista Patricia Aburto y su lucha contra el c\u00e1ncer<\/strong><\/span><\/p>\n<div id=\"gtx-trans\" style=\"position: absolute; left: -50px; top: 4.31534px;\">\n<div class=\"gtx-trans-icon\"><\/div>\n<\/div>\n<\/div><\/section><\/div><div class=\"flex_column av_one_full  flex_column_div av-zero-column-padding first  avia-builder-el-4  el_after_av_one_full  el_before_av_hr  column-top-margin\" style='border-radius:0px; '><section class=\"av_textblock_section \"  itemscope=\"itemscope\" itemtype=\"https:\/\/schema.org\/BlogPosting\" itemprop=\"blogPost\" ><div class='avia_textblock  '   itemprop=\"text\" ><p style=\"text-align: justify;\">Ni el fr\u00edo, ni el viento pudieron, el s\u00e1bado reci\u00e9n pasado, impedir que\u00a0 un centenar de personas llegaran a la Plaza del\u00a0 Pionero en Coyhaique para ser parte de la Primera Corrida Patagona Trail 5K. Todo en ayuda a la destacada deportista nacional Patricia Aburto, querida patagona quien lucha contra un agresivo c\u00e1ncer de mama, del cual fue diagnosticada hace s\u00f3lo 3 meses.<\/p>\n<p style=\"text-align: justify;\">La organizaci\u00f3n comenz\u00f3\u00a0 temprano, desde las 09:00 de la ma\u00f1ana se empezaron a instalar los\u00a0 stands, mesas de inscripci\u00f3n, agua, frutas, banderas y pendones, comenzando a dar forma al ambiente.\u00a0 Ya pasadas las 10:30 de la ma\u00f1ana, todo se encontraba listo para recibir a los participantes en\u00a0 las 9 categor\u00edas disponibles.<\/p>\n<p style=\"text-align: justify;\">En la ocasi\u00f3n estuvieron presentes autoridades como la Seremi del Deporte y el alcalde de la Municipalidad de Coyhaique, quienes destacaron a la organizaci\u00f3n y motivaron a los participantes presentes. Otros actores a destacar en la cruzada deportiva,\u00a0 fueron las empresas locales. Uno de los emprendedores es\u00a0 Joel Turner, fundador\u00a0 del Centro de fisioterapia integral \u201cTerapias Canadienses\u201d, qui\u00e9n se mostr\u00f3 feliz de poder colaborar, resolver consultas y realizar evaluaciones gratuitas a la comunidad presente, comentando: \u201cen Terapias Canadienses tenemos muchos pacientes deportistas y estamos muy felices de poder apoyar a Patricia en su lucha contra el c\u00e1ncer. Invitamos a toda la comunidad\u00a0 a seguir apoyando en todos los pr\u00f3ximos eventos\u201d.<\/p>\n<p style=\"text-align: justify;\">En el plano deportivo, los que se subieron al podio en la categor\u00eda Mini, fueron Clemente Stange y Salvador Pinilla. En tanto, en la categor\u00eda Adaptada, los ganadores fueron Fernanda Barr\u00eda y su pap\u00e1 Mario Barr\u00eda. En la\u00a0 categor\u00eda Juvenil, en una dif\u00edcil y cerrada final, Exequiel Vega, Gonzalo Remolcoy y Renato Pav\u00e9z, fueron quienes cruzaron la meta. Ya para los desaf\u00edos de mayor distancia y dificultad en la categor\u00eda Todo Competidor, se destac\u00f3 David D\u00edaz, tambi\u00e9n lo hizo Cristian Quiroz en Senior, y Roberto Gallardo en M\u00e1ster.<\/p>\n<p style=\"text-align: justify;\">En definitiva una importante jornada en torno al deporte y a la ayuda, que pudo recolectar la suma de $300.000 en total, en apoyo a los costos del tratamiento para Patricia Aburto.<\/p>\n<p style=\"text-align: justify;\">Por su parte Viviana Barriga, una de las organizadoras la actividad, agradeci\u00f3 por\u00a0 el apoyo de la comunidad y colaboradores para sacar adelante la corrida. A su vez tambi\u00e9n adelant\u00f3 que se est\u00e1 organizando una gran rifa para el mes de mayo, de la que muy pronto habr\u00e1 noticias. Toda la informaci\u00f3n para seguir apoyando a la deportista en los siguientes eventos, est\u00e1 disponible en la cuenta de Instagram @patagonatrailcontraelcancer.-<\/p>\n<\/div><\/section><\/div><div  style='height:50px' class='hr hr-invisible   avia-builder-el-6  el_after_av_one_full  el_before_av_social_share '><span class='hr-inner ' ><span class='hr-inner-style'><\/span><\/span><\/div><\/p>\n<div  class='av-social-sharing-box  avia-builder-el-7  el_after_av_hr  el_before_av_hr  '><div class='av-share-box'><h5 class='av-share-link-description av-no-toc '>Compartir esta noticia<\/h5><ul class='av-share-box-list noLightbox'><li class='av-share-link av-social-link-facebook' ><a target=\"_blank\" aria-label=\"Compartir en Facebook\" href='https:\/\/www.facebook.com\/sharer.php?u=https:\/\/radiorevelacionfm.cl\/?p=16286&#038;t=Exitosa%20convocatoria%20en%20corrida%20a%20beneficio%20de%20la%20deportista%20Patricia%20Aburto%20y%20su%20lucha%20contra%20el%20c%C3%A1ncer' aria-hidden='false' data-av_icon='\ue8f3' data-av_iconfont='entypo-fontello' title='' data-avia-related-tooltip='Compartir en Facebook' rel=\"noopener\"><span class='avia_hidden_link_text'>Compartir en Facebook<\/span><\/a><\/li><li class='av-share-link av-social-link-twitter' ><a target=\"_blank\" aria-label=\"Compartir en Twitter\" href='https:\/\/twitter.com\/share?text=Exitosa%20convocatoria%20en%20corrida%20a%20beneficio%20de%20la%20deportista%20Patricia%20Aburto%20y%20su%20lucha%20contra%20el%20c%C3%A1ncer&#038;url=https:\/\/radiorevelacionfm.cl\/?p=16286' aria-hidden='false' data-av_icon='\ue8f1' data-av_iconfont='entypo-fontello' title='' data-avia-related-tooltip='Compartir en Twitter' rel=\"noopener\"><span class='avia_hidden_link_text'>Compartir en Twitter<\/span><\/a><\/li><li class='av-share-link av-social-link-whatsapp' ><a target=\"_blank\" aria-label=\"Compartir en Whatsapp\" href='https:\/\/api.whatsapp.com\/send?text=https:\/\/radiorevelacionfm.cl\/?p=16286' aria-hidden='false' data-av_icon='\uf232' data-av_iconfont='entypo-fontello' title='' data-avia-related-tooltip='Compartir en Whatsapp' rel=\"noopener\"><span class='avia_hidden_link_text'>Compartir en Whatsapp<\/span><\/a><\/li><li class='av-share-link av-social-link-linkedin' ><a target=\"_blank\" aria-label=\"Compartir en LinkedIn\" href='https:\/\/linkedin.com\/shareArticle?mini=true&#038;title=Exitosa%20convocatoria%20en%20corrida%20a%20beneficio%20de%20la%20deportista%20Patricia%20Aburto%20y%20su%20lucha%20contra%20el%20c%C3%A1ncer&#038;url=https:\/\/radiorevelacionfm.cl\/?p=16286' aria-hidden='false' data-av_icon='\ue8fc' data-av_iconfont='entypo-fontello' title='' data-avia-related-tooltip='Compartir en LinkedIn' rel=\"noopener\"><span class='avia_hidden_link_text'>Compartir en LinkedIn<\/span><\/a><\/li><li class='av-share-link av-social-link-mail' ><a  aria-label=\"Compartir por correo\" href='mailto:?subject=Exitosa%20convocatoria%20en%20corrida%20a%20beneficio%20de%20la%20deportista%20Patricia%20Aburto%20y%20su%20lucha%20contra%20el%20c%C3%A1ncer&#038;body=https:\/\/radiorevelacionfm.cl\/?p=16286' aria-hidden='false' data-av_icon='\ue805' data-av_iconfont='entypo-fontello' title='' data-avia-related-tooltip='Compartir por correo'><span class='avia_hidden_link_text'>Compartir por correo<\/span><\/a><\/li><\/ul><\/div><\/div>\n<div  style='height:50px' class='hr hr-invisible   avia-builder-el-8  el_after_av_social_share  el_before_av_comments_list '><span class='hr-inner ' ><span class='hr-inner-style'><\/span><\/span><\/div>\n<div  class='av-buildercomment  av-blog-meta-html-info-disabled av-blog-meta-tag-disabled  '><\/div>\n","protected":false},"excerpt":{"rendered":"","protected":false},"author":1,"featured_media":16287,"comment_status":"open","ping_status":"open","sticky":false,"template":"","format":"standard","meta":{"footnotes":""},"categories":[40],"tags":[],"class_list":["post-16286","post","type-post","status-publish","format-standard","has-post-thumbnail","hentry","category-deportes"],"jetpack_featured_media_url":"https:\/\/radiorevelacionfm.cl\/wp-content\/uploads\/2022\/04\/1-91-2-1_optimized.jpg","_links":{"self":[{"href":"https:\/\/radiorevelacionfm.cl\/index.php?rest_route=\/wp\/v2\/posts\/16286","targetHints":{"allow":["GET"]}}],"collection":[{"href":"https:\/\/radiorevelacionfm.cl\/index.php?rest_route=\/wp\/v2\/posts"}],"about":[{"href":"https:\/\/radiorevelacionfm.cl\/index.php?rest_route=\/wp\/v2\/types\/post"}],"author":[{"embeddable":true,"href":"https:\/\/radiorevelacionfm.cl\/index.php?rest_route=\/wp\/v2\/users\/1"}],"replies":[{"embeddable":true,"href":"https:\/\/radiorevelacionfm.cl\/index.php?rest_route=%2Fwp%2Fv2%2Fcomments&post=16286"}],"version-history":[{"count":2,"href":"https:\/\/radiorevelacionfm.cl\/index.php?rest_route=\/wp\/v2\/posts\/16286\/revisions"}],"predecessor-version":[{"id":16291,"href":"https:\/\/radiorevelacionfm.cl\/index.php?rest_route=\/wp\/v2\/posts\/16286\/revisions\/16291"}],"wp:featuredmedia":[{"embeddable":true,"href":"https:\/\/radiorevelacionfm.cl\/index.php?rest_route=\/wp\/v2\/media\/16287"}],"wp:attachment":[{"href":"https:\/\/radiorevelacionfm.cl\/index.php?rest_route=%2Fwp%2Fv2%2Fmedia&parent=16286"}],"wp:term":[{"taxonomy":"category","embeddable":true,"href":"https:\/\/radiorevelacionfm.cl\/index.php?rest_route=%2Fwp%2Fv2%2Fcategories&post=16286"},{"taxonomy":"post_tag","embeddable":true,"href":"https:\/\/radiorevelacionfm.cl\/index.php?rest_route=%2Fwp%2Fv2%2Ftags&post=16286"}],"curies":[{"name":"wp","href":"https:\/\/api.w.org\/{rel}","templated":true}]}}