{"id":16283,"date":"2022-04-28T11:36:18","date_gmt":"2022-04-28T14:36:18","guid":{"rendered":"https:\/\/radiorevelacionfm.cl\/?p=16283"},"modified":"2022-04-28T11:36:18","modified_gmt":"2022-04-28T14:36:18","slug":"mindep-ind-entrega-implementacion-deportiva-a-la-direccion-regional-de-gendarmeria","status":"publish","type":"post","link":"https:\/\/radiorevelacionfm.cl\/?p=16283","title":{"rendered":"Mindep-IND entrega implementaci\u00f3n deportiva a la Direcci\u00f3n Regional de Gendarmer\u00eda"},"content":{"rendered":"<div class=\"flex_column av_one_full  flex_column_div av-zero-column-padding first  avia-builder-el-0  el_before_av_one_full  avia-builder-el-first  \" style='border-radius:0px; '><div  class='avia-image-container  av-styling-    avia-builder-el-1  avia-builder-el-no-sibling  avia-align-center '  itemprop=\"image\" itemscope=\"itemscope\" itemtype=\"https:\/\/schema.org\/ImageObject\"  ><div class='avia-image-container-inner'><div class='avia-image-overlay-wrap'><img decoding=\"async\" class='wp-image-16284 avia-img-lazy-loading-not-16284 avia_image' src=\"https:\/\/radiorevelacionfm.cl\/wp-content\/uploads\/2022\/04\/genchi5-1-1.jpg\" alt='' title='genchi5 (1) (1)' height=\"600\" width=\"900\"  itemprop=\"thumbnailUrl\" srcset=\"https:\/\/radiorevelacionfm.cl\/wp-content\/uploads\/2022\/04\/genchi5-1-1.jpg 900w, https:\/\/radiorevelacionfm.cl\/wp-content\/uploads\/2022\/04\/genchi5-1-1-300x200.jpg 300w, https:\/\/radiorevelacionfm.cl\/wp-content\/uploads\/2022\/04\/genchi5-1-1-768x512.jpg 768w, https:\/\/radiorevelacionfm.cl\/wp-content\/uploads\/2022\/04\/genchi5-1-1-705x470.jpg 705w, https:\/\/radiorevelacionfm.cl\/wp-content\/uploads\/2022\/04\/genchi5-1-1-600x400.jpg 600w\" sizes=\"(max-width: 900px) 100vw, 900px\" \/><\/div><\/div><\/div><\/div><div class=\"flex_column av_one_full  flex_column_div av-zero-column-padding first  avia-builder-el-2  el_after_av_one_full  el_before_av_one_full  column-top-margin\" style='border-radius:0px; '><section class=\"av_textblock_section \"  itemscope=\"itemscope\" itemtype=\"https:\/\/schema.org\/BlogPosting\" itemprop=\"blogPost\" ><div class='avia_textblock  '   itemprop=\"text\" ><p style=\"text-align: center;\"><span style=\"font-size: 18pt;\"><b>Mindep-IND entrega implementaci\u00f3n deportiva a la Direcci\u00f3n Regional de Gendarmer\u00eda<\/b><\/span><\/p>\n<div id=\"gtx-trans\" style=\"position: absolute; left: -50px; top: 4.31534px;\">\n<div class=\"gtx-trans-icon\"><\/div>\n<\/div>\n<\/div><\/section><\/div><div class=\"flex_column av_one_full  flex_column_div av-zero-column-padding first  avia-builder-el-4  el_after_av_one_full  el_before_av_hr  column-top-margin\" style='border-radius:0px; '><section class=\"av_textblock_section \"  itemscope=\"itemscope\" itemtype=\"https:\/\/schema.org\/BlogPosting\" itemprop=\"blogPost\" ><div class='avia_textblock  '   itemprop=\"text\" ><p class=\"v1MsoNormal\" style=\"text-align: justify;\">Al encuentro, que se realiz\u00f3 en las oficinas de la\u00a0Direcci\u00f3n Regional de Gendarmer\u00eda, asistieron el\u00a0Comandante de Gendarmer\u00eda Coronel Alberto Jara San Mart\u00edn, la\u00a0Seremi del Deporte, Mar\u00eda Eugenia Dur\u00e1n Jara, el Director Regional del IND, Jos\u00e9 Manuel Sep\u00falveda y\u00a0el Defensor Regional de Ays\u00e9n, Jorge Moraga Torres.<\/p>\n<p style=\"text-align: justify;\">Al respecto la Seremi del Deporte, Mar\u00eda Eugenia Dur\u00e1n Jara se\u00f1al\u00f3 \u00abestamos contentos como Ministerio del Deporte y junto al director del \u00a0IND Jos\u00e9 Manuel Sep\u00falveda de apoyar a Gendarmer\u00eda a trav\u00e9s del programa \u00abDeporte de Participaci\u00f3n Social\u00bb y su componente \u00abDeporte en Poblaci\u00f3n Privadas de Libertad\u00bb, para nosotros es un privilegio entregar esta implementaci\u00f3n deportiva para el desarrollo de actividades recreativas de las internas e internos de las distintas unidades penales de la regi\u00f3n de Ays\u00e9n; esperamos seguir fortaleciendo las relaciones con Gendarmer\u00eda y de esta forma motivar a los internos a practicar actividad f\u00edsica, pensando en su bienestar integral y como una herramienta para la rehabilitaci\u00f3n y posterior reinserci\u00f3n\u00bb.<\/p>\n<p style=\"text-align: justify;\">Asimismo, el Comandante de Gendarmer\u00eda Coronel Alberto Jara San Mart\u00edn precis\u00f3: \u00a0\u00abeste un convenio de colaboraci\u00f3n con el IND y la Serem\u00eda del Deporte, donde se nos hacen entrega de este material deportivo, el \u00a0que contribuir\u00e1 a la reinserci\u00f3n de los internos, material que va a ser distribuido en los cuatro unidades que tenemos en el sistema cerrado, logrando a trav\u00e9s del deporte una mejor convivencia y posibilitando su reinserci\u00f3n\u00bb.<\/p>\n<p class=\"v1MsoNormal\" style=\"text-align: justify;\">En el mismo sentido, el\u00a0Defensor Regional de Ays\u00e9n, Jorge Moraga Torres\u00a0\u00a0agreg\u00f3: \u00abeste es un hito muy relevante para las y los privados de libertad en la regi\u00f3n con la entrega que ha hecho el Instituto Nacional de Deportes de un sinn\u00famero implementos deportivos a Gendarmer\u00eda de Chile beneficiando a mujeres y hombres con balones de f\u00fatbol, \u00a0set de tenis de mesa, y distintos insumos que van a permitir que estas personas tengan un mejor pasar m\u00e1s digno y m\u00e1s constructivo en el encierro; junto a nuestro equipo de defensa penitenciario seguiremos fortaleciendo el trabajo tendiente a la reinserci\u00f3n de las personas a trav\u00e9s de estas acciones intersectoriales en beneficio de las personas privadas de libertad\u00bb.<\/p>\n<p style=\"text-align: justify;\">La implementaci\u00f3n deportiva\u00a0entregada, equivalente a $4.200.000, consiste en balones de futsal, petos deportivos, redes de baby f\u00fatbol, set de tenis de mesa, set de mat de yoga, tejos de rayuela y balonera.<\/p>\n<div style=\"text-align: justify;\"><\/div>\n<\/div><\/section><\/div><div  style='height:50px' class='hr hr-invisible   avia-builder-el-6  el_after_av_one_full  el_before_av_social_share '><span class='hr-inner ' ><span class='hr-inner-style'><\/span><\/span><\/div><\/p>\n<div  class='av-social-sharing-box  avia-builder-el-7  el_after_av_hr  el_before_av_hr  '><div class='av-share-box'><h5 class='av-share-link-description av-no-toc '>Compartir esta noticia<\/h5><ul class='av-share-box-list noLightbox'><li class='av-share-link av-social-link-facebook' ><a target=\"_blank\" aria-label=\"Compartir en Facebook\" href='https:\/\/www.facebook.com\/sharer.php?u=https:\/\/radiorevelacionfm.cl\/?p=16283&#038;t=Mindep-IND%20entrega%20implementaci%C3%B3n%20deportiva%20a%20la%20Direcci%C3%B3n%20Regional%20de%20Gendarmer%C3%ADa' aria-hidden='false' data-av_icon='\ue8f3' data-av_iconfont='entypo-fontello' title='' data-avia-related-tooltip='Compartir en Facebook' rel=\"noopener\"><span class='avia_hidden_link_text'>Compartir en Facebook<\/span><\/a><\/li><li class='av-share-link av-social-link-twitter' ><a target=\"_blank\" aria-label=\"Compartir en Twitter\" href='https:\/\/twitter.com\/share?text=Mindep-IND%20entrega%20implementaci%C3%B3n%20deportiva%20a%20la%20Direcci%C3%B3n%20Regional%20de%20Gendarmer%C3%ADa&#038;url=https:\/\/radiorevelacionfm.cl\/?p=16283' aria-hidden='false' data-av_icon='\ue8f1' data-av_iconfont='entypo-fontello' title='' data-avia-related-tooltip='Compartir en Twitter' rel=\"noopener\"><span class='avia_hidden_link_text'>Compartir en Twitter<\/span><\/a><\/li><li class='av-share-link av-social-link-whatsapp' ><a target=\"_blank\" aria-label=\"Compartir en Whatsapp\" href='https:\/\/api.whatsapp.com\/send?text=https:\/\/radiorevelacionfm.cl\/?p=16283' aria-hidden='false' data-av_icon='\uf232' data-av_iconfont='entypo-fontello' title='' data-avia-related-tooltip='Compartir en Whatsapp' rel=\"noopener\"><span class='avia_hidden_link_text'>Compartir en Whatsapp<\/span><\/a><\/li><li class='av-share-link av-social-link-linkedin' ><a target=\"_blank\" aria-label=\"Compartir en LinkedIn\" href='https:\/\/linkedin.com\/shareArticle?mini=true&#038;title=Mindep-IND%20entrega%20implementaci%C3%B3n%20deportiva%20a%20la%20Direcci%C3%B3n%20Regional%20de%20Gendarmer%C3%ADa&#038;url=https:\/\/radiorevelacionfm.cl\/?p=16283' aria-hidden='false' data-av_icon='\ue8fc' data-av_iconfont='entypo-fontello' title='' data-avia-related-tooltip='Compartir en LinkedIn' rel=\"noopener\"><span class='avia_hidden_link_text'>Compartir en LinkedIn<\/span><\/a><\/li><li class='av-share-link av-social-link-mail' ><a  aria-label=\"Compartir por correo\" href='mailto:?subject=Mindep-IND%20entrega%20implementaci%C3%B3n%20deportiva%20a%20la%20Direcci%C3%B3n%20Regional%20de%20Gendarmer%C3%ADa&#038;body=https:\/\/radiorevelacionfm.cl\/?p=16283' aria-hidden='false' data-av_icon='\ue805' data-av_iconfont='entypo-fontello' title='' data-avia-related-tooltip='Compartir por correo'><span class='avia_hidden_link_text'>Compartir por correo<\/span><\/a><\/li><\/ul><\/div><\/div>\n<div  style='height:50px' class='hr hr-invisible   avia-builder-el-8  el_after_av_social_share  el_before_av_comments_list '><span class='hr-inner ' ><span class='hr-inner-style'><\/span><\/span><\/div>\n<div  class='av-buildercomment  av-blog-meta-html-info-disabled av-blog-meta-tag-disabled  '><\/div>\n","protected":false},"excerpt":{"rendered":"","protected":false},"author":1,"featured_media":16284,"comment_status":"open","ping_status":"open","sticky":false,"template":"","format":"standard","meta":{"footnotes":""},"categories":[40,38],"tags":[],"class_list":["post-16283","post","type-post","status-publish","format-standard","has-post-thumbnail","hentry","category-deportes","category-regional"],"jetpack_featured_media_url":"https:\/\/radiorevelacionfm.cl\/wp-content\/uploads\/2022\/04\/genchi5-1-1.jpg","_links":{"self":[{"href":"https:\/\/radiorevelacionfm.cl\/index.php?rest_route=\/wp\/v2\/posts\/16283","targetHints":{"allow":["GET"]}}],"collection":[{"href":"https:\/\/radiorevelacionfm.cl\/index.php?rest_route=\/wp\/v2\/posts"}],"about":[{"href":"https:\/\/radiorevelacionfm.cl\/index.php?rest_route=\/wp\/v2\/types\/post"}],"author":[{"embeddable":true,"href":"https:\/\/radiorevelacionfm.cl\/index.php?rest_route=\/wp\/v2\/users\/1"}],"replies":[{"embeddable":true,"href":"https:\/\/radiorevelacionfm.cl\/index.php?rest_route=%2Fwp%2Fv2%2Fcomments&post=16283"}],"version-history":[{"count":2,"href":"https:\/\/radiorevelacionfm.cl\/index.php?rest_route=\/wp\/v2\/posts\/16283\/revisions"}],"predecessor-version":[{"id":16289,"href":"https:\/\/radiorevelacionfm.cl\/index.php?rest_route=\/wp\/v2\/posts\/16283\/revisions\/16289"}],"wp:featuredmedia":[{"embeddable":true,"href":"https:\/\/radiorevelacionfm.cl\/index.php?rest_route=\/wp\/v2\/media\/16284"}],"wp:attachment":[{"href":"https:\/\/radiorevelacionfm.cl\/index.php?rest_route=%2Fwp%2Fv2%2Fmedia&parent=16283"}],"wp:term":[{"taxonomy":"category","embeddable":true,"href":"https:\/\/radiorevelacionfm.cl\/index.php?rest_route=%2Fwp%2Fv2%2Fcategories&post=16283"},{"taxonomy":"post_tag","embeddable":true,"href":"https:\/\/radiorevelacionfm.cl\/index.php?rest_route=%2Fwp%2Fv2%2Ftags&post=16283"}],"curies":[{"name":"wp","href":"https:\/\/api.w.org\/{rel}","templated":true}]}}