{"id":16277,"date":"2022-04-28T12:06:54","date_gmt":"2022-04-28T15:06:54","guid":{"rendered":"https:\/\/radiorevelacionfm.cl\/?p=16277"},"modified":"2022-04-28T12:06:54","modified_gmt":"2022-04-28T15:06:54","slug":"el-profesor-yoal-diaz-reyes-asumio-como-jefe-del-departamento-provincial-de-educacion-coyhaique","status":"publish","type":"post","link":"https:\/\/radiorevelacionfm.cl\/?p=16277","title":{"rendered":"El Profesor Yoal D\u00edaz Reyes asumi\u00f3 como Jefe del Departamento Provincial de Educaci\u00f3n Coyhaique"},"content":{"rendered":"<div class=\"flex_column av_one_full  flex_column_div av-zero-column-padding first  avia-builder-el-0  el_before_av_one_full  avia-builder-el-first  \" style='border-radius:0px; '><div  class='avia-image-container  av-styling-    avia-builder-el-1  avia-builder-el-no-sibling  avia-align-center '  itemprop=\"image\" itemscope=\"itemscope\" itemtype=\"https:\/\/schema.org\/ImageObject\"  ><div class='avia-image-container-inner'><div class='avia-image-overlay-wrap'><img decoding=\"async\" class='wp-image-16278 avia-img-lazy-loading-not-16278 avia_image' src=\"https:\/\/radiorevelacionfm.cl\/wp-content\/uploads\/2022\/04\/Jefe-Deprov-Coyhaique-1-1.jpg\" alt='' title='Jefe Deprov Coyhaique (1) (1)' height=\"600\" width=\"760\"  itemprop=\"thumbnailUrl\" srcset=\"https:\/\/radiorevelacionfm.cl\/wp-content\/uploads\/2022\/04\/Jefe-Deprov-Coyhaique-1-1.jpg 760w, https:\/\/radiorevelacionfm.cl\/wp-content\/uploads\/2022\/04\/Jefe-Deprov-Coyhaique-1-1-300x237.jpg 300w, https:\/\/radiorevelacionfm.cl\/wp-content\/uploads\/2022\/04\/Jefe-Deprov-Coyhaique-1-1-705x557.jpg 705w, https:\/\/radiorevelacionfm.cl\/wp-content\/uploads\/2022\/04\/Jefe-Deprov-Coyhaique-1-1-600x474.jpg 600w\" sizes=\"(max-width: 760px) 100vw, 760px\" \/><\/div><\/div><\/div><\/div><div class=\"flex_column av_one_full  flex_column_div av-zero-column-padding first  avia-builder-el-2  el_after_av_one_full  el_before_av_one_full  column-top-margin\" style='border-radius:0px; '><section class=\"av_textblock_section \"  itemscope=\"itemscope\" itemtype=\"https:\/\/schema.org\/BlogPosting\" itemprop=\"blogPost\" ><div class='avia_textblock  '   itemprop=\"text\" ><p style=\"text-align: center;\"><span style=\"font-size: 18pt;\"><b><span lang=\"ES\">El Profesor Yoal D\u00edaz Reyes asumi\u00f3 como Jefe del Departamento Provincial de Educaci\u00f3n Coyhaique<\/span><\/b><\/span><\/p>\n<div id=\"gtx-trans\" style=\"position: absolute; left: -50px; top: 4.31534px;\">\n<div class=\"gtx-trans-icon\"><\/div>\n<\/div>\n<\/div><\/section><\/div><div class=\"flex_column av_one_full  flex_column_div av-zero-column-padding first  avia-builder-el-4  el_after_av_one_full  el_before_av_hr  column-top-margin\" style='border-radius:0px; '><section class=\"av_textblock_section \"  itemscope=\"itemscope\" itemtype=\"https:\/\/schema.org\/BlogPosting\" itemprop=\"blogPost\" ><div class='avia_textblock  '   itemprop=\"text\" ><p class=\"v1MsoNormal\" style=\"text-align: justify;\"><span lang=\"ES\">Yoal D\u00edaz Reyes es profesor de Matem\u00e1tica y F\u00edsica; posee experiencia en docencia en ense\u00f1anza media y universitaria. Su trayectoria est\u00e1 marcada por un f\u00e9rreo compromiso por el derecho a la educaci\u00f3n y el bienestar de los trabajadores y las trabajadoras del sector.<\/span><\/p>\n<p class=\"v1MsoNormal\" style=\"text-align: justify;\"><span lang=\"ES\">\u00a0<\/span><span lang=\"ES\">Al asumir el cargo el profesor D\u00edaz Reyes expres\u00f3 sentirse \u201cMuy feliz, desafiado y sintiendo la responsabilidad de dirigir este espacio. Considero un honor poder aportar desde este cargo al fortalecimiento de la educaci\u00f3n, especialmente la educaci\u00f3n p\u00fablica. El rol del Departamento Provincial\u00a0 es fundamental para hacer llegar las pol\u00edticas p\u00fablicas al territorio y concretar as\u00ed el plan de Gobierno del Presidente Gabriel Boric\u201d.<\/span><\/p>\n<p class=\"v1MsoNormal\" style=\"text-align: justify;\"><span lang=\"ES\">La Seremi Isabel Garrido dese\u00f3 \u00e9xito al nuevo jefe DEPROV en su gesti\u00f3n y destac\u00f3 la importancia que \u201cpara la presente administraci\u00f3n es muy prioridad establecer una nueva relaci\u00f3n del Estado con las escuelas y liceos, basada en el acompa\u00f1amiento para la mejora, m\u00e1s que en la fiscalizaci\u00f3n y el castigo y en esa tarea es clave el Departamento Provincial de Educaci\u00f3n Coyhaique que lidera el profesor Yoal D\u00edaz Reyes\u201d.\u00a0\u00a0<\/span><\/p>\n<\/div><\/section><\/div><div  style='height:50px' class='hr hr-invisible   avia-builder-el-6  el_after_av_one_full  el_before_av_social_share '><span class='hr-inner ' ><span class='hr-inner-style'><\/span><\/span><\/div><\/p>\n<div  class='av-social-sharing-box  avia-builder-el-7  el_after_av_hr  el_before_av_hr  '><div class='av-share-box'><h5 class='av-share-link-description av-no-toc '>Compartir esta noticia<\/h5><ul class='av-share-box-list noLightbox'><li class='av-share-link av-social-link-facebook' ><a target=\"_blank\" aria-label=\"Compartir en Facebook\" href='https:\/\/www.facebook.com\/sharer.php?u=https:\/\/radiorevelacionfm.cl\/?p=16277&#038;t=El%20Profesor%20Yoal%20D%C3%ADaz%20Reyes%20asumi%C3%B3%20como%20Jefe%20del%20Departamento%20Provincial%20de%20Educaci%C3%B3n%20Coyhaique' aria-hidden='false' data-av_icon='\ue8f3' data-av_iconfont='entypo-fontello' title='' data-avia-related-tooltip='Compartir en Facebook' rel=\"noopener\"><span class='avia_hidden_link_text'>Compartir en Facebook<\/span><\/a><\/li><li class='av-share-link av-social-link-twitter' ><a target=\"_blank\" aria-label=\"Compartir en Twitter\" href='https:\/\/twitter.com\/share?text=El%20Profesor%20Yoal%20D%C3%ADaz%20Reyes%20asumi%C3%B3%20como%20Jefe%20del%20Departamento%20Provincial%20de%20Educaci%C3%B3n%20Coyhaique&#038;url=https:\/\/radiorevelacionfm.cl\/?p=16277' aria-hidden='false' data-av_icon='\ue8f1' data-av_iconfont='entypo-fontello' title='' data-avia-related-tooltip='Compartir en Twitter' rel=\"noopener\"><span class='avia_hidden_link_text'>Compartir en Twitter<\/span><\/a><\/li><li class='av-share-link av-social-link-whatsapp' ><a target=\"_blank\" aria-label=\"Compartir en Whatsapp\" href='https:\/\/api.whatsapp.com\/send?text=https:\/\/radiorevelacionfm.cl\/?p=16277' aria-hidden='false' data-av_icon='\uf232' data-av_iconfont='entypo-fontello' title='' data-avia-related-tooltip='Compartir en Whatsapp' rel=\"noopener\"><span class='avia_hidden_link_text'>Compartir en Whatsapp<\/span><\/a><\/li><li class='av-share-link av-social-link-linkedin' ><a target=\"_blank\" aria-label=\"Compartir en LinkedIn\" href='https:\/\/linkedin.com\/shareArticle?mini=true&#038;title=El%20Profesor%20Yoal%20D%C3%ADaz%20Reyes%20asumi%C3%B3%20como%20Jefe%20del%20Departamento%20Provincial%20de%20Educaci%C3%B3n%20Coyhaique&#038;url=https:\/\/radiorevelacionfm.cl\/?p=16277' aria-hidden='false' data-av_icon='\ue8fc' data-av_iconfont='entypo-fontello' title='' data-avia-related-tooltip='Compartir en LinkedIn' rel=\"noopener\"><span class='avia_hidden_link_text'>Compartir en LinkedIn<\/span><\/a><\/li><li class='av-share-link av-social-link-mail' ><a  aria-label=\"Compartir por correo\" href='mailto:?subject=El%20Profesor%20Yoal%20D%C3%ADaz%20Reyes%20asumi%C3%B3%20como%20Jefe%20del%20Departamento%20Provincial%20de%20Educaci%C3%B3n%20Coyhaique&#038;body=https:\/\/radiorevelacionfm.cl\/?p=16277' aria-hidden='false' data-av_icon='\ue805' data-av_iconfont='entypo-fontello' title='' data-avia-related-tooltip='Compartir por correo'><span class='avia_hidden_link_text'>Compartir por correo<\/span><\/a><\/li><\/ul><\/div><\/div>\n<div  style='height:50px' class='hr hr-invisible   avia-builder-el-8  el_after_av_social_share  el_before_av_comments_list '><span class='hr-inner ' ><span class='hr-inner-style'><\/span><\/span><\/div>\n<div  class='av-buildercomment  av-blog-meta-html-info-disabled av-blog-meta-tag-disabled  '><\/div>\n","protected":false},"excerpt":{"rendered":"","protected":false},"author":1,"featured_media":16278,"comment_status":"open","ping_status":"open","sticky":false,"template":"","format":"standard","meta":{"footnotes":""},"categories":[49,35],"tags":[],"class_list":["post-16277","post","type-post","status-publish","format-standard","has-post-thumbnail","hentry","category-educacion","category-politica"],"jetpack_featured_media_url":"https:\/\/radiorevelacionfm.cl\/wp-content\/uploads\/2022\/04\/Jefe-Deprov-Coyhaique-1-1.jpg","_links":{"self":[{"href":"https:\/\/radiorevelacionfm.cl\/index.php?rest_route=\/wp\/v2\/posts\/16277","targetHints":{"allow":["GET"]}}],"collection":[{"href":"https:\/\/radiorevelacionfm.cl\/index.php?rest_route=\/wp\/v2\/posts"}],"about":[{"href":"https:\/\/radiorevelacionfm.cl\/index.php?rest_route=\/wp\/v2\/types\/post"}],"author":[{"embeddable":true,"href":"https:\/\/radiorevelacionfm.cl\/index.php?rest_route=\/wp\/v2\/users\/1"}],"replies":[{"embeddable":true,"href":"https:\/\/radiorevelacionfm.cl\/index.php?rest_route=%2Fwp%2Fv2%2Fcomments&post=16277"}],"version-history":[{"count":2,"href":"https:\/\/radiorevelacionfm.cl\/index.php?rest_route=\/wp\/v2\/posts\/16277\/revisions"}],"predecessor-version":[{"id":16290,"href":"https:\/\/radiorevelacionfm.cl\/index.php?rest_route=\/wp\/v2\/posts\/16277\/revisions\/16290"}],"wp:featuredmedia":[{"embeddable":true,"href":"https:\/\/radiorevelacionfm.cl\/index.php?rest_route=\/wp\/v2\/media\/16278"}],"wp:attachment":[{"href":"https:\/\/radiorevelacionfm.cl\/index.php?rest_route=%2Fwp%2Fv2%2Fmedia&parent=16277"}],"wp:term":[{"taxonomy":"category","embeddable":true,"href":"https:\/\/radiorevelacionfm.cl\/index.php?rest_route=%2Fwp%2Fv2%2Fcategories&post=16277"},{"taxonomy":"post_tag","embeddable":true,"href":"https:\/\/radiorevelacionfm.cl\/index.php?rest_route=%2Fwp%2Fv2%2Ftags&post=16277"}],"curies":[{"name":"wp","href":"https:\/\/api.w.org\/{rel}","templated":true}]}}