{"id":16273,"date":"2022-04-28T10:59:04","date_gmt":"2022-04-28T13:59:04","guid":{"rendered":"https:\/\/radiorevelacionfm.cl\/?p=16273"},"modified":"2022-04-28T10:59:04","modified_gmt":"2022-04-28T13:59:04","slug":"sector-salud-coordina-acciones-para-enfrentar-el-invierno","status":"publish","type":"post","link":"https:\/\/radiorevelacionfm.cl\/?p=16273","title":{"rendered":"Sector Salud coordina acciones para enfrentar el invierno"},"content":{"rendered":"<div class=\"flex_column av_one_full  flex_column_div av-zero-column-padding first  avia-builder-el-0  el_before_av_one_full  avia-builder-el-first  \" style='border-radius:0px; '><div  class='avia-image-container  av-styling-    avia-builder-el-1  avia-builder-el-no-sibling  avia-align-center '  itemprop=\"image\" itemscope=\"itemscope\" itemtype=\"https:\/\/schema.org\/ImageObject\"  ><div class='avia-image-container-inner'><div class='avia-image-overlay-wrap'><img decoding=\"async\" class='wp-image-16274 avia-img-lazy-loading-not-16274 avia_image' src=\"https:\/\/radiorevelacionfm.cl\/wp-content\/uploads\/2022\/04\/reunion-salud-1-1.jpg\" alt='' title='reuni\u00f3n salud (1) (1)' height=\"600\" width=\"800\"  itemprop=\"thumbnailUrl\" srcset=\"https:\/\/radiorevelacionfm.cl\/wp-content\/uploads\/2022\/04\/reunion-salud-1-1.jpg 800w, https:\/\/radiorevelacionfm.cl\/wp-content\/uploads\/2022\/04\/reunion-salud-1-1-300x225.jpg 300w, https:\/\/radiorevelacionfm.cl\/wp-content\/uploads\/2022\/04\/reunion-salud-1-1-768x576.jpg 768w, https:\/\/radiorevelacionfm.cl\/wp-content\/uploads\/2022\/04\/reunion-salud-1-1-705x529.jpg 705w, https:\/\/radiorevelacionfm.cl\/wp-content\/uploads\/2022\/04\/reunion-salud-1-1-600x450.jpg 600w\" sizes=\"(max-width: 800px) 100vw, 800px\" \/><\/div><\/div><\/div><\/div><div class=\"flex_column av_one_full  flex_column_div av-zero-column-padding first  avia-builder-el-2  el_after_av_one_full  el_before_av_one_full  column-top-margin\" style='border-radius:0px; '><section class=\"av_textblock_section \"  itemscope=\"itemscope\" itemtype=\"https:\/\/schema.org\/BlogPosting\" itemprop=\"blogPost\" ><div class='avia_textblock  '   itemprop=\"text\" ><p style=\"text-align: center;\"><span style=\"font-size: 18pt;\"><strong>Sector Salud coordina acciones para enfrentar el invierno<\/strong><\/span><\/p>\n<div id=\"gtx-trans\" style=\"position: absolute; left: -50px; top: 4.31534px;\">\n<div class=\"gtx-trans-icon\"><\/div>\n<\/div>\n<\/div><\/section><\/div><div class=\"flex_column av_one_full  flex_column_div av-zero-column-padding first  avia-builder-el-4  el_after_av_one_full  el_before_av_hr  column-top-margin\" style='border-radius:0px; '><section class=\"av_textblock_section \"  itemscope=\"itemscope\" itemtype=\"https:\/\/schema.org\/BlogPosting\" itemprop=\"blogPost\" ><div class='avia_textblock  '   itemprop=\"text\" ><p style=\"text-align: justify;\">Teniendo como eje central, reforzar el autocuidado y la salud de la poblaci\u00f3n regional; equipos de salud de la Seremi y Servicio de Salud Ays\u00e9n, participaron de una reuni\u00f3n donde analizaron y discutieron las estrategias a desarrollar para avanzar en las \u00e1reas de vacunaci\u00f3n y\u00a0 testeo, con miras a disminuir enfermedades respiratorias asociadas a la llegada del pr\u00f3ximo invierno.<\/p>\n<p style=\"text-align: justify;\">As\u00ed lo detall\u00f3 el Director del Servicio de Salud Ays\u00e9n, Gabriel Burgos, quien destac\u00f3 el trabajo mancomunado entre el sector salud para incrementar el proceso de vacunaci\u00f3n. \u201cHoy d\u00eda estamos viendo toda la estrategia de vacunaci\u00f3n de Influenza, que es muy necesaria para poder prevenir los efectos del invierno en la poblaci\u00f3n, y por otra parte, la vacunaci\u00f3n por COVID-19, donde tambi\u00e9n tenemos que reforzarla para llegar a todos los lugares.\u00a0 Otro aspecto analizado fue la situaci\u00f3n epidemiol\u00f3gica en la que nos encontramos, donde debemos reforzar el testeo porque hoy d\u00eda estamos en una situaci\u00f3n donde ha disminuido la capacidad de testeo de la gente, entonces tenemos que reencantar a la gente para que vuelva a testearse\u201d.<\/p>\n<p style=\"text-align: justify;\">Durante esta jornada de trabajo, en la que junto con analizar la situaci\u00f3n epidemiol\u00f3gica regional, expertos de diversas \u00e1reas tambi\u00e9n abordaron la importancia de reforzar los procesos de vacunaci\u00f3n.\u00a0 Una situaci\u00f3n que tambi\u00e9n fue advertida por la Seremi de Salud, Carmen Monsalve.\u00a0 \u201cCreo que fue una instancia super motivadora que da continuidad a un trabajo que se inici\u00f3 en plena pandemia. Estamos adportas de iniciar nuestro per\u00edodo de invierno y tenemos bajas coberturas de vacunaci\u00f3n en Influenza, lo que nunca hab\u00eda pasado en nuestra regi\u00f3n, con una \u00a0baja cobertura en embarazadas y en ni\u00f1os, entonces el llamado es hacia la comunidad para que pueda escuchar el llamado de estas personas que son expertas en sus \u00e1reas porque estamos preocupados de tener una situaci\u00f3n favorable para enfrentar el invierno\u201d.<\/p>\n<p style=\"text-align: justify;\">En el caso de <strong>Coyhaique<\/strong>, el mayor centro de vacunaci\u00f3n para Influenza o COVID-19 es el gimnasio municipal, ubicado en calle Sim\u00f3n Bolivar N\u00ba400 (lunes a viernes de 09:30 a 16:00hrs.); y en <strong>Pto Ays\u00e9n<\/strong>, se mantiene como punto de vacunaci\u00f3n la Casa de la Cultura, calle Sgto. Aldea N\u00ba695 (lunes a jueves de 09:30 a 12:00hrs. &#8211; 14:30 a 16:00hrs; y los viernes de 09:30 a 12:00hrs.).<\/p>\n<\/div><\/section><\/div><div  style='height:50px' class='hr hr-invisible   avia-builder-el-6  el_after_av_one_full  el_before_av_social_share '><span class='hr-inner ' ><span class='hr-inner-style'><\/span><\/span><\/div><\/p>\n<div  class='av-social-sharing-box  avia-builder-el-7  el_after_av_hr  el_before_av_hr  '><div class='av-share-box'><h5 class='av-share-link-description av-no-toc '>Compartir esta noticia<\/h5><ul class='av-share-box-list noLightbox'><li class='av-share-link av-social-link-facebook' ><a target=\"_blank\" aria-label=\"Compartir en Facebook\" href='https:\/\/www.facebook.com\/sharer.php?u=https:\/\/radiorevelacionfm.cl\/?p=16273&#038;t=Sector%20Salud%20coordina%20acciones%20para%20enfrentar%20el%20invierno' aria-hidden='false' data-av_icon='\ue8f3' data-av_iconfont='entypo-fontello' title='' data-avia-related-tooltip='Compartir en Facebook' rel=\"noopener\"><span class='avia_hidden_link_text'>Compartir en Facebook<\/span><\/a><\/li><li class='av-share-link av-social-link-twitter' ><a target=\"_blank\" aria-label=\"Compartir en Twitter\" href='https:\/\/twitter.com\/share?text=Sector%20Salud%20coordina%20acciones%20para%20enfrentar%20el%20invierno&#038;url=https:\/\/radiorevelacionfm.cl\/?p=16273' aria-hidden='false' data-av_icon='\ue8f1' data-av_iconfont='entypo-fontello' title='' data-avia-related-tooltip='Compartir en Twitter' rel=\"noopener\"><span class='avia_hidden_link_text'>Compartir en Twitter<\/span><\/a><\/li><li class='av-share-link av-social-link-whatsapp' ><a target=\"_blank\" aria-label=\"Compartir en Whatsapp\" href='https:\/\/api.whatsapp.com\/send?text=https:\/\/radiorevelacionfm.cl\/?p=16273' aria-hidden='false' data-av_icon='\uf232' data-av_iconfont='entypo-fontello' title='' data-avia-related-tooltip='Compartir en Whatsapp' rel=\"noopener\"><span class='avia_hidden_link_text'>Compartir en Whatsapp<\/span><\/a><\/li><li class='av-share-link av-social-link-linkedin' ><a target=\"_blank\" aria-label=\"Compartir en LinkedIn\" href='https:\/\/linkedin.com\/shareArticle?mini=true&#038;title=Sector%20Salud%20coordina%20acciones%20para%20enfrentar%20el%20invierno&#038;url=https:\/\/radiorevelacionfm.cl\/?p=16273' aria-hidden='false' data-av_icon='\ue8fc' data-av_iconfont='entypo-fontello' title='' data-avia-related-tooltip='Compartir en LinkedIn' rel=\"noopener\"><span class='avia_hidden_link_text'>Compartir en LinkedIn<\/span><\/a><\/li><li class='av-share-link av-social-link-mail' ><a  aria-label=\"Compartir por correo\" href='mailto:?subject=Sector%20Salud%20coordina%20acciones%20para%20enfrentar%20el%20invierno&#038;body=https:\/\/radiorevelacionfm.cl\/?p=16273' aria-hidden='false' data-av_icon='\ue805' data-av_iconfont='entypo-fontello' title='' data-avia-related-tooltip='Compartir por correo'><span class='avia_hidden_link_text'>Compartir por correo<\/span><\/a><\/li><\/ul><\/div><\/div>\n<div  style='height:50px' class='hr hr-invisible   avia-builder-el-8  el_after_av_social_share  el_before_av_comments_list '><span class='hr-inner ' ><span class='hr-inner-style'><\/span><\/span><\/div>\n<div  class='av-buildercomment  av-blog-meta-html-info-disabled av-blog-meta-tag-disabled  '><\/div>\n","protected":false},"excerpt":{"rendered":"","protected":false},"author":1,"featured_media":16274,"comment_status":"open","ping_status":"open","sticky":false,"template":"","format":"standard","meta":{"footnotes":""},"categories":[46],"tags":[],"class_list":["post-16273","post","type-post","status-publish","format-standard","has-post-thumbnail","hentry","category-salud"],"jetpack_featured_media_url":"https:\/\/radiorevelacionfm.cl\/wp-content\/uploads\/2022\/04\/reunion-salud-1-1.jpg","_links":{"self":[{"href":"https:\/\/radiorevelacionfm.cl\/index.php?rest_route=\/wp\/v2\/posts\/16273","targetHints":{"allow":["GET"]}}],"collection":[{"href":"https:\/\/radiorevelacionfm.cl\/index.php?rest_route=\/wp\/v2\/posts"}],"about":[{"href":"https:\/\/radiorevelacionfm.cl\/index.php?rest_route=\/wp\/v2\/types\/post"}],"author":[{"embeddable":true,"href":"https:\/\/radiorevelacionfm.cl\/index.php?rest_route=\/wp\/v2\/users\/1"}],"replies":[{"embeddable":true,"href":"https:\/\/radiorevelacionfm.cl\/index.php?rest_route=%2Fwp%2Fv2%2Fcomments&post=16273"}],"version-history":[{"count":2,"href":"https:\/\/radiorevelacionfm.cl\/index.php?rest_route=\/wp\/v2\/posts\/16273\/revisions"}],"predecessor-version":[{"id":16276,"href":"https:\/\/radiorevelacionfm.cl\/index.php?rest_route=\/wp\/v2\/posts\/16273\/revisions\/16276"}],"wp:featuredmedia":[{"embeddable":true,"href":"https:\/\/radiorevelacionfm.cl\/index.php?rest_route=\/wp\/v2\/media\/16274"}],"wp:attachment":[{"href":"https:\/\/radiorevelacionfm.cl\/index.php?rest_route=%2Fwp%2Fv2%2Fmedia&parent=16273"}],"wp:term":[{"taxonomy":"category","embeddable":true,"href":"https:\/\/radiorevelacionfm.cl\/index.php?rest_route=%2Fwp%2Fv2%2Fcategories&post=16273"},{"taxonomy":"post_tag","embeddable":true,"href":"https:\/\/radiorevelacionfm.cl\/index.php?rest_route=%2Fwp%2Fv2%2Ftags&post=16273"}],"curies":[{"name":"wp","href":"https:\/\/api.w.org\/{rel}","templated":true}]}}