{"id":16256,"date":"2022-04-27T20:23:59","date_gmt":"2022-04-27T23:23:59","guid":{"rendered":"https:\/\/radiorevelacionfm.cl\/?p=16256"},"modified":"2022-04-28T10:52:15","modified_gmt":"2022-04-28T13:52:15","slug":"alcalde-planteo-principales-necesidades-de-la-comuna-de-cisnes-al-subsecretario-de-transportes","status":"publish","type":"post","link":"https:\/\/radiorevelacionfm.cl\/?p=16256","title":{"rendered":"Alcalde plante\u00f3 principales necesidades de la comuna de Cisnes al Subsecretario de Transportes"},"content":{"rendered":"<div class=\"flex_column av_one_full  flex_column_div av-zero-column-padding first  avia-builder-el-0  el_before_av_one_full  avia-builder-el-first  \" style='border-radius:0px; '><div  class='avia-image-container  av-styling-    avia-builder-el-1  avia-builder-el-no-sibling  avia-align-center '  itemprop=\"image\" itemscope=\"itemscope\" itemtype=\"https:\/\/schema.org\/ImageObject\"  ><div class='avia-image-container-inner'><div class='avia-image-overlay-wrap'><img decoding=\"async\" class='wp-image-16257 avia-img-lazy-loading-not-16257 avia_image' src=\"https:\/\/radiorevelacionfm.cl\/wp-content\/uploads\/2022\/04\/SUBSECRETARIO-ALCALDE-CISNES-2-1-1.jpg\" alt='' title='SUBSECRETARIO ALCALDE CISNES 2 (1) (1)' height=\"600\" width=\"1067\"  itemprop=\"thumbnailUrl\" srcset=\"https:\/\/radiorevelacionfm.cl\/wp-content\/uploads\/2022\/04\/SUBSECRETARIO-ALCALDE-CISNES-2-1-1.jpg 1067w, https:\/\/radiorevelacionfm.cl\/wp-content\/uploads\/2022\/04\/SUBSECRETARIO-ALCALDE-CISNES-2-1-1-300x169.jpg 300w, https:\/\/radiorevelacionfm.cl\/wp-content\/uploads\/2022\/04\/SUBSECRETARIO-ALCALDE-CISNES-2-1-1-1030x579.jpg 1030w, https:\/\/radiorevelacionfm.cl\/wp-content\/uploads\/2022\/04\/SUBSECRETARIO-ALCALDE-CISNES-2-1-1-768x432.jpg 768w, https:\/\/radiorevelacionfm.cl\/wp-content\/uploads\/2022\/04\/SUBSECRETARIO-ALCALDE-CISNES-2-1-1-705x396.jpg 705w, https:\/\/radiorevelacionfm.cl\/wp-content\/uploads\/2022\/04\/SUBSECRETARIO-ALCALDE-CISNES-2-1-1-600x337.jpg 600w\" sizes=\"(max-width: 1067px) 100vw, 1067px\" \/><\/div><\/div><\/div><\/div>\n<div class=\"flex_column av_one_full  flex_column_div av-zero-column-padding first  avia-builder-el-2  el_after_av_one_full  el_before_av_one_full  column-top-margin\" style='border-radius:0px; '><section class=\"av_textblock_section \"  itemscope=\"itemscope\" itemtype=\"https:\/\/schema.org\/BlogPosting\" itemprop=\"blogPost\" ><div class='avia_textblock  '   itemprop=\"text\" ><p style=\"text-align: center;\"><strong><span style=\"font-size: 18pt;\">Alcalde plante\u00f3 principales necesidades de la comuna de Cisnes al Subsecretario de Transportes<\/span><\/strong><\/p>\n<div id=\"gtx-trans\" style=\"position: absolute; left: -50px; top: 4.31534px;\">\n<div class=\"gtx-trans-icon\"><\/div>\n<\/div>\n<\/div><\/section><\/div>\n<div class=\"flex_column av_one_full  flex_column_div av-zero-column-padding first  avia-builder-el-4  el_after_av_one_full  el_before_av_hr  column-top-margin\" style='border-radius:0px; '><section class=\"av_textblock_section \"  itemscope=\"itemscope\" itemtype=\"https:\/\/schema.org\/BlogPosting\" itemprop=\"blogPost\" ><div class='avia_textblock  '   itemprop=\"text\" ><p style=\"text-align: justify;\">La ma\u00f1ana de este mi\u00e9rcoles, en dependencias de la Delegaci\u00f3n Presidencial Provincial de Ays\u00e9n, el Alcalde de la Comuna de Cisnes, Francisco Roncagliolo Lepio, particip\u00f3 de una reuni\u00f3n con autoridades de Gobierno encabezadas por el Subsecretario de Transportes, Crist\u00f3bal Pineda.<\/p>\n<p style=\"text-align: justify;\">En la ocasi\u00f3n, la autoridad comunal dio cuenta de varias tem\u00e1ticas que afectan en la actualidad a los vecinos y vecinas del territorio, entre ellas, subsidio a la demanda, subsidio a los estudiantes universitarios, subsidio a las personas que deben trasladarse a la capital regional o a Puerto Ays\u00e9n por temas de salud o tr\u00e1mites.<\/p>\n<p style=\"text-align: justify;\">El jefe comunal, destac\u00f3 el hecho de que la autoridad del nivel central haya llegado a la regi\u00f3n y pudo recoger las principales inquietudes de la comunidad, a trav\u00e9s de sus representantes.<\/p>\n<p style=\"text-align: justify;\">\u201cPara nosotros como comuna de Cisnes, es muy importante poder tener este tipo de reuniones, poder participar en una instancia donde podamos transmitir las necesidades de nuestra comuna. Pero tambi\u00e9n, nosotros sabemos que muchos temas son situaciones sentidas por la regi\u00f3n de Ays\u00e9n. Uno de los puntos m\u00e1s importantes que vamos a comenzar a trabajar tambi\u00e9n con la Seremi, en base tambi\u00e9n al respaldo que ha dado el Subsecretario, es el trabajo conjunto con la regi\u00f3n de Los Lagos, es un desaf\u00edo que hemos tenido en forma hist\u00f3rica como regi\u00f3n de Ays\u00e9n. Obviamente que esto nos afecta en forma directa, somos la entrada norte de la regi\u00f3n de Ays\u00e9n, por tierra y mar, limitamos tambi\u00e9n con la d\u00e9cima regi\u00f3n, por lo tanto, las decisiones que podamos tomar en ese sentido y nosotros podamos aportar, va a ir de la mano con que en nuestra regi\u00f3n sigamos creciendo\u201d.<\/p>\n<p style=\"text-align: justify;\">Un tema no menor y que el Alcalde Roncagliolo puso sobre la mesa de conversaci\u00f3n fue, el subsidio para el traslado de cargas peligrosas, como es el gas o combustible para los vecinos del litoral, entre otras materias, que est\u00e1n directamente relacionadas al \u00e1rea transportes.<\/p>\n<p style=\"text-align: justify;\">\u201cSubsidio a la demanda, subsidio a los universitarios, gente que tiene que moverse a la capital regional o a Puerto Ays\u00e9n, es algo que tambi\u00e9n vamos a coordinar con la Seremi y con el Gobierno Regional. Lo mismo para el subsidio del traslado de cargas peligrosas, que, en este caso, no son m\u00e1s cosas que lo necesario para la gente como el gas, combustible y otro tipo de elementos que son muy necesarios para el desarrollo del litoral, muy necesarios para el d\u00eda a d\u00eda de nuestra gente y que hoy por no tener esa capacidad instalada, se tiene que estar trasladando de forma que quiz\u00e1s no es la mejor, no es la regular, pero es necesaria. Conforme con la reuni\u00f3n, agradecido tambi\u00e9n en nombre propio y como Secretario de la Aremu, porque se han tratado temas que van en directo beneficio de nuestra gente y de la regi\u00f3n\u201d.<\/p>\n<p style=\"text-align: justify;\">En tanto, el Subsecretario de Transportes, Crist\u00f3bal Pineda, recogi\u00f3 las inquietudes planteadas por el Alcalde de la comuna de Cisnes, Francisco Roncagliolo, enfatizando que existe toda la disposici\u00f3n a colaborar, pero que todo esto pasa tambi\u00e9n por una priorizaci\u00f3n que se hace desde el territorio y el Gobierno Regional.<\/p>\n<p style=\"text-align: justify;\">\u201cEfectivamente el Alcalde nos plante\u00f3 ese tema en espec\u00edfico, nosotros en materia de conectividad como Ministerio tambi\u00e9n es una prioridad poder abordar la conectividad interregional y para eso estamos trabajando con los Gobiernos Regionales, que son los que finalmente van priorizando las necesidades del Territorio. Como Ministerio, nosotros proveemos las condiciones, proveemos la parte administrativa, pero las necesidades tienen que levantarse desde los territorios con los Municipios y a trav\u00e9s de los Gobiernos Regional. Como Ministerio estamos totalmente disponibles a analizar esos servicios que falten o en algunos casos que deban ser reforzados y tambi\u00e9n a hacer la articulaci\u00f3n ente los distintos Gobiernos Regionales, desde la regi\u00f3n de Ays\u00e9n y desde la regi\u00f3n de Los Lagos\u201d.<\/p>\n<\/div><\/section><\/div><div  style='height:50px' class='hr hr-invisible   avia-builder-el-6  el_after_av_one_full  el_before_av_social_share '><span class='hr-inner ' ><span class='hr-inner-style'><\/span><\/span><\/div><\/p>\n<div  class='av-social-sharing-box  avia-builder-el-7  el_after_av_hr  el_before_av_hr  '><div class='av-share-box'><h5 class='av-share-link-description av-no-toc '>Compartir esta noticia<\/h5><ul class='av-share-box-list noLightbox'><li class='av-share-link av-social-link-facebook' ><a target=\"_blank\" aria-label=\"Compartir en Facebook\" href='https:\/\/www.facebook.com\/sharer.php?u=https:\/\/radiorevelacionfm.cl\/?p=16256&#038;t=Alcalde%20plante%C3%B3%20principales%20necesidades%20de%20la%20comuna%20de%20Cisnes%20al%20Subsecretario%20de%20Transportes' aria-hidden='false' data-av_icon='\ue8f3' data-av_iconfont='entypo-fontello' title='' data-avia-related-tooltip='Compartir en Facebook' rel=\"noopener\"><span class='avia_hidden_link_text'>Compartir en Facebook<\/span><\/a><\/li><li class='av-share-link av-social-link-twitter' ><a target=\"_blank\" aria-label=\"Compartir en Twitter\" href='https:\/\/twitter.com\/share?text=Alcalde%20plante%C3%B3%20principales%20necesidades%20de%20la%20comuna%20de%20Cisnes%20al%20Subsecretario%20de%20Transportes&#038;url=https:\/\/radiorevelacionfm.cl\/?p=16256' aria-hidden='false' data-av_icon='\ue8f1' data-av_iconfont='entypo-fontello' title='' data-avia-related-tooltip='Compartir en Twitter' rel=\"noopener\"><span class='avia_hidden_link_text'>Compartir en Twitter<\/span><\/a><\/li><li class='av-share-link av-social-link-whatsapp' ><a target=\"_blank\" aria-label=\"Compartir en Whatsapp\" href='https:\/\/api.whatsapp.com\/send?text=https:\/\/radiorevelacionfm.cl\/?p=16256' aria-hidden='false' data-av_icon='\uf232' data-av_iconfont='entypo-fontello' title='' data-avia-related-tooltip='Compartir en Whatsapp' rel=\"noopener\"><span class='avia_hidden_link_text'>Compartir en Whatsapp<\/span><\/a><\/li><li class='av-share-link av-social-link-linkedin' ><a target=\"_blank\" aria-label=\"Compartir en LinkedIn\" href='https:\/\/linkedin.com\/shareArticle?mini=true&#038;title=Alcalde%20plante%C3%B3%20principales%20necesidades%20de%20la%20comuna%20de%20Cisnes%20al%20Subsecretario%20de%20Transportes&#038;url=https:\/\/radiorevelacionfm.cl\/?p=16256' aria-hidden='false' data-av_icon='\ue8fc' data-av_iconfont='entypo-fontello' title='' data-avia-related-tooltip='Compartir en LinkedIn' rel=\"noopener\"><span class='avia_hidden_link_text'>Compartir en LinkedIn<\/span><\/a><\/li><li class='av-share-link av-social-link-mail' ><a  aria-label=\"Compartir por correo\" href='mailto:?subject=Alcalde%20plante%C3%B3%20principales%20necesidades%20de%20la%20comuna%20de%20Cisnes%20al%20Subsecretario%20de%20Transportes&#038;body=https:\/\/radiorevelacionfm.cl\/?p=16256' aria-hidden='false' data-av_icon='\ue805' data-av_iconfont='entypo-fontello' title='' data-avia-related-tooltip='Compartir por correo'><span class='avia_hidden_link_text'>Compartir por correo<\/span><\/a><\/li><\/ul><\/div><\/div>\n<div  style='height:50px' class='hr hr-invisible   avia-builder-el-8  el_after_av_social_share  el_before_av_comments_list '><span class='hr-inner ' ><span class='hr-inner-style'><\/span><\/span><\/div>\n<div  class='av-buildercomment  av-blog-meta-html-info-disabled av-blog-meta-tag-disabled  '><\/div>\n","protected":false},"excerpt":{"rendered":"","protected":false},"author":1,"featured_media":16257,"comment_status":"open","ping_status":"open","sticky":false,"template":"","format":"standard","meta":{"footnotes":""},"categories":[38],"tags":[],"class_list":["post-16256","post","type-post","status-publish","format-standard","has-post-thumbnail","hentry","category-regional"],"jetpack_featured_media_url":"https:\/\/radiorevelacionfm.cl\/wp-content\/uploads\/2022\/04\/SUBSECRETARIO-ALCALDE-CISNES-2-1-1.jpg","_links":{"self":[{"href":"https:\/\/radiorevelacionfm.cl\/index.php?rest_route=\/wp\/v2\/posts\/16256","targetHints":{"allow":["GET"]}}],"collection":[{"href":"https:\/\/radiorevelacionfm.cl\/index.php?rest_route=\/wp\/v2\/posts"}],"about":[{"href":"https:\/\/radiorevelacionfm.cl\/index.php?rest_route=\/wp\/v2\/types\/post"}],"author":[{"embeddable":true,"href":"https:\/\/radiorevelacionfm.cl\/index.php?rest_route=\/wp\/v2\/users\/1"}],"replies":[{"embeddable":true,"href":"https:\/\/radiorevelacionfm.cl\/index.php?rest_route=%2Fwp%2Fv2%2Fcomments&post=16256"}],"version-history":[{"count":3,"href":"https:\/\/radiorevelacionfm.cl\/index.php?rest_route=\/wp\/v2\/posts\/16256\/revisions"}],"predecessor-version":[{"id":16271,"href":"https:\/\/radiorevelacionfm.cl\/index.php?rest_route=\/wp\/v2\/posts\/16256\/revisions\/16271"}],"wp:featuredmedia":[{"embeddable":true,"href":"https:\/\/radiorevelacionfm.cl\/index.php?rest_route=\/wp\/v2\/media\/16257"}],"wp:attachment":[{"href":"https:\/\/radiorevelacionfm.cl\/index.php?rest_route=%2Fwp%2Fv2%2Fmedia&parent=16256"}],"wp:term":[{"taxonomy":"category","embeddable":true,"href":"https:\/\/radiorevelacionfm.cl\/index.php?rest_route=%2Fwp%2Fv2%2Fcategories&post=16256"},{"taxonomy":"post_tag","embeddable":true,"href":"https:\/\/radiorevelacionfm.cl\/index.php?rest_route=%2Fwp%2Fv2%2Ftags&post=16256"}],"curies":[{"name":"wp","href":"https:\/\/api.w.org\/{rel}","templated":true}]}}