{"id":16252,"date":"2022-04-27T19:45:08","date_gmt":"2022-04-27T22:45:08","guid":{"rendered":"https:\/\/radiorevelacionfm.cl\/?p=16252"},"modified":"2022-04-27T19:45:08","modified_gmt":"2022-04-27T22:45:08","slug":"anunciaron-contratacion-de-barcaza-pilchero-y-chelenco-para-mantener-conectividad-hacia-chile-chico","status":"publish","type":"post","link":"https:\/\/radiorevelacionfm.cl\/?p=16252","title":{"rendered":"Anunciaron contrataci\u00f3n de barcaza Pilchero y Chelenco para mantener conectividad hacia Chile Chico"},"content":{"rendered":"<div class=\"flex_column av_one_full  flex_column_div av-zero-column-padding first  avia-builder-el-0  el_before_av_one_full  avia-builder-el-first  \" style='border-radius:0px; '><div  class='avia-image-container  av-styling-    avia-builder-el-1  avia-builder-el-no-sibling  avia-align-center '  itemprop=\"image\" itemscope=\"itemscope\" itemtype=\"https:\/\/schema.org\/ImageObject\"  ><div class='avia-image-container-inner'><div class='avia-image-overlay-wrap'><img decoding=\"async\" class='wp-image-16253 avia-img-lazy-loading-not-16253 avia_image' src=\"https:\/\/radiorevelacionfm.cl\/wp-content\/uploads\/2022\/04\/dsc_5658-1-1_optimized.jpg\" alt='' title='dsc_5658-(1)-(1)_optimized' height=\"600\" width=\"903\"  itemprop=\"thumbnailUrl\" srcset=\"https:\/\/radiorevelacionfm.cl\/wp-content\/uploads\/2022\/04\/dsc_5658-1-1_optimized.jpg 903w, https:\/\/radiorevelacionfm.cl\/wp-content\/uploads\/2022\/04\/dsc_5658-1-1_optimized-300x199.jpg 300w, https:\/\/radiorevelacionfm.cl\/wp-content\/uploads\/2022\/04\/dsc_5658-1-1_optimized-768x510.jpg 768w, https:\/\/radiorevelacionfm.cl\/wp-content\/uploads\/2022\/04\/dsc_5658-1-1_optimized-705x468.jpg 705w, https:\/\/radiorevelacionfm.cl\/wp-content\/uploads\/2022\/04\/dsc_5658-1-1_optimized-600x399.jpg 600w\" sizes=\"(max-width: 903px) 100vw, 903px\" \/><\/div><\/div><\/div><\/div><div class=\"flex_column av_one_full  flex_column_div av-zero-column-padding first  avia-builder-el-2  el_after_av_one_full  el_before_av_one_full  column-top-margin\" style='border-radius:0px; '><section class=\"av_textblock_section \"  itemscope=\"itemscope\" itemtype=\"https:\/\/schema.org\/BlogPosting\" itemprop=\"blogPost\" ><div class='avia_textblock  '   itemprop=\"text\" ><p style=\"text-align: center;\"><span style=\"font-size: 18pt;\"><b>Anunciaron contrataci\u00f3n de barcaza Pilchero y Chelenco para mantener conectividad hacia Chile Chico<\/b><\/span><\/p>\n<div id=\"gtx-trans\" style=\"position: absolute; left: -50px; top: 4.31534px;\">\n<div class=\"gtx-trans-icon\"><\/div>\n<\/div>\n<\/div><\/section><\/div><div class=\"flex_column av_one_full  flex_column_div av-zero-column-padding first  avia-builder-el-4  el_after_av_one_full  el_before_av_hr  column-top-margin\" style='border-radius:0px; '><section class=\"av_textblock_section \"  itemscope=\"itemscope\" itemtype=\"https:\/\/schema.org\/BlogPosting\" itemprop=\"blogPost\" ><div class='avia_textblock  '   itemprop=\"text\" ><p style=\"font-weight: 400; text-align: justify;\">Hasta la ciudad de Chile Chico se trasladaron el subsecretario de Transportes, Crist\u00f3bal Pineda, y la seremi de Transportes y Telecomunicaciones, Claudia Cantero,\u00a0junto a una comitiva regional, para dialogar con las autoridades locales y la comunidad sobre soluciones a los problemas que ha experimentado desde julio del a\u00f1o pasado el servicio de conectividad con R\u00edo Ib\u00e1\u00f1ez a trav\u00e9s del Lago General Carrera.<\/p>\n<p style=\"font-weight: 400; text-align: justify;\">\u201cEl Presidente Boric nos ha encargado especialmente priorizar el mejoramiento del transporte y la conectividad en regiones y, dentro de ellas, aquellos lugares m\u00e1s apartados y que por a\u00f1os han estado postergados. Por eso hemos venido hasta Chile Chico, para escuchar a la comunidad y tambi\u00e9n plantear soluciones a la contingencia actual y de largo plazo\u201d, se\u00f1al\u00f3 tras la reuni\u00f3n el subsecretario de Transportes, Crist\u00f3bal Pineda.<\/p>\n<p style=\"font-weight: 400; text-align: justify;\">La seremi Cantero afirm\u00f3 que \u201cdesde el Ministerio de\u00a0Transportes aseguraremos la continuidad del servicio de conectividad del Lago General Carrera. Para eso estamos gestionando la contrataci\u00f3n por trato directo de la nave Chelenco. Por otro lado, extenderemos por 12 meses m\u00e1s el servicio de la barcaza Pilchero, cuyo contrato finalizaba a inicios de mayo\u201d. De esta forma, se podr\u00e1 asegurar la conectividad con Puerto Ib\u00e1\u00f1ez y Coyhaique para los m\u00e1s de 5.000 habitantes de Chile Chico.<\/p>\n<p style=\"font-weight: 400; text-align: justify;\">Una novedad que anunci\u00f3 la seremi Cantero es que desde el 3 de mayo este servicio de conectividad ofrecer\u00e1 tarifa gratuita a las personas mayores de 65 a\u00f1os. \u201cEsto significa un beneficio de $1.200 por viaje para alrededor de 560 habitantes de la comuna Chile Chico y 400 de R\u00edo Ib\u00e1\u00f1ez\u201d, explic\u00f3 la autoridad regional.<\/p>\n<p style=\"font-weight: 400; text-align: justify;\">Respecto de las soluciones de fondo, la seremi Cantero anunci\u00f3 la conformaci\u00f3n de una mesa de trabajo que incluir\u00e1 a representantes de la comunidad de Chile Chico, municipalidades de Chile Chico y R\u00edo Ib\u00e1\u00f1ez, Gobierno Regional, el Ministerio de Transportes y el Ministerio de Obras P\u00fablicas, Delegaci\u00f3n Regional y Provincial, Armada, ZOIT, organizaciones de turismo y transporte local. De esta forma se pretende aportar al di\u00e1logo desde distintos sectores relacionados con la conectividad lacustre<\/p>\n<p style=\"font-weight: 400; text-align: justify;\">La gobernadora de Ays\u00e9n, Andrea Mac\u00edas valor\u00f3 la presencia de la autoridad nacional en el territorio y los compromisos adquiridos ante la comunidad: \u201cEstamos en compa\u00f1\u00eda del subsecretario Crist\u00f3bal Pineda quien ha venido a este lugar que hace mucho tiempo requer\u00eda la presencia de las autoridades del gobierno central, toda vez que nos encontramos viviendo situaciones complejas en materia de conectividad y con muy buenas noticias para la comunidad pero por sobre todo, con la esperanza de iniciar un proceso de di\u00e1logo, de trabajo conjunto, colaborativo porque la soluci\u00f3n para los problemas de conectividad que hoy d\u00eda tenemos debemos buscarlas entre todos y todas\u201d<\/p>\n<p style=\"font-weight: 400; text-align: justify;\">Desde la delegaci\u00f3n presidencial regional, Rodrigo Araya a\u00f1adi\u00f3: \u00abLas actividades del subsecretario de Transportes, Crist\u00f3bal Pineda, en Coyhaique, Chile Chico y Puerto Ays\u00e9n, forman parte del trabajo directo y transparente que como Gobierno estamos desarrollando con toda la ciudadan\u00eda, buscando resolver las urgencias con gesti\u00f3n y transparencia. As\u00ed lo haremos en todos los \u00e1mbitos, tal como nos hemos comprometido\u00bb.<\/p>\n<p style=\"font-weight: 400; text-align: justify;\">Asimismo, desde el gobierno comunal, el alcalde Luperciano Mu\u00f1oz indic\u00f3 \u201c\u00c9sta es una gran oportunidad para resolver problemas que no resolvieron los otros; b\u00e1sicamente por la mirada regional que tiene el Presidente Boric, porque es un presidente de regi\u00f3n, y en quien confiamos un poco m\u00e1s. Tenemos que seguir con las confianzas pero siempre teniendo claro que las propuestas de las comunidades son el problema de fondo\u201d.<\/p>\n<p style=\"font-weight: 400; text-align: justify;\">Adem\u00e1s de las autoridades mencionadas, en el encuentro en Chile Chico participaron vecinos y vecinas de la comuna, el seremi de Obras P\u00fablicas, Patricio Sanhueza; y el delegado presidencial de la provincia de General Carrera, Daniel Fern\u00e1ndez.<\/p>\n<\/div><\/section><\/div><div  style='height:50px' class='hr hr-invisible   avia-builder-el-6  el_after_av_one_full  el_before_av_social_share '><span class='hr-inner ' ><span class='hr-inner-style'><\/span><\/span><\/div><\/p>\n<div  class='av-social-sharing-box  avia-builder-el-7  el_after_av_hr  el_before_av_hr  '><div class='av-share-box'><h5 class='av-share-link-description av-no-toc '>Compartir esta noticia<\/h5><ul class='av-share-box-list noLightbox'><li class='av-share-link av-social-link-facebook' ><a target=\"_blank\" aria-label=\"Compartir en Facebook\" href='https:\/\/www.facebook.com\/sharer.php?u=https:\/\/radiorevelacionfm.cl\/?p=16252&#038;t=Anunciaron%20contrataci%C3%B3n%20de%20barcaza%20Pilchero%20y%20Chelenco%20para%20mantener%20conectividad%20hacia%20Chile%20Chico' aria-hidden='false' data-av_icon='\ue8f3' data-av_iconfont='entypo-fontello' title='' data-avia-related-tooltip='Compartir en Facebook' rel=\"noopener\"><span class='avia_hidden_link_text'>Compartir en Facebook<\/span><\/a><\/li><li class='av-share-link av-social-link-twitter' ><a target=\"_blank\" aria-label=\"Compartir en Twitter\" href='https:\/\/twitter.com\/share?text=Anunciaron%20contrataci%C3%B3n%20de%20barcaza%20Pilchero%20y%20Chelenco%20para%20mantener%20conectividad%20hacia%20Chile%20Chico&#038;url=https:\/\/radiorevelacionfm.cl\/?p=16252' aria-hidden='false' data-av_icon='\ue8f1' data-av_iconfont='entypo-fontello' title='' data-avia-related-tooltip='Compartir en Twitter' rel=\"noopener\"><span class='avia_hidden_link_text'>Compartir en Twitter<\/span><\/a><\/li><li class='av-share-link av-social-link-whatsapp' ><a target=\"_blank\" aria-label=\"Compartir en Whatsapp\" href='https:\/\/api.whatsapp.com\/send?text=https:\/\/radiorevelacionfm.cl\/?p=16252' aria-hidden='false' data-av_icon='\uf232' data-av_iconfont='entypo-fontello' title='' data-avia-related-tooltip='Compartir en Whatsapp' rel=\"noopener\"><span class='avia_hidden_link_text'>Compartir en Whatsapp<\/span><\/a><\/li><li class='av-share-link av-social-link-linkedin' ><a target=\"_blank\" aria-label=\"Compartir en LinkedIn\" href='https:\/\/linkedin.com\/shareArticle?mini=true&#038;title=Anunciaron%20contrataci%C3%B3n%20de%20barcaza%20Pilchero%20y%20Chelenco%20para%20mantener%20conectividad%20hacia%20Chile%20Chico&#038;url=https:\/\/radiorevelacionfm.cl\/?p=16252' aria-hidden='false' data-av_icon='\ue8fc' data-av_iconfont='entypo-fontello' title='' data-avia-related-tooltip='Compartir en LinkedIn' rel=\"noopener\"><span class='avia_hidden_link_text'>Compartir en LinkedIn<\/span><\/a><\/li><li class='av-share-link av-social-link-mail' ><a  aria-label=\"Compartir por correo\" href='mailto:?subject=Anunciaron%20contrataci%C3%B3n%20de%20barcaza%20Pilchero%20y%20Chelenco%20para%20mantener%20conectividad%20hacia%20Chile%20Chico&#038;body=https:\/\/radiorevelacionfm.cl\/?p=16252' aria-hidden='false' data-av_icon='\ue805' data-av_iconfont='entypo-fontello' title='' data-avia-related-tooltip='Compartir por correo'><span class='avia_hidden_link_text'>Compartir por correo<\/span><\/a><\/li><\/ul><\/div><\/div>\n<div  style='height:50px' class='hr hr-invisible   avia-builder-el-8  el_after_av_social_share  el_before_av_comments_list '><span class='hr-inner ' ><span class='hr-inner-style'><\/span><\/span><\/div>\n<div  class='av-buildercomment  av-blog-meta-html-info-disabled av-blog-meta-tag-disabled  '><\/div>\n","protected":false},"excerpt":{"rendered":"","protected":false},"author":1,"featured_media":16253,"comment_status":"open","ping_status":"open","sticky":false,"template":"","format":"standard","meta":{"footnotes":""},"categories":[38],"tags":[],"class_list":["post-16252","post","type-post","status-publish","format-standard","has-post-thumbnail","hentry","category-regional"],"jetpack_featured_media_url":"https:\/\/radiorevelacionfm.cl\/wp-content\/uploads\/2022\/04\/dsc_5658-1-1_optimized.jpg","_links":{"self":[{"href":"https:\/\/radiorevelacionfm.cl\/index.php?rest_route=\/wp\/v2\/posts\/16252","targetHints":{"allow":["GET"]}}],"collection":[{"href":"https:\/\/radiorevelacionfm.cl\/index.php?rest_route=\/wp\/v2\/posts"}],"about":[{"href":"https:\/\/radiorevelacionfm.cl\/index.php?rest_route=\/wp\/v2\/types\/post"}],"author":[{"embeddable":true,"href":"https:\/\/radiorevelacionfm.cl\/index.php?rest_route=\/wp\/v2\/users\/1"}],"replies":[{"embeddable":true,"href":"https:\/\/radiorevelacionfm.cl\/index.php?rest_route=%2Fwp%2Fv2%2Fcomments&post=16252"}],"version-history":[{"count":2,"href":"https:\/\/radiorevelacionfm.cl\/index.php?rest_route=\/wp\/v2\/posts\/16252\/revisions"}],"predecessor-version":[{"id":16255,"href":"https:\/\/radiorevelacionfm.cl\/index.php?rest_route=\/wp\/v2\/posts\/16252\/revisions\/16255"}],"wp:featuredmedia":[{"embeddable":true,"href":"https:\/\/radiorevelacionfm.cl\/index.php?rest_route=\/wp\/v2\/media\/16253"}],"wp:attachment":[{"href":"https:\/\/radiorevelacionfm.cl\/index.php?rest_route=%2Fwp%2Fv2%2Fmedia&parent=16252"}],"wp:term":[{"taxonomy":"category","embeddable":true,"href":"https:\/\/radiorevelacionfm.cl\/index.php?rest_route=%2Fwp%2Fv2%2Fcategories&post=16252"},{"taxonomy":"post_tag","embeddable":true,"href":"https:\/\/radiorevelacionfm.cl\/index.php?rest_route=%2Fwp%2Fv2%2Ftags&post=16252"}],"curies":[{"name":"wp","href":"https:\/\/api.w.org\/{rel}","templated":true}]}}