{"id":16248,"date":"2022-04-27T18:57:56","date_gmt":"2022-04-27T21:57:56","guid":{"rendered":"https:\/\/radiorevelacionfm.cl\/?p=16248"},"modified":"2022-04-27T18:57:56","modified_gmt":"2022-04-27T21:57:56","slug":"diputado-calisto-pide-aumentar-monto-y-cobertura-del-bono-lena","status":"publish","type":"post","link":"https:\/\/radiorevelacionfm.cl\/?p=16248","title":{"rendered":"Diputado Calisto pide aumentar monto y cobertura del bono le\u00f1a"},"content":{"rendered":"<div class=\"flex_column av_one_full  flex_column_div av-zero-column-padding first  avia-builder-el-0  el_before_av_one_full  avia-builder-el-first  \" style='border-radius:0px; '><div  class='avia-image-container  av-styling-    avia-builder-el-1  avia-builder-el-no-sibling  avia-align-center '  itemprop=\"image\" itemscope=\"itemscope\" itemtype=\"https:\/\/schema.org\/ImageObject\"  ><div class='avia-image-container-inner'><div class='avia-image-overlay-wrap'><img decoding=\"async\" class='wp-image-16249 avia-img-lazy-loading-not-16249 avia_image' src=\"https:\/\/radiorevelacionfm.cl\/wp-content\/uploads\/2022\/04\/CALISTO-ARCHIVO-1-1.jpg\" alt='' title='CALISTO ARCHIVO (1) (1)' height=\"600\" width=\"1092\"  itemprop=\"thumbnailUrl\" srcset=\"https:\/\/radiorevelacionfm.cl\/wp-content\/uploads\/2022\/04\/CALISTO-ARCHIVO-1-1.jpg 1092w, https:\/\/radiorevelacionfm.cl\/wp-content\/uploads\/2022\/04\/CALISTO-ARCHIVO-1-1-300x165.jpg 300w, https:\/\/radiorevelacionfm.cl\/wp-content\/uploads\/2022\/04\/CALISTO-ARCHIVO-1-1-1030x566.jpg 1030w, https:\/\/radiorevelacionfm.cl\/wp-content\/uploads\/2022\/04\/CALISTO-ARCHIVO-1-1-768x422.jpg 768w, https:\/\/radiorevelacionfm.cl\/wp-content\/uploads\/2022\/04\/CALISTO-ARCHIVO-1-1-705x387.jpg 705w, https:\/\/radiorevelacionfm.cl\/wp-content\/uploads\/2022\/04\/CALISTO-ARCHIVO-1-1-600x330.jpg 600w\" sizes=\"(max-width: 1092px) 100vw, 1092px\" \/><\/div><\/div><\/div><\/div><div class=\"flex_column av_one_full  flex_column_div av-zero-column-padding first  avia-builder-el-2  el_after_av_one_full  el_before_av_one_full  column-top-margin\" style='border-radius:0px; '><section class=\"av_textblock_section \"  itemscope=\"itemscope\" itemtype=\"https:\/\/schema.org\/BlogPosting\" itemprop=\"blogPost\" ><div class='avia_textblock  '   itemprop=\"text\" ><p style=\"text-align: center;\"><span style=\"font-size: 18pt;\"><b><span lang=\"ES\">Diputado Calisto pide aumentar monto y cobertura del bono le\u00f1a<\/span><\/b><\/span><\/p>\n<div id=\"gtx-trans\" style=\"position: absolute; left: -50px; top: 4.31534px;\"><\/div>\n<\/div><\/section><\/div><div class=\"flex_column av_one_full  flex_column_div av-zero-column-padding first  avia-builder-el-4  el_after_av_one_full  el_before_av_hr  column-top-margin\" style='border-radius:0px; '><section class=\"av_textblock_section \"  itemscope=\"itemscope\" itemtype=\"https:\/\/schema.org\/BlogPosting\" itemprop=\"blogPost\" ><div class='avia_textblock  '   itemprop=\"text\" ><p style=\"font-weight: 400; text-align: justify;\">Ante la crisis econ\u00f3mica que afecta a muchas familias y el aumento de precios generado por la inflaci\u00f3n, el diputado Miguel \u00c1ngel Calisto hizo un llamado al gobierno para que aumente el monto del bono de le\u00f1a, beneficio que el a\u00f1o pasado fue de $100.000, adem\u00e1s de solicitar que aumente la cobertura y sea universal.<\/p>\n<p style=\"font-weight: 400; text-align: justify;\">El legislador tambi\u00e9n planteo su preocupaci\u00f3n por la demora en el pago de este beneficio, ya que a\u00fan no hay una fecha clara para que esto se concrete.<\/p>\n<p style=\"font-weight: 400; text-align: justify;\">Seg\u00fan el legislador, \u201cestamos muy preocupados por el pago del bono le\u00f1a o bono de calefacci\u00f3n. Se ha informado por parte del Gobierno que reci\u00e9n a mediados del mes de mayo se podr\u00eda tener claridad con respecto a la fecha de pago. Si este bono se paga en junio, o incluso julio, vamos a tener una situaci\u00f3n muy compleja, porque los precios de la le\u00f1a se elevan, y con este bono con suerte se alcanzan a pagar dos metros de le\u00f1a\u201d.<\/p>\n<p style=\"font-weight: 400; text-align: justify;\">\u201cNosotros estamos pidiendo que se aumente en su cantidad y sobre todo en la cobertura, porque hoy en d\u00eda llega hasta el 80% del Registro Social de Hogares, perjudicando directamente a muchas familias de esfuerzo, trabajadoras y de la clase media, incluso adultos mayores, que necesitan un apoyo mayor. A muchos de ellos no les llega este bono porque no est\u00e1n considerados en los grupos prioritarios\u201d, afirm\u00f3.<\/p>\n<p style=\"font-weight: 400; text-align: justify;\">Calisto agreg\u00f3 que \u201cpor eso estamos pidiendo que se aumente el monto del bono le\u00f1a, porque no alcanza debido a la situaci\u00f3n inflacionaria y los valores del precio de la le\u00f1a, y en segundo lugar pedimos que sea universal, que le llegue al 100% de la cobertura en la regi\u00f3n de Ays\u00e9n. Este es un bono ganado por todos los ayseninos. Tenemos que exigir que le llegue a todos, sin distinci\u00f3n, de la forma m\u00e1s r\u00e1pida y expedita\u201d.<\/p>\n<p style=\"font-weight: 400; text-align: justify;\">Finalmente, Miguel \u00c1ngel Calisto indic\u00f3 que \u201creci\u00e9n a mediados del mes de mayo tendremos claridad con la fecha de pega, esto atenta directamente contra las familias que est\u00e1n esperando este beneficio mientras las temperaturas comienzan a bajar\u201d.<\/p>\n<\/div><\/section><\/div><div  style='height:50px' class='hr hr-invisible   avia-builder-el-6  el_after_av_one_full  el_before_av_social_share '><span class='hr-inner ' ><span class='hr-inner-style'><\/span><\/span><\/div><\/p>\n<div  class='av-social-sharing-box  avia-builder-el-7  el_after_av_hr  el_before_av_hr  '><div class='av-share-box'><h5 class='av-share-link-description av-no-toc '>Compartir esta noticia<\/h5><ul class='av-share-box-list noLightbox'><li class='av-share-link av-social-link-facebook' ><a target=\"_blank\" aria-label=\"Compartir en Facebook\" href='https:\/\/www.facebook.com\/sharer.php?u=https:\/\/radiorevelacionfm.cl\/?p=16248&#038;t=Diputado%20Calisto%20pide%20aumentar%20monto%20y%20cobertura%20del%20bono%20le%C3%B1a' aria-hidden='false' data-av_icon='\ue8f3' data-av_iconfont='entypo-fontello' title='' data-avia-related-tooltip='Compartir en Facebook' rel=\"noopener\"><span class='avia_hidden_link_text'>Compartir en Facebook<\/span><\/a><\/li><li class='av-share-link av-social-link-twitter' ><a target=\"_blank\" aria-label=\"Compartir en Twitter\" href='https:\/\/twitter.com\/share?text=Diputado%20Calisto%20pide%20aumentar%20monto%20y%20cobertura%20del%20bono%20le%C3%B1a&#038;url=https:\/\/radiorevelacionfm.cl\/?p=16248' aria-hidden='false' data-av_icon='\ue8f1' data-av_iconfont='entypo-fontello' title='' data-avia-related-tooltip='Compartir en Twitter' rel=\"noopener\"><span class='avia_hidden_link_text'>Compartir en Twitter<\/span><\/a><\/li><li class='av-share-link av-social-link-whatsapp' ><a target=\"_blank\" aria-label=\"Compartir en Whatsapp\" href='https:\/\/api.whatsapp.com\/send?text=https:\/\/radiorevelacionfm.cl\/?p=16248' aria-hidden='false' data-av_icon='\uf232' data-av_iconfont='entypo-fontello' title='' data-avia-related-tooltip='Compartir en Whatsapp' rel=\"noopener\"><span class='avia_hidden_link_text'>Compartir en Whatsapp<\/span><\/a><\/li><li class='av-share-link av-social-link-linkedin' ><a target=\"_blank\" aria-label=\"Compartir en LinkedIn\" href='https:\/\/linkedin.com\/shareArticle?mini=true&#038;title=Diputado%20Calisto%20pide%20aumentar%20monto%20y%20cobertura%20del%20bono%20le%C3%B1a&#038;url=https:\/\/radiorevelacionfm.cl\/?p=16248' aria-hidden='false' data-av_icon='\ue8fc' data-av_iconfont='entypo-fontello' title='' data-avia-related-tooltip='Compartir en LinkedIn' rel=\"noopener\"><span class='avia_hidden_link_text'>Compartir en LinkedIn<\/span><\/a><\/li><li class='av-share-link av-social-link-mail' ><a  aria-label=\"Compartir por correo\" href='mailto:?subject=Diputado%20Calisto%20pide%20aumentar%20monto%20y%20cobertura%20del%20bono%20le%C3%B1a&#038;body=https:\/\/radiorevelacionfm.cl\/?p=16248' aria-hidden='false' data-av_icon='\ue805' data-av_iconfont='entypo-fontello' title='' data-avia-related-tooltip='Compartir por correo'><span class='avia_hidden_link_text'>Compartir por correo<\/span><\/a><\/li><\/ul><\/div><\/div>\n<div  style='height:50px' class='hr hr-invisible   avia-builder-el-8  el_after_av_social_share  el_before_av_comments_list '><span class='hr-inner ' ><span class='hr-inner-style'><\/span><\/span><\/div>\n<div  class='av-buildercomment  av-blog-meta-html-info-disabled av-blog-meta-tag-disabled  '><\/div>\n","protected":false},"excerpt":{"rendered":"","protected":false},"author":1,"featured_media":16249,"comment_status":"open","ping_status":"open","sticky":false,"template":"","format":"standard","meta":{"footnotes":""},"categories":[35],"tags":[],"class_list":["post-16248","post","type-post","status-publish","format-standard","has-post-thumbnail","hentry","category-politica"],"jetpack_featured_media_url":"https:\/\/radiorevelacionfm.cl\/wp-content\/uploads\/2022\/04\/CALISTO-ARCHIVO-1-1.jpg","_links":{"self":[{"href":"https:\/\/radiorevelacionfm.cl\/index.php?rest_route=\/wp\/v2\/posts\/16248","targetHints":{"allow":["GET"]}}],"collection":[{"href":"https:\/\/radiorevelacionfm.cl\/index.php?rest_route=\/wp\/v2\/posts"}],"about":[{"href":"https:\/\/radiorevelacionfm.cl\/index.php?rest_route=\/wp\/v2\/types\/post"}],"author":[{"embeddable":true,"href":"https:\/\/radiorevelacionfm.cl\/index.php?rest_route=\/wp\/v2\/users\/1"}],"replies":[{"embeddable":true,"href":"https:\/\/radiorevelacionfm.cl\/index.php?rest_route=%2Fwp%2Fv2%2Fcomments&post=16248"}],"version-history":[{"count":2,"href":"https:\/\/radiorevelacionfm.cl\/index.php?rest_route=\/wp\/v2\/posts\/16248\/revisions"}],"predecessor-version":[{"id":16251,"href":"https:\/\/radiorevelacionfm.cl\/index.php?rest_route=\/wp\/v2\/posts\/16248\/revisions\/16251"}],"wp:featuredmedia":[{"embeddable":true,"href":"https:\/\/radiorevelacionfm.cl\/index.php?rest_route=\/wp\/v2\/media\/16249"}],"wp:attachment":[{"href":"https:\/\/radiorevelacionfm.cl\/index.php?rest_route=%2Fwp%2Fv2%2Fmedia&parent=16248"}],"wp:term":[{"taxonomy":"category","embeddable":true,"href":"https:\/\/radiorevelacionfm.cl\/index.php?rest_route=%2Fwp%2Fv2%2Fcategories&post=16248"},{"taxonomy":"post_tag","embeddable":true,"href":"https:\/\/radiorevelacionfm.cl\/index.php?rest_route=%2Fwp%2Fv2%2Ftags&post=16248"}],"curies":[{"name":"wp","href":"https:\/\/api.w.org\/{rel}","templated":true}]}}