{"id":16246,"date":"2022-04-28T15:41:05","date_gmt":"2022-04-28T18:41:05","guid":{"rendered":"https:\/\/radiorevelacionfm.cl\/?p=16246"},"modified":"2022-04-28T15:41:05","modified_gmt":"2022-04-28T18:41:05","slug":"minvu-municipio-y-vecinos-celebraron-llegada-del-programa-quiero-mi-barrio-a-cochrane","status":"publish","type":"post","link":"https:\/\/radiorevelacionfm.cl\/?p=16246","title":{"rendered":"Minvu, Municipio y vecinos celebraron llegada del programa \u201cQuiero Mi Barrio\u201d a Cochrane"},"content":{"rendered":"<div class=\"flex_column av_one_full  flex_column_div av-zero-column-padding first  avia-builder-el-0  el_before_av_one_full  avia-builder-el-first  \" style='border-radius:0px; '><div  class='avia-image-container  av-styling-    avia-builder-el-1  avia-builder-el-no-sibling  avia-align-center '  itemprop=\"image\" itemscope=\"itemscope\" itemtype=\"https:\/\/schema.org\/ImageObject\"  ><div class='avia-image-container-inner'><div class='avia-image-overlay-wrap'><img decoding=\"async\" class='wp-image-16247 avia-img-lazy-loading-not-16247 avia_image' src=\"https:\/\/radiorevelacionfm.cl\/wp-content\/uploads\/2022\/04\/autoridades-y-vecinos-cochrane-lanzamiento-quiero-mi-barrio-1-1_optimized.jpg\" alt='' title='autoridades-y-vecinos-cochrane-lanzamiento-quiero-mi-barrio-(1)-(1)_optimized' height=\"600\" width=\"1259\"  itemprop=\"thumbnailUrl\" srcset=\"https:\/\/radiorevelacionfm.cl\/wp-content\/uploads\/2022\/04\/autoridades-y-vecinos-cochrane-lanzamiento-quiero-mi-barrio-1-1_optimized.jpg 1259w, https:\/\/radiorevelacionfm.cl\/wp-content\/uploads\/2022\/04\/autoridades-y-vecinos-cochrane-lanzamiento-quiero-mi-barrio-1-1_optimized-300x143.jpg 300w, https:\/\/radiorevelacionfm.cl\/wp-content\/uploads\/2022\/04\/autoridades-y-vecinos-cochrane-lanzamiento-quiero-mi-barrio-1-1_optimized-1030x491.jpg 1030w, https:\/\/radiorevelacionfm.cl\/wp-content\/uploads\/2022\/04\/autoridades-y-vecinos-cochrane-lanzamiento-quiero-mi-barrio-1-1_optimized-768x366.jpg 768w, https:\/\/radiorevelacionfm.cl\/wp-content\/uploads\/2022\/04\/autoridades-y-vecinos-cochrane-lanzamiento-quiero-mi-barrio-1-1_optimized-705x336.jpg 705w, https:\/\/radiorevelacionfm.cl\/wp-content\/uploads\/2022\/04\/autoridades-y-vecinos-cochrane-lanzamiento-quiero-mi-barrio-1-1_optimized-600x286.jpg 600w\" sizes=\"(max-width: 1259px) 100vw, 1259px\" \/><\/div><\/div><\/div><\/div><div class=\"flex_column av_one_full  flex_column_div av-zero-column-padding first  avia-builder-el-2  el_after_av_one_full  el_before_av_one_full  column-top-margin\" style='border-radius:0px; '><section class=\"av_textblock_section \"  itemscope=\"itemscope\" itemtype=\"https:\/\/schema.org\/BlogPosting\" itemprop=\"blogPost\" ><div class='avia_textblock  '   itemprop=\"text\" ><p style=\"text-align: center;\"><span style=\"font-size: 18pt;\"><strong>Minvu, Municipio y vecinos celebraron llegada del programa \u201cQuiero Mi Barrio\u201d a Cochrane<\/strong><\/span><\/p>\n<div id=\"gtx-trans\" style=\"position: absolute; left: -50px; top: 4.31534px;\">\n<div class=\"gtx-trans-icon\"><\/div>\n<\/div>\n<\/div><\/section><\/div><div class=\"flex_column av_one_full  flex_column_div av-zero-column-padding first  avia-builder-el-4  el_after_av_one_full  el_before_av_hr  column-top-margin\" style='border-radius:0px; '><section class=\"av_textblock_section \"  itemscope=\"itemscope\" itemtype=\"https:\/\/schema.org\/BlogPosting\" itemprop=\"blogPost\" ><div class='avia_textblock  '   itemprop=\"text\" ><p style=\"text-align: justify;\">Con la participaci\u00f3n de autoridades, dirigentes y vecinos se realiz\u00f3 este martes el lanzamiento oficial del Programa de Recuperaci\u00f3n de Barrios \u201cQuiero Mi Barrio\u201d en la comuna de Cochrane, actividad que marca un hito en el desarrollo y descentralizaci\u00f3n de este programa del Ministerio de Vivienda, ya que hasta ahora solo se hab\u00eda ejecutado en diversos sectores de las comunas de Coyhaique y Ays\u00e9n.<\/p>\n<p style=\"text-align: justify;\">El programa Quiero mi Barrio es muy valorado por la comunidad, ya que son justamente ellos los que se organizan y deciden qu\u00e9 tipo de obras y qu\u00e9 tipo de intervenciones llevar\u00e1n adelante para mejorar la vida en su sector, fiscalizando adem\u00e1s la ejecuci\u00f3n y cuidado de las obras.<\/p>\n<p style=\"text-align: justify;\">Se trata de un programa que ser\u00e1 ejecutado por el Municipio local en base al trabajo coordinado con los equipos del Ministerio de Vivienda, quienes prestar\u00e1n asesor\u00eda y apoyo en todo momento el trabajo de los vecinos para implementar desde el segundo semestre de este a\u00f1o un Plan de Gesti\u00f3n de Obras y un Plan de Gesti\u00f3n Social que deber\u00e1 ser desarrollado en un plazo cercano a los 42 meses de trabajo.<\/p>\n<p style=\"text-align: justify;\">En ese contexto la Seremi de Vivienda, Paulina Ruz Delf\u00edn, calific\u00f3 el lanzamiento como un hito hist\u00f3rico a nivel regional y comunal ya que se traslada el programa a Cochrane reconociendo que se trata de una zona de inter\u00e9s regional. \u201cSer\u00e1n m\u00e1s de 800 personas beneficiadas ya que el programa tambi\u00e9n incluye un fuerte componente de asociatividad y vida comunitaria, donde son los mismos vecinos quienes seg\u00fan sus necesidades deciden qu\u00e9 tipo de obras se hacen, donde tambi\u00e9n se fomenta la vida comunitaria y la relaci\u00f3n y vinculaci\u00f3n entre ellos. Estamos muy contentos de estar ac\u00e1, descentralizar los beneficios que tiene Minvu y entender que adem\u00e1s de su componente social con las viviendas tenemos tambi\u00e9n una fuerte injerencia en lo que es la recuperaci\u00f3n de los barrios\u201d, precis\u00f3.<\/p>\n<p style=\"text-align: justify;\">El dirigente vecinal de Cochrane, Francisco Melillao Castillo, valor\u00f3 el inicio de esta intervenci\u00f3n, que se hace muy necesaria en localidades alejadas. \u201cYo creo que es lo mejor que hay que hacer porque es bonito este pueblo, es muy tranquilo, la gente se va contenta, los turistas, entonces nos conviene hacer cosas bonitas y buenas para que la gente quede contenta. Yo trabajo con turistas en un bote y ellos valoran mucho estas cosas, que sea un pueblo limpio, con gente buena y eso es lo que nosotros le mostramos, entonces es muy bueno esto y ojal\u00e1 que se sigan haciendo este tipo de cosas\u201d, opin\u00f3.<\/p>\n<p style=\"text-align: justify;\">Tambi\u00e9n el Alcalde de Cochrane, Jorge Calder\u00f3n, destac\u00f3 la buena noticia y las positivas proyecciones que este anuncio trae para su comunidad. \u201cEstamos muy contentos porque esto es lo que llamamos descentralizar las pol\u00edticas p\u00fablicas, ya que este es un programa tremendamente exitoso en Chile y en la regi\u00f3n de Ays\u00e9n que a partir de este a\u00f1o vamos a poder desarrollar y trabajar junto a los vecinos y vecinas. Estamos contentos porque juntos queremos proyectar una serie de mejoramientos urban\u00edsticos que nos permitan ir recuperando espacios p\u00fablicos en beneficio de ni\u00f1os, ni\u00f1as, adultos mayores para que en definitiva podamos disfrutar en familia y ofrecer eso a las distintas personas que nos vitan todos los a\u00f1os\u201d, manifest\u00f3.<\/p>\n<p style=\"text-align: justify;\">De igual forma la Delegada Presidencial Provincial, Marta Montiel, indic\u00f3 que el lanzamiento del programa Quiero Mi Barrio en Cochrane es de gran relevancia no solo para Cochrane sino para toda la provincia. \u201cCochrane es la puerta de entrada a Campos de Hielo, as\u00ed que la inversi\u00f3n y la intervenci\u00f3n que se pueda generar con la ejecuci\u00f3n del programa, desconcert\u00e1ndola desde el nivel regional, tray\u00e9ndola a las localidades y a las provincias m\u00e1s alejadas, es muy significativo. Valoramos el aporte que va a tener al hermoseamiento, pasando por ejes tan importantes como la seguridad, la inversi\u00f3n en infraestructura, pero tambi\u00e9n el trabajo que se va a realizar y que se proyecta en los pr\u00f3ximos a\u00f1os con los vecinos del sector, con las organizaciones sociales vinculadas\u201d, se\u00f1al\u00f3.<\/p>\n<p style=\"text-align: justify;\">Las acciones del programa se iniciar\u00e1n en el segundo semestre de este a\u00f1o y en un comienzo se centrar\u00e1n en cerca de 25 manzanas del barrio Norte-Sur, donde residen m\u00e1s de 800 personas que al igual que el resto de la comunidad ser\u00e1n beneficiadas con esta iniciativa de Gobierno que contempla una inversi\u00f3n global que bordea los 845 millones de pesos.<\/p>\n<\/div><\/section><\/div><div  style='height:50px' class='hr hr-invisible   avia-builder-el-6  el_after_av_one_full  el_before_av_social_share '><span class='hr-inner ' ><span class='hr-inner-style'><\/span><\/span><\/div><\/p>\n<div  class='av-social-sharing-box  avia-builder-el-7  el_after_av_hr  el_before_av_hr  '><div class='av-share-box'><h5 class='av-share-link-description av-no-toc '>Compartir esta noticia<\/h5><ul class='av-share-box-list noLightbox'><li class='av-share-link av-social-link-facebook' ><a target=\"_blank\" aria-label=\"Compartir en Facebook\" href='https:\/\/www.facebook.com\/sharer.php?u=https:\/\/radiorevelacionfm.cl\/?p=16246&#038;t=Minvu%2C%20Municipio%20y%20vecinos%20celebraron%20llegada%20del%20programa%20%E2%80%9CQuiero%20Mi%20Barrio%E2%80%9D%20a%20Cochrane' aria-hidden='false' data-av_icon='\ue8f3' data-av_iconfont='entypo-fontello' title='' data-avia-related-tooltip='Compartir en Facebook' rel=\"noopener\"><span class='avia_hidden_link_text'>Compartir en Facebook<\/span><\/a><\/li><li class='av-share-link av-social-link-twitter' ><a target=\"_blank\" aria-label=\"Compartir en Twitter\" href='https:\/\/twitter.com\/share?text=Minvu%2C%20Municipio%20y%20vecinos%20celebraron%20llegada%20del%20programa%20%E2%80%9CQuiero%20Mi%20Barrio%E2%80%9D%20a%20Cochrane&#038;url=https:\/\/radiorevelacionfm.cl\/?p=16246' aria-hidden='false' data-av_icon='\ue8f1' data-av_iconfont='entypo-fontello' title='' data-avia-related-tooltip='Compartir en Twitter' rel=\"noopener\"><span class='avia_hidden_link_text'>Compartir en Twitter<\/span><\/a><\/li><li class='av-share-link av-social-link-whatsapp' ><a target=\"_blank\" aria-label=\"Compartir en Whatsapp\" href='https:\/\/api.whatsapp.com\/send?text=https:\/\/radiorevelacionfm.cl\/?p=16246' aria-hidden='false' data-av_icon='\uf232' data-av_iconfont='entypo-fontello' title='' data-avia-related-tooltip='Compartir en Whatsapp' rel=\"noopener\"><span class='avia_hidden_link_text'>Compartir en Whatsapp<\/span><\/a><\/li><li class='av-share-link av-social-link-linkedin' ><a target=\"_blank\" aria-label=\"Compartir en LinkedIn\" href='https:\/\/linkedin.com\/shareArticle?mini=true&#038;title=Minvu%2C%20Municipio%20y%20vecinos%20celebraron%20llegada%20del%20programa%20%E2%80%9CQuiero%20Mi%20Barrio%E2%80%9D%20a%20Cochrane&#038;url=https:\/\/radiorevelacionfm.cl\/?p=16246' aria-hidden='false' data-av_icon='\ue8fc' data-av_iconfont='entypo-fontello' title='' data-avia-related-tooltip='Compartir en LinkedIn' rel=\"noopener\"><span class='avia_hidden_link_text'>Compartir en LinkedIn<\/span><\/a><\/li><li class='av-share-link av-social-link-mail' ><a  aria-label=\"Compartir por correo\" href='mailto:?subject=Minvu%2C%20Municipio%20y%20vecinos%20celebraron%20llegada%20del%20programa%20%E2%80%9CQuiero%20Mi%20Barrio%E2%80%9D%20a%20Cochrane&#038;body=https:\/\/radiorevelacionfm.cl\/?p=16246' aria-hidden='false' data-av_icon='\ue805' data-av_iconfont='entypo-fontello' title='' data-avia-related-tooltip='Compartir por correo'><span class='avia_hidden_link_text'>Compartir por correo<\/span><\/a><\/li><\/ul><\/div><\/div>\n<div  style='height:50px' class='hr hr-invisible   avia-builder-el-8  el_after_av_social_share  el_before_av_comments_list '><span class='hr-inner ' ><span class='hr-inner-style'><\/span><\/span><\/div>\n<div  class='av-buildercomment  av-blog-meta-html-info-disabled av-blog-meta-tag-disabled  '><\/div>\n","protected":false},"excerpt":{"rendered":"","protected":false},"author":1,"featured_media":0,"comment_status":"open","ping_status":"open","sticky":false,"template":"","format":"standard","meta":{"footnotes":""},"categories":[57],"tags":[],"class_list":["post-16246","post","type-post","status-publish","format-standard","hentry","category-vivienda"],"jetpack_featured_media_url":"","_links":{"self":[{"href":"https:\/\/radiorevelacionfm.cl\/index.php?rest_route=\/wp\/v2\/posts\/16246","targetHints":{"allow":["GET"]}}],"collection":[{"href":"https:\/\/radiorevelacionfm.cl\/index.php?rest_route=\/wp\/v2\/posts"}],"about":[{"href":"https:\/\/radiorevelacionfm.cl\/index.php?rest_route=\/wp\/v2\/types\/post"}],"author":[{"embeddable":true,"href":"https:\/\/radiorevelacionfm.cl\/index.php?rest_route=\/wp\/v2\/users\/1"}],"replies":[{"embeddable":true,"href":"https:\/\/radiorevelacionfm.cl\/index.php?rest_route=%2Fwp%2Fv2%2Fcomments&post=16246"}],"version-history":[{"count":2,"href":"https:\/\/radiorevelacionfm.cl\/index.php?rest_route=\/wp\/v2\/posts\/16246\/revisions"}],"predecessor-version":[{"id":16303,"href":"https:\/\/radiorevelacionfm.cl\/index.php?rest_route=\/wp\/v2\/posts\/16246\/revisions\/16303"}],"wp:attachment":[{"href":"https:\/\/radiorevelacionfm.cl\/index.php?rest_route=%2Fwp%2Fv2%2Fmedia&parent=16246"}],"wp:term":[{"taxonomy":"category","embeddable":true,"href":"https:\/\/radiorevelacionfm.cl\/index.php?rest_route=%2Fwp%2Fv2%2Fcategories&post=16246"},{"taxonomy":"post_tag","embeddable":true,"href":"https:\/\/radiorevelacionfm.cl\/index.php?rest_route=%2Fwp%2Fv2%2Ftags&post=16246"}],"curies":[{"name":"wp","href":"https:\/\/api.w.org\/{rel}","templated":true}]}}