{"id":16242,"date":"2022-04-27T16:03:03","date_gmt":"2022-04-27T19:03:03","guid":{"rendered":"https:\/\/radiorevelacionfm.cl\/?p=16242"},"modified":"2022-04-27T16:03:03","modified_gmt":"2022-04-27T19:03:03","slug":"tras-visitar-sector-rural-de-la-comuna-de-coyhaique-senador-sandoval-y-core-omar-munoz-coinciden-en-necesidad-de-avanzar-en-soluciones-de-conectividad-interna-en-distintas-zonas-de-la-region","status":"publish","type":"post","link":"https:\/\/radiorevelacionfm.cl\/?p=16242","title":{"rendered":"Tras visitar sector rural de la comuna de Coyhaique:  Senador Sandoval y CORE Omar Mu\u00f1oz coinciden en necesidad de avanzar en soluciones de conectividad interna en distintas zonas de la regi\u00f3n"},"content":{"rendered":"<div class=\"flex_column av_one_full  flex_column_div av-zero-column-padding first  avia-builder-el-0  el_before_av_one_full  avia-builder-el-first  \" style='border-radius:0px; '><div  class='avia-image-container  av-styling-    avia-builder-el-1  avia-builder-el-no-sibling  avia-align-center '  itemprop=\"image\" itemscope=\"itemscope\" itemtype=\"https:\/\/schema.org\/ImageObject\"  ><div class='avia-image-container-inner'><div class='avia-image-overlay-wrap'><img decoding=\"async\" class='wp-image-16243 avia-img-lazy-loading-not-16243 avia_image' src=\"https:\/\/radiorevelacionfm.cl\/wp-content\/uploads\/2022\/04\/SENADOR-SANDOVAL-JUNTO-A-OMAR-MUNOZ-1-1.jpeg\" alt='' title='SENADOR SANDOVAL JUNTO A OMAR MU\u00d1OZ (1) (1)' height=\"600\" width=\"791\"  itemprop=\"thumbnailUrl\" srcset=\"https:\/\/radiorevelacionfm.cl\/wp-content\/uploads\/2022\/04\/SENADOR-SANDOVAL-JUNTO-A-OMAR-MUNOZ-1-1.jpeg 791w, https:\/\/radiorevelacionfm.cl\/wp-content\/uploads\/2022\/04\/SENADOR-SANDOVAL-JUNTO-A-OMAR-MUNOZ-1-1-300x228.jpeg 300w, https:\/\/radiorevelacionfm.cl\/wp-content\/uploads\/2022\/04\/SENADOR-SANDOVAL-JUNTO-A-OMAR-MUNOZ-1-1-768x583.jpeg 768w, https:\/\/radiorevelacionfm.cl\/wp-content\/uploads\/2022\/04\/SENADOR-SANDOVAL-JUNTO-A-OMAR-MUNOZ-1-1-705x535.jpeg 705w, https:\/\/radiorevelacionfm.cl\/wp-content\/uploads\/2022\/04\/SENADOR-SANDOVAL-JUNTO-A-OMAR-MUNOZ-1-1-600x455.jpeg 600w\" sizes=\"(max-width: 791px) 100vw, 791px\" \/><\/div><\/div><\/div><\/div><div class=\"flex_column av_one_full  flex_column_div av-zero-column-padding first  avia-builder-el-2  el_after_av_one_full  el_before_av_one_full  column-top-margin\" style='border-radius:0px; '><section class=\"av_textblock_section \"  itemscope=\"itemscope\" itemtype=\"https:\/\/schema.org\/BlogPosting\" itemprop=\"blogPost\" ><div class='avia_textblock  '   itemprop=\"text\" ><p style=\"text-align: center;\"><span style=\"font-size: 18pt;\"><strong>Tras visitar sector rural de la comuna de Coyhaique: <\/strong><strong>Senador Sandoval y CORE Omar Mu\u00f1oz coinciden en necesidad de avanzar en soluciones de conectividad interna en distintas zonas de la regi\u00f3n<\/strong><\/span><\/p>\n<div id=\"gtx-trans\" style=\"position: absolute; left: -50px; top: 4.31534px;\">\n<div class=\"gtx-trans-icon\"><\/div>\n<\/div>\n<\/div><\/section><\/div><div class=\"flex_column av_one_full  flex_column_div av-zero-column-padding first  avia-builder-el-4  el_after_av_one_full  el_before_av_hr  column-top-margin\" style='border-radius:0px; '><section class=\"av_textblock_section \"  itemscope=\"itemscope\" itemtype=\"https:\/\/schema.org\/BlogPosting\" itemprop=\"blogPost\" ><div class='avia_textblock  '   itemprop=\"text\" ><p style=\"text-align: justify;\">Tras visitar el sector rural de la comuna de Coyhaique, espec\u00edficamente Villa \u00d1irehuao y Villa Ortega, el senador David Sandoval junto al consejero regional por la Provincia de Coyhaique, Omar Mu\u00f1oz, analizaron la situaci\u00f3n de conectividad en la zona, coincidiendo en la necesidad de poder resolver los temas de conectividad interna que existen en distintos puntos de la regi\u00f3n.<\/p>\n<p style=\"text-align: justify;\">Y esto, pues recordaron que la Carretera Austral es la ruta estructurante de la regi\u00f3n y por lo mismo, sus avances deber\u00edan ser asumidos como un compromiso y responsabilidad de Estado, con lo que la regi\u00f3n podr\u00eda destinar recursos para enfrentar y resolver distintos temas de conectividad en otras zonas. \u201cUna de las grandes tareas que tenemos en la regi\u00f3n es la conectividad, que est\u00e1 adquiriendo cada vez m\u00e1s significaci\u00f3n\u201d, se\u00f1al\u00f3 Sandoval.<\/p>\n<p style=\"text-align: justify;\">En ese sentido, el consejero Mu\u00f1oz, se\u00f1al\u00f3 que aparte del trabajo que pueda hacer el ministerio de Obras P\u00fablicas (MOP), por la ruta 7 y la estructura principal de la regi\u00f3n, tambi\u00e9n consider\u00f3 importante apoyar a los pobladores rurales, con los caminos transversales e incluso caminos intraprediales, para reforzar el trabajo que se est\u00e1 haciendo con el INDAP. \u201cAs\u00ed ir en apoyo de toda esta gente que desarrolla una actividad productiva en el sector rural\u201d, indic\u00f3.<\/p>\n<p style=\"text-align: justify;\">Para Sandoval el tema es relevante, toda vez que record\u00f3 que en la ruta 5, ning\u00fan gobierno regional del pa\u00eds, entre Arica y Los Lagos, destina un peso para ese camino. \u201cPor eso la idea de que la ruta 7 sea objeto de inversi\u00f3n del Estado, porque estamos hablando de hacer soberan\u00eda, de unir territorio\u201d, recalc\u00f3.<\/p>\n<p style=\"text-align: justify;\">\u201cAys\u00e9n, Palena y Magallanes es m\u00e1s de un tercio chile continental\u201d, record\u00f3, enfatizando que con un cambio de ese tipo se podr\u00eda \u201cliberar a la regi\u00f3n de su compromiso financiero, y dedicarse a mejorar los caminos transversales, entre otros\u201d.<\/p>\n<p style=\"text-align: justify;\">Mu\u00f1oz insisti\u00f3 que a\u00fan cuando el GORE ha apoyado al MOP, para agilizar y avanzar en los pavimentos de la ruta 7 sur, efectivamente tambi\u00e9n se requiere avanzar en una alternativa nueva. \u201cY as\u00ed tener m\u00e1s disponibilidad de apoyo para permitir que m\u00e1s valles productivos se inserten al desarrollo\u201d, puntualiz\u00f3.<\/p>\n<p style=\"text-align: justify;\">Por \u00faltimo, el parlamentario se\u00f1al\u00f3 que se trata de un gran desaf\u00edo, reiterando que la pavimentaci\u00f3n de la ruta 7 \u201ces fundamental para el desarrollo de la regi\u00f3n de Ays\u00e9n\u201d.<\/p>\n<p style=\"text-align: justify;\">Cabe se\u00f1alar que este mi\u00e9rcoles, el legislador se reuni\u00f3 con el seremi del MOP, Patricio Sanhueza, en un saludo protocolar en el que tambi\u00e9n se abordaron distintas iniciativas en materia de conectividad en la regi\u00f3n de Ays\u00e9n.<\/p>\n<\/div><\/section><\/div><div  style='height:50px' class='hr hr-invisible   avia-builder-el-6  el_after_av_one_full  el_before_av_social_share '><span class='hr-inner ' ><span class='hr-inner-style'><\/span><\/span><\/div><\/p>\n<div  class='av-social-sharing-box  avia-builder-el-7  el_after_av_hr  el_before_av_hr  '><div class='av-share-box'><h5 class='av-share-link-description av-no-toc '>Compartir esta noticia<\/h5><ul class='av-share-box-list noLightbox'><li class='av-share-link av-social-link-facebook' ><a target=\"_blank\" aria-label=\"Compartir en Facebook\" href='https:\/\/www.facebook.com\/sharer.php?u=https:\/\/radiorevelacionfm.cl\/?p=16242&#038;t=Tras%20visitar%20sector%20rural%20de%20la%20comuna%20de%20Coyhaique%3A%20%20Senador%20Sandoval%20y%20CORE%20Omar%20Mu%C3%B1oz%20coinciden%20en%20necesidad%20de%20avanzar%20en%20soluciones%20de%20conectividad%20interna%20en%20distintas%20zonas%20de%20la%20regi%C3%B3n' aria-hidden='false' data-av_icon='\ue8f3' data-av_iconfont='entypo-fontello' title='' data-avia-related-tooltip='Compartir en Facebook' rel=\"noopener\"><span class='avia_hidden_link_text'>Compartir en Facebook<\/span><\/a><\/li><li class='av-share-link av-social-link-twitter' ><a target=\"_blank\" aria-label=\"Compartir en Twitter\" href='https:\/\/twitter.com\/share?text=Tras%20visitar%20sector%20rural%20de%20la%20comuna%20de%20Coyhaique%3A%20%20Senador%20Sandoval%20y%20CORE%20Omar%20Mu%C3%B1oz%20coinciden%20en%20necesidad%20de%20avanzar%20en%20soluciones%20de%20conectividad%20interna%20en%20distintas%20zonas%20de%20la%20regi%C3%B3n&#038;url=https:\/\/radiorevelacionfm.cl\/?p=16242' aria-hidden='false' data-av_icon='\ue8f1' data-av_iconfont='entypo-fontello' title='' data-avia-related-tooltip='Compartir en Twitter' rel=\"noopener\"><span class='avia_hidden_link_text'>Compartir en Twitter<\/span><\/a><\/li><li class='av-share-link av-social-link-whatsapp' ><a target=\"_blank\" aria-label=\"Compartir en Whatsapp\" href='https:\/\/api.whatsapp.com\/send?text=https:\/\/radiorevelacionfm.cl\/?p=16242' aria-hidden='false' data-av_icon='\uf232' data-av_iconfont='entypo-fontello' title='' data-avia-related-tooltip='Compartir en Whatsapp' rel=\"noopener\"><span class='avia_hidden_link_text'>Compartir en Whatsapp<\/span><\/a><\/li><li class='av-share-link av-social-link-linkedin' ><a target=\"_blank\" aria-label=\"Compartir en LinkedIn\" href='https:\/\/linkedin.com\/shareArticle?mini=true&#038;title=Tras%20visitar%20sector%20rural%20de%20la%20comuna%20de%20Coyhaique%3A%20%20Senador%20Sandoval%20y%20CORE%20Omar%20Mu%C3%B1oz%20coinciden%20en%20necesidad%20de%20avanzar%20en%20soluciones%20de%20conectividad%20interna%20en%20distintas%20zonas%20de%20la%20regi%C3%B3n&#038;url=https:\/\/radiorevelacionfm.cl\/?p=16242' aria-hidden='false' data-av_icon='\ue8fc' data-av_iconfont='entypo-fontello' title='' data-avia-related-tooltip='Compartir en LinkedIn' rel=\"noopener\"><span class='avia_hidden_link_text'>Compartir en LinkedIn<\/span><\/a><\/li><li class='av-share-link av-social-link-mail' ><a  aria-label=\"Compartir por correo\" href='mailto:?subject=Tras%20visitar%20sector%20rural%20de%20la%20comuna%20de%20Coyhaique%3A%20%20Senador%20Sandoval%20y%20CORE%20Omar%20Mu%C3%B1oz%20coinciden%20en%20necesidad%20de%20avanzar%20en%20soluciones%20de%20conectividad%20interna%20en%20distintas%20zonas%20de%20la%20regi%C3%B3n&#038;body=https:\/\/radiorevelacionfm.cl\/?p=16242' aria-hidden='false' data-av_icon='\ue805' data-av_iconfont='entypo-fontello' title='' data-avia-related-tooltip='Compartir por correo'><span class='avia_hidden_link_text'>Compartir por correo<\/span><\/a><\/li><\/ul><\/div><\/div>\n<div  style='height:50px' class='hr hr-invisible   avia-builder-el-8  el_after_av_social_share  el_before_av_comments_list '><span class='hr-inner ' ><span class='hr-inner-style'><\/span><\/span><\/div>\n<div  class='av-buildercomment  av-blog-meta-html-info-disabled av-blog-meta-tag-disabled  '><\/div>\n","protected":false},"excerpt":{"rendered":"","protected":false},"author":1,"featured_media":16243,"comment_status":"open","ping_status":"open","sticky":false,"template":"","format":"standard","meta":{"footnotes":""},"categories":[35,38],"tags":[],"class_list":["post-16242","post","type-post","status-publish","format-standard","has-post-thumbnail","hentry","category-politica","category-regional"],"jetpack_featured_media_url":"https:\/\/radiorevelacionfm.cl\/wp-content\/uploads\/2022\/04\/SENADOR-SANDOVAL-JUNTO-A-OMAR-MUNOZ-1-1.jpeg","_links":{"self":[{"href":"https:\/\/radiorevelacionfm.cl\/index.php?rest_route=\/wp\/v2\/posts\/16242","targetHints":{"allow":["GET"]}}],"collection":[{"href":"https:\/\/radiorevelacionfm.cl\/index.php?rest_route=\/wp\/v2\/posts"}],"about":[{"href":"https:\/\/radiorevelacionfm.cl\/index.php?rest_route=\/wp\/v2\/types\/post"}],"author":[{"embeddable":true,"href":"https:\/\/radiorevelacionfm.cl\/index.php?rest_route=\/wp\/v2\/users\/1"}],"replies":[{"embeddable":true,"href":"https:\/\/radiorevelacionfm.cl\/index.php?rest_route=%2Fwp%2Fv2%2Fcomments&post=16242"}],"version-history":[{"count":2,"href":"https:\/\/radiorevelacionfm.cl\/index.php?rest_route=\/wp\/v2\/posts\/16242\/revisions"}],"predecessor-version":[{"id":16245,"href":"https:\/\/radiorevelacionfm.cl\/index.php?rest_route=\/wp\/v2\/posts\/16242\/revisions\/16245"}],"wp:featuredmedia":[{"embeddable":true,"href":"https:\/\/radiorevelacionfm.cl\/index.php?rest_route=\/wp\/v2\/media\/16243"}],"wp:attachment":[{"href":"https:\/\/radiorevelacionfm.cl\/index.php?rest_route=%2Fwp%2Fv2%2Fmedia&parent=16242"}],"wp:term":[{"taxonomy":"category","embeddable":true,"href":"https:\/\/radiorevelacionfm.cl\/index.php?rest_route=%2Fwp%2Fv2%2Fcategories&post=16242"},{"taxonomy":"post_tag","embeddable":true,"href":"https:\/\/radiorevelacionfm.cl\/index.php?rest_route=%2Fwp%2Fv2%2Ftags&post=16242"}],"curies":[{"name":"wp","href":"https:\/\/api.w.org\/{rel}","templated":true}]}}