{"id":16235,"date":"2022-04-27T14:19:33","date_gmt":"2022-04-27T17:19:33","guid":{"rendered":"https:\/\/radiorevelacionfm.cl\/?p=16235"},"modified":"2022-04-27T14:19:33","modified_gmt":"2022-04-27T17:19:33","slug":"trabajadores-y-proveedores-de-faenas-invitan-al-diputado-rene-alinco-a-reunion-en-la-que-denuncian-nuevamente-a-empresa-santa-fe-por-sueldos-finiquitos-y-facturas-impagas","status":"publish","type":"post","link":"https:\/\/radiorevelacionfm.cl\/?p=16235","title":{"rendered":"Trabajadores y proveedores de faenas invitan al Diputado Ren\u00e9 Alinco a reuni\u00f3n en la que denuncian nuevamente a empresa Santa Fe por sueldos, finiquitos y facturas impagas"},"content":{"rendered":"<div class=\"flex_column av_one_full  flex_column_div av-zero-column-padding first  avia-builder-el-0  el_before_av_one_full  avia-builder-el-first  \" style='border-radius:0px; '><div  class='avia-image-container  av-styling-    avia-builder-el-1  avia-builder-el-no-sibling  avia-align-center '  itemprop=\"image\" itemscope=\"itemscope\" itemtype=\"https:\/\/schema.org\/ImageObject\"  ><div class='avia-image-container-inner'><div class='avia-image-overlay-wrap'><img decoding=\"async\" class='wp-image-16236 avia-img-lazy-loading-not-16236 avia_image' src=\"https:\/\/radiorevelacionfm.cl\/wp-content\/uploads\/2022\/04\/Diputado-Alinco-14-09a-1-1.jpg\" alt='' title='Diputado Alinco 14-09a (1) (1)' height=\"600\" width=\"796\"  itemprop=\"thumbnailUrl\" srcset=\"https:\/\/radiorevelacionfm.cl\/wp-content\/uploads\/2022\/04\/Diputado-Alinco-14-09a-1-1.jpg 796w, https:\/\/radiorevelacionfm.cl\/wp-content\/uploads\/2022\/04\/Diputado-Alinco-14-09a-1-1-300x226.jpg 300w, https:\/\/radiorevelacionfm.cl\/wp-content\/uploads\/2022\/04\/Diputado-Alinco-14-09a-1-1-768x579.jpg 768w, https:\/\/radiorevelacionfm.cl\/wp-content\/uploads\/2022\/04\/Diputado-Alinco-14-09a-1-1-705x531.jpg 705w, https:\/\/radiorevelacionfm.cl\/wp-content\/uploads\/2022\/04\/Diputado-Alinco-14-09a-1-1-600x452.jpg 600w\" sizes=\"(max-width: 796px) 100vw, 796px\" \/><\/div><\/div><\/div><\/div><div class=\"flex_column av_one_full  flex_column_div av-zero-column-padding first  avia-builder-el-2  el_after_av_one_full  el_before_av_one_full  column-top-margin\" style='border-radius:0px; '><section class=\"av_textblock_section \"  itemscope=\"itemscope\" itemtype=\"https:\/\/schema.org\/BlogPosting\" itemprop=\"blogPost\" ><div class='avia_textblock  '   itemprop=\"text\" ><p style=\"text-align: center;\"><span style=\"font-size: 18pt;\"><strong>Trabajadores y proveedores de faenas invitan al Diputado Ren\u00e9 Alinco a reuni\u00f3n en la que denuncian nuevamente a empresa Santa Fe por sueldos, finiquitos y facturas impagas<\/strong><\/span><\/p>\n<div id=\"gtx-trans\" style=\"position: absolute; left: -50px; top: 4.31534px;\">\n<div class=\"gtx-trans-icon\"><\/div>\n<\/div>\n<\/div><\/section><\/div><div class=\"flex_column av_one_full  flex_column_div av-zero-column-padding first  avia-builder-el-4  el_after_av_one_full  el_before_av_hr  column-top-margin\" style='border-radius:0px; '><section class=\"av_textblock_section \"  itemscope=\"itemscope\" itemtype=\"https:\/\/schema.org\/BlogPosting\" itemprop=\"blogPost\" ><div class='avia_textblock  '   itemprop=\"text\" ><p style=\"text-align: justify;\">En la localidad de Puyuhuapi, perteneciente a la comuna de Cisnes, se desarroll\u00f3 una importante reuni\u00f3n durante la tarde del martes la que fue encabezada por trabajadores abandonados econ\u00f3micamente por la empresa Santa Fe, que pr\u00e1cticamente se fue de la regi\u00f3n perjudicando las obras del importante tramo de la ruta 7 norte. A la instancia fue invitado el diputado Ren\u00e9 Alinco Bustos y la concejala del sector, Almendra Silva, quienes escucharon con atenci\u00f3n la preocupaci\u00f3n de los trabajadores y prestadores de servicios quienes hasta el d\u00eda de hoy no reciben remuneraciones, finiquitos y pago de facturas por parte de la empresa nacional.<\/p>\n<p style=\"text-align: justify;\">En promedio m\u00e1s de dos meses de sueldos y finiquitos impagos es lo que denunci\u00f3 Marcelo Pedrero, extrabajador de las faenas de la mal llamada empresa \u201cSanta Fe\u201d que dej\u00f3 millones de pesos en deudas y suma preocupaci\u00f3n en quienes confiaron en los contratos firmados entre ambas partes. \u201cYo empec\u00e9 todo esto porque convers\u00e9 con compa\u00f1eros de trabajo, algunos del norte quienes est\u00e1n viviendo de allegados en algunas casas porque no les cancelaron ni si quiera los pasajes y est\u00e1n esperando que les paguen para que se puedan ir a Chill\u00e1n y distintas partes de Chile con sus familias. Me preocup\u00e9 no solo por m\u00ed, sino que tambi\u00e9n por todos quienes est\u00e1n padeciendo con esto, es por eso que solicit\u00e9 ayuda del diputado (Alinco) y la concejala (Silva) y esperamos que esto se pueda solucionar y llegar a buen punto para todos porque como se dice, la uni\u00f3n hace la fuerza\u201d, expres\u00f3 Pedrero quien se desempe\u00f1\u00f3 como top\u00f3grafo en la obra, recalcando adem\u00e1s que la empresa solo ha entregado un \u201cparacetamol\u201d a quienes decidieron tomarse la ruta en dos oportunidades, m\u00e1s no es el total de trabajadores y las deudas siguen impagas.<\/p>\n<p style=\"text-align: justify;\">Tras la reuni\u00f3n, el parlamentario aysenino se manifest\u00f3 indignado pues \u201cno es la primera vez que pasa esto en la regi\u00f3n, hay otras empresas que tambi\u00e9n han dejado todo abandonado y con deudas. Hay pymes que han quebrado por esta situaci\u00f3n y aqu\u00ed la empresa Santa Fe no les cancela a los trabajadores y mucho menos a proveedores. Lo que se acord\u00f3 es invitar a las m\u00e1ximas autoridades, empezando por el seremi del MOP, del Trabajo, director de Validad, parlamentarios, concejo municipal de Cisnes, Cores de la provincia y la se\u00f1ora gobernadora porque aqu\u00ed hay fondos regionales y creo que la soluci\u00f3n no tiene que ir a Santiago, sino que est\u00e1 aqu\u00ed\u201d, coment\u00f3 Ren\u00e9 Alinco, agregando una invitaci\u00f3n a los dem\u00e1s trabajadores y prestadores de servicios tanto de hospedaje, alimento y maquinarias, \u201ca que no tengan temor porque la unidad hace la fuerza y lo importante es hacer una sola petici\u00f3n para que nadie quede fuera. Esto es el trabajo de la gente, no est\u00e1n pidiendo un vale ni una canasta, sino que se les cancele su trabajo y a los proveedores, el servicio que prestaron\u201d.<\/p>\n<p style=\"text-align: justify;\">Por parte de los prestadores de servicios, don Luis Fuentes sostuvo \u201cbien no estoy porque nosotros por Ley no estamos respaldados, me deben como dos facturas y tenemos que pagar IVA, gente y tenemos que suplirlo nosotros mismos y tenemos que buscar y conseguir para cubrir esa parte. El Estado no te perdona y tienes que desembolsar y da lo mismo de donde uno saque la plata\u201d, reclam\u00f3 entregando todo su apoyo a los m\u00e1s de cincuenta trabajadores que sufren d\u00eda a d\u00eda sin ingreso econ\u00f3mico en sus hogares. \u201cAlgo se tiene que hacer porque esto no es la primera vez que pasa\u201d, finaliz\u00f3.<\/p>\n<p style=\"text-align: justify;\">\u201cMe sumo al llamado de los trabajadores, prestadores de servicio a una reuni\u00f3n en Puyuhuapi con las autoridades para hablar de forma clara, responsable y de frente a la comunidad sobre la situaci\u00f3n que estamos viviendo, porque hasta el momento hay mucha preocupaci\u00f3n, porque son dos meses los que se deben y se acerca el 1 de mayo, d\u00eda internacional del trabajador y esta situaci\u00f3n los afecta\u201d, se\u00f1al\u00f3 por su parte la concejala y vecina de Puyuhuapi, Almendra Silva.<\/p>\n<p style=\"text-align: justify;\">Como paso siguiente, los trabajadores solicitaron gestiones al parlamentario para poder agilizar una reuni\u00f3n que ser\u00e1 convocada por ellos durante los pr\u00f3ximos d\u00edas a realizarse en la localidad de Puyuhuapi para contar con informaci\u00f3n oficial sobre qu\u00e9 pasar\u00e1 con el monto que Santa Fe les adeuda.<\/p>\n<\/div><\/section><\/div><div  style='height:50px' class='hr hr-invisible   avia-builder-el-6  el_after_av_one_full  el_before_av_social_share '><span class='hr-inner ' ><span class='hr-inner-style'><\/span><\/span><\/div><\/p>\n<div  class='av-social-sharing-box  avia-builder-el-7  el_after_av_hr  el_before_av_hr  '><div class='av-share-box'><h5 class='av-share-link-description av-no-toc '>Compartir esta noticia<\/h5><ul class='av-share-box-list noLightbox'><li class='av-share-link av-social-link-facebook' ><a target=\"_blank\" aria-label=\"Compartir en Facebook\" href='https:\/\/www.facebook.com\/sharer.php?u=https:\/\/radiorevelacionfm.cl\/?p=16235&#038;t=Trabajadores%20y%20proveedores%20de%20faenas%20invitan%20al%20Diputado%20Ren%C3%A9%20Alinco%20a%20reuni%C3%B3n%20en%20la%20que%20denuncian%20nuevamente%20a%20empresa%20Santa%20Fe%20por%20sueldos%2C%20finiquitos%20y%20facturas%20impagas' aria-hidden='false' data-av_icon='\ue8f3' data-av_iconfont='entypo-fontello' title='' data-avia-related-tooltip='Compartir en Facebook' rel=\"noopener\"><span class='avia_hidden_link_text'>Compartir en Facebook<\/span><\/a><\/li><li class='av-share-link av-social-link-twitter' ><a target=\"_blank\" aria-label=\"Compartir en Twitter\" href='https:\/\/twitter.com\/share?text=Trabajadores%20y%20proveedores%20de%20faenas%20invitan%20al%20Diputado%20Ren%C3%A9%20Alinco%20a%20reuni%C3%B3n%20en%20la%20que%20denuncian%20nuevamente%20a%20empresa%20Santa%20Fe%20por%20sueldos%2C%20finiquitos%20y%20facturas%20impagas&#038;url=https:\/\/radiorevelacionfm.cl\/?p=16235' aria-hidden='false' data-av_icon='\ue8f1' data-av_iconfont='entypo-fontello' title='' data-avia-related-tooltip='Compartir en Twitter' rel=\"noopener\"><span class='avia_hidden_link_text'>Compartir en Twitter<\/span><\/a><\/li><li class='av-share-link av-social-link-whatsapp' ><a target=\"_blank\" aria-label=\"Compartir en Whatsapp\" href='https:\/\/api.whatsapp.com\/send?text=https:\/\/radiorevelacionfm.cl\/?p=16235' aria-hidden='false' data-av_icon='\uf232' data-av_iconfont='entypo-fontello' title='' data-avia-related-tooltip='Compartir en Whatsapp' rel=\"noopener\"><span class='avia_hidden_link_text'>Compartir en Whatsapp<\/span><\/a><\/li><li class='av-share-link av-social-link-linkedin' ><a target=\"_blank\" aria-label=\"Compartir en LinkedIn\" href='https:\/\/linkedin.com\/shareArticle?mini=true&#038;title=Trabajadores%20y%20proveedores%20de%20faenas%20invitan%20al%20Diputado%20Ren%C3%A9%20Alinco%20a%20reuni%C3%B3n%20en%20la%20que%20denuncian%20nuevamente%20a%20empresa%20Santa%20Fe%20por%20sueldos%2C%20finiquitos%20y%20facturas%20impagas&#038;url=https:\/\/radiorevelacionfm.cl\/?p=16235' aria-hidden='false' data-av_icon='\ue8fc' data-av_iconfont='entypo-fontello' title='' data-avia-related-tooltip='Compartir en LinkedIn' rel=\"noopener\"><span class='avia_hidden_link_text'>Compartir en LinkedIn<\/span><\/a><\/li><li class='av-share-link av-social-link-mail' ><a  aria-label=\"Compartir por correo\" href='mailto:?subject=Trabajadores%20y%20proveedores%20de%20faenas%20invitan%20al%20Diputado%20Ren%C3%A9%20Alinco%20a%20reuni%C3%B3n%20en%20la%20que%20denuncian%20nuevamente%20a%20empresa%20Santa%20Fe%20por%20sueldos%2C%20finiquitos%20y%20facturas%20impagas&#038;body=https:\/\/radiorevelacionfm.cl\/?p=16235' aria-hidden='false' data-av_icon='\ue805' data-av_iconfont='entypo-fontello' title='' data-avia-related-tooltip='Compartir por correo'><span class='avia_hidden_link_text'>Compartir por correo<\/span><\/a><\/li><\/ul><\/div><\/div>\n<div  style='height:50px' class='hr hr-invisible   avia-builder-el-8  el_after_av_social_share  el_before_av_comments_list '><span class='hr-inner ' ><span class='hr-inner-style'><\/span><\/span><\/div>\n<div  class='av-buildercomment  av-blog-meta-html-info-disabled av-blog-meta-tag-disabled  '><\/div>\n","protected":false},"excerpt":{"rendered":"","protected":false},"author":1,"featured_media":16236,"comment_status":"open","ping_status":"open","sticky":false,"template":"","format":"standard","meta":{"footnotes":""},"categories":[35],"tags":[],"class_list":["post-16235","post","type-post","status-publish","format-standard","has-post-thumbnail","hentry","category-politica"],"jetpack_featured_media_url":"https:\/\/radiorevelacionfm.cl\/wp-content\/uploads\/2022\/04\/Diputado-Alinco-14-09a-1-1.jpg","_links":{"self":[{"href":"https:\/\/radiorevelacionfm.cl\/index.php?rest_route=\/wp\/v2\/posts\/16235","targetHints":{"allow":["GET"]}}],"collection":[{"href":"https:\/\/radiorevelacionfm.cl\/index.php?rest_route=\/wp\/v2\/posts"}],"about":[{"href":"https:\/\/radiorevelacionfm.cl\/index.php?rest_route=\/wp\/v2\/types\/post"}],"author":[{"embeddable":true,"href":"https:\/\/radiorevelacionfm.cl\/index.php?rest_route=\/wp\/v2\/users\/1"}],"replies":[{"embeddable":true,"href":"https:\/\/radiorevelacionfm.cl\/index.php?rest_route=%2Fwp%2Fv2%2Fcomments&post=16235"}],"version-history":[{"count":2,"href":"https:\/\/radiorevelacionfm.cl\/index.php?rest_route=\/wp\/v2\/posts\/16235\/revisions"}],"predecessor-version":[{"id":16238,"href":"https:\/\/radiorevelacionfm.cl\/index.php?rest_route=\/wp\/v2\/posts\/16235\/revisions\/16238"}],"wp:featuredmedia":[{"embeddable":true,"href":"https:\/\/radiorevelacionfm.cl\/index.php?rest_route=\/wp\/v2\/media\/16236"}],"wp:attachment":[{"href":"https:\/\/radiorevelacionfm.cl\/index.php?rest_route=%2Fwp%2Fv2%2Fmedia&parent=16235"}],"wp:term":[{"taxonomy":"category","embeddable":true,"href":"https:\/\/radiorevelacionfm.cl\/index.php?rest_route=%2Fwp%2Fv2%2Fcategories&post=16235"},{"taxonomy":"post_tag","embeddable":true,"href":"https:\/\/radiorevelacionfm.cl\/index.php?rest_route=%2Fwp%2Fv2%2Ftags&post=16235"}],"curies":[{"name":"wp","href":"https:\/\/api.w.org\/{rel}","templated":true}]}}