{"id":16229,"date":"2022-04-27T12:55:56","date_gmt":"2022-04-27T15:55:56","guid":{"rendered":"https:\/\/radiorevelacionfm.cl\/?p=16229"},"modified":"2022-04-27T12:55:56","modified_gmt":"2022-04-27T15:55:56","slug":"isabel-garrido-participo-en-primer-encuentro-nacional-de-seremis-de-educacion","status":"publish","type":"post","link":"https:\/\/radiorevelacionfm.cl\/?p=16229","title":{"rendered":"Isabel Garrido particip\u00f3 en primer encuentro nacional de  seremis de Educaci\u00f3n"},"content":{"rendered":"<div class=\"flex_column av_one_full  flex_column_div av-zero-column-padding first  avia-builder-el-0  el_before_av_one_full  avia-builder-el-first  \" style='border-radius:0px; '><div  class='avia-image-container  av-styling-    avia-builder-el-1  avia-builder-el-no-sibling  avia-align-center '  itemprop=\"image\" itemscope=\"itemscope\" itemtype=\"https:\/\/schema.org\/ImageObject\"  ><div class='avia-image-container-inner'><div class='avia-image-overlay-wrap'><img decoding=\"async\" class='wp-image-16230 avia-img-lazy-loading-not-16230 avia_image' src=\"https:\/\/radiorevelacionfm.cl\/wp-content\/uploads\/2022\/04\/encuentro-seremis1-1-1.jpg\" alt='' title='encuentro seremis1 (1) (1)' height=\"600\" width=\"1080\"  itemprop=\"thumbnailUrl\" srcset=\"https:\/\/radiorevelacionfm.cl\/wp-content\/uploads\/2022\/04\/encuentro-seremis1-1-1.jpg 1080w, https:\/\/radiorevelacionfm.cl\/wp-content\/uploads\/2022\/04\/encuentro-seremis1-1-1-300x167.jpg 300w, https:\/\/radiorevelacionfm.cl\/wp-content\/uploads\/2022\/04\/encuentro-seremis1-1-1-1030x572.jpg 1030w, https:\/\/radiorevelacionfm.cl\/wp-content\/uploads\/2022\/04\/encuentro-seremis1-1-1-768x427.jpg 768w, https:\/\/radiorevelacionfm.cl\/wp-content\/uploads\/2022\/04\/encuentro-seremis1-1-1-705x392.jpg 705w, https:\/\/radiorevelacionfm.cl\/wp-content\/uploads\/2022\/04\/encuentro-seremis1-1-1-600x333.jpg 600w\" sizes=\"(max-width: 1080px) 100vw, 1080px\" \/><\/div><\/div><\/div><\/div><div class=\"flex_column av_one_full  flex_column_div av-zero-column-padding first  avia-builder-el-2  el_after_av_one_full  el_before_av_one_full  column-top-margin\" style='border-radius:0px; '><section class=\"av_textblock_section \"  itemscope=\"itemscope\" itemtype=\"https:\/\/schema.org\/BlogPosting\" itemprop=\"blogPost\" ><div class='avia_textblock  '   itemprop=\"text\" ><p style=\"text-align: center;\"><span style=\"font-size: 18pt;\"><b><span lang=\"ES\">Isabel Garrido particip\u00f3 en primer encuentro nacional de\u00a0 seremis de Educaci\u00f3n<\/span><\/b><\/span><\/p>\n<div id=\"gtx-trans\" style=\"position: absolute; left: -50px; top: 4.31534px;\">\n<div class=\"gtx-trans-icon\"><\/div>\n<\/div>\n<\/div><\/section><\/div><div class=\"flex_column av_one_full  flex_column_div av-zero-column-padding first  avia-builder-el-4  el_after_av_one_full  el_before_av_hr  column-top-margin\" style='border-radius:0px; '><section class=\"av_textblock_section \"  itemscope=\"itemscope\" itemtype=\"https:\/\/schema.org\/BlogPosting\" itemprop=\"blogPost\" ><div class='avia_textblock  '   itemprop=\"text\" ><p class=\"v1MsoNormal\" style=\"text-align: justify;\"><span lang=\"ES\">El d\u00eda jueves 21 y viernes 22 de abril se realiz\u00f3 en Santiago la primera jornada nacional de las secretar\u00edas regionales ministeriales de Educaci\u00f3n, encuentro convocado por el Ministro Marco Antonio Avila y que cont\u00f3 con la presencia del Subsecretario de Educaci\u00f3n Nicol\u00e1s Cataldo, la Subsecretaria de Educaci\u00f3n Parvularia Isabel D\u00edaz y la Subsecretar\u00eda de Educaci\u00f3n Superior Ver\u00f3nica Figueroa.<\/span><\/p>\n<p class=\"v1MsoNormal\" style=\"text-align: justify;\"><span lang=\"ES\">\u00a0<\/span><span lang=\"ES\">El objetivo de esta primera jornada fue que las\/los SEREMI se interiorizaran con las funciones y elementos relevantes de cada divisi\u00f3n e instituci\u00f3n dependiente de la Subsecretar\u00eda de Educaci\u00f3n, en concordancia con los lineamientos estrat\u00e9gicos del programa de gobierno del Presidente Gabriel Boric. Adem\u00e1s de facilitarles herramientas para la implementaci\u00f3n de las prioridades estrat\u00e9gicas.<\/span><\/p>\n<p class=\"v1MsoNormal\" style=\"text-align: justify;\"><span lang=\"ES\">\u00a0<\/span><span lang=\"ES\">Los participantes destacaron el trabajo colectivo que se gener\u00f3 en esta instancia, particularmente recogiendo la experiencia regional de cada una\/o de los seremis para la implementaci\u00f3n de pol\u00edticas p\u00fablicas en educaci\u00f3n.<\/span><\/p>\n<p class=\"v1MsoNormal\" style=\"text-align: justify;\"><span lang=\"ES\">\u00a0<\/span><span lang=\"ES\">En esa l\u00ednea, la Seremi de Educaci\u00f3n de Ays\u00e9n Isabel Garrido Casassa valor\u00f3 esta instancia, destacando que \u201c<\/span>El espacio nos permiti\u00f3 empaparnos del plan de acci\u00f3n a seguir durante los pr\u00f3ximos meses, as\u00ed como las prioridades de pol\u00edtica educativa de m\u00e1s largo plazo. Nos fuimos con mandatos muy potentes de parte del Ministro Marco \u00c1vila y el subsecretario Nicol\u00e1s Cataldo, que en nuestra regi\u00f3n toman especial importancia: fortalecer la Educaci\u00f3n P\u00fablica, garantizar del derecho de los ni\u00f1os y ni\u00f1as en zonas aisladas y rurales; impulsar la igualdad de g\u00e9nero en educaci\u00f3n, clave en nuestro territorio que ha visto graves casos de violencia sexista y articular un reencuentro educativo pensado desde el bienestar de las comunidades, entre otros temas estrat\u00e9gicos\u201d.<\/p>\n<\/div><\/section><\/div><div  style='height:50px' class='hr hr-invisible   avia-builder-el-6  el_after_av_one_full  el_before_av_social_share '><span class='hr-inner ' ><span class='hr-inner-style'><\/span><\/span><\/div><\/p>\n<div  class='av-social-sharing-box  avia-builder-el-7  el_after_av_hr  el_before_av_hr  '><div class='av-share-box'><h5 class='av-share-link-description av-no-toc '>Compartir esta noticia<\/h5><ul class='av-share-box-list noLightbox'><li class='av-share-link av-social-link-facebook' ><a target=\"_blank\" aria-label=\"Compartir en Facebook\" href='https:\/\/www.facebook.com\/sharer.php?u=https:\/\/radiorevelacionfm.cl\/?p=16229&#038;t=Isabel%20Garrido%20particip%C3%B3%20en%20primer%20encuentro%20nacional%20de%20%20seremis%20de%20Educaci%C3%B3n' aria-hidden='false' data-av_icon='\ue8f3' data-av_iconfont='entypo-fontello' title='' data-avia-related-tooltip='Compartir en Facebook' rel=\"noopener\"><span class='avia_hidden_link_text'>Compartir en Facebook<\/span><\/a><\/li><li class='av-share-link av-social-link-twitter' ><a target=\"_blank\" aria-label=\"Compartir en Twitter\" href='https:\/\/twitter.com\/share?text=Isabel%20Garrido%20particip%C3%B3%20en%20primer%20encuentro%20nacional%20de%20%20seremis%20de%20Educaci%C3%B3n&#038;url=https:\/\/radiorevelacionfm.cl\/?p=16229' aria-hidden='false' data-av_icon='\ue8f1' data-av_iconfont='entypo-fontello' title='' data-avia-related-tooltip='Compartir en Twitter' rel=\"noopener\"><span class='avia_hidden_link_text'>Compartir en Twitter<\/span><\/a><\/li><li class='av-share-link av-social-link-whatsapp' ><a target=\"_blank\" aria-label=\"Compartir en Whatsapp\" href='https:\/\/api.whatsapp.com\/send?text=https:\/\/radiorevelacionfm.cl\/?p=16229' aria-hidden='false' data-av_icon='\uf232' data-av_iconfont='entypo-fontello' title='' data-avia-related-tooltip='Compartir en Whatsapp' rel=\"noopener\"><span class='avia_hidden_link_text'>Compartir en Whatsapp<\/span><\/a><\/li><li class='av-share-link av-social-link-linkedin' ><a target=\"_blank\" aria-label=\"Compartir en LinkedIn\" href='https:\/\/linkedin.com\/shareArticle?mini=true&#038;title=Isabel%20Garrido%20particip%C3%B3%20en%20primer%20encuentro%20nacional%20de%20%20seremis%20de%20Educaci%C3%B3n&#038;url=https:\/\/radiorevelacionfm.cl\/?p=16229' aria-hidden='false' data-av_icon='\ue8fc' data-av_iconfont='entypo-fontello' title='' data-avia-related-tooltip='Compartir en LinkedIn' rel=\"noopener\"><span class='avia_hidden_link_text'>Compartir en LinkedIn<\/span><\/a><\/li><li class='av-share-link av-social-link-mail' ><a  aria-label=\"Compartir por correo\" href='mailto:?subject=Isabel%20Garrido%20particip%C3%B3%20en%20primer%20encuentro%20nacional%20de%20%20seremis%20de%20Educaci%C3%B3n&#038;body=https:\/\/radiorevelacionfm.cl\/?p=16229' aria-hidden='false' data-av_icon='\ue805' data-av_iconfont='entypo-fontello' title='' data-avia-related-tooltip='Compartir por correo'><span class='avia_hidden_link_text'>Compartir por correo<\/span><\/a><\/li><\/ul><\/div><\/div>\n<div  style='height:50px' class='hr hr-invisible   avia-builder-el-8  el_after_av_social_share  el_before_av_comments_list '><span class='hr-inner ' ><span class='hr-inner-style'><\/span><\/span><\/div>\n<div  class='av-buildercomment  av-blog-meta-html-info-disabled av-blog-meta-tag-disabled  '><\/div>\n","protected":false},"excerpt":{"rendered":"","protected":false},"author":1,"featured_media":16230,"comment_status":"open","ping_status":"open","sticky":false,"template":"","format":"standard","meta":{"footnotes":""},"categories":[49],"tags":[],"class_list":["post-16229","post","type-post","status-publish","format-standard","has-post-thumbnail","hentry","category-educacion"],"jetpack_featured_media_url":"https:\/\/radiorevelacionfm.cl\/wp-content\/uploads\/2022\/04\/encuentro-seremis1-1-1.jpg","_links":{"self":[{"href":"https:\/\/radiorevelacionfm.cl\/index.php?rest_route=\/wp\/v2\/posts\/16229","targetHints":{"allow":["GET"]}}],"collection":[{"href":"https:\/\/radiorevelacionfm.cl\/index.php?rest_route=\/wp\/v2\/posts"}],"about":[{"href":"https:\/\/radiorevelacionfm.cl\/index.php?rest_route=\/wp\/v2\/types\/post"}],"author":[{"embeddable":true,"href":"https:\/\/radiorevelacionfm.cl\/index.php?rest_route=\/wp\/v2\/users\/1"}],"replies":[{"embeddable":true,"href":"https:\/\/radiorevelacionfm.cl\/index.php?rest_route=%2Fwp%2Fv2%2Fcomments&post=16229"}],"version-history":[{"count":2,"href":"https:\/\/radiorevelacionfm.cl\/index.php?rest_route=\/wp\/v2\/posts\/16229\/revisions"}],"predecessor-version":[{"id":16234,"href":"https:\/\/radiorevelacionfm.cl\/index.php?rest_route=\/wp\/v2\/posts\/16229\/revisions\/16234"}],"wp:featuredmedia":[{"embeddable":true,"href":"https:\/\/radiorevelacionfm.cl\/index.php?rest_route=\/wp\/v2\/media\/16230"}],"wp:attachment":[{"href":"https:\/\/radiorevelacionfm.cl\/index.php?rest_route=%2Fwp%2Fv2%2Fmedia&parent=16229"}],"wp:term":[{"taxonomy":"category","embeddable":true,"href":"https:\/\/radiorevelacionfm.cl\/index.php?rest_route=%2Fwp%2Fv2%2Fcategories&post=16229"},{"taxonomy":"post_tag","embeddable":true,"href":"https:\/\/radiorevelacionfm.cl\/index.php?rest_route=%2Fwp%2Fv2%2Ftags&post=16229"}],"curies":[{"name":"wp","href":"https:\/\/api.w.org\/{rel}","templated":true}]}}