{"id":16221,"date":"2022-04-26T21:31:20","date_gmt":"2022-04-27T00:31:20","guid":{"rendered":"https:\/\/radiorevelacionfm.cl\/?p=16221"},"modified":"2022-04-26T21:31:20","modified_gmt":"2022-04-27T00:31:20","slug":"diputado-calisto-por-aumento-de-sueldo-minimo-a-400-mil-pesos-es-significativo-pero-no-es-suficiente","status":"publish","type":"post","link":"https:\/\/radiorevelacionfm.cl\/?p=16221","title":{"rendered":"Diputado Calisto por aumento de sueldo m\u00ednimo a 400 mil pesos: \u201cEs significativo, pero no es suficiente\u201d"},"content":{"rendered":"<div class=\"flex_column av_one_full  flex_column_div av-zero-column-padding first  avia-builder-el-0  el_before_av_one_full  avia-builder-el-first  \" style='border-radius:0px; '><div  class='avia-image-container  av-styling-    avia-builder-el-1  avia-builder-el-no-sibling  avia-align-center '  itemprop=\"image\" itemscope=\"itemscope\" itemtype=\"https:\/\/schema.org\/ImageObject\"  ><div class='avia-image-container-inner'><div class='avia-image-overlay-wrap'><img decoding=\"async\" class='wp-image-16222 avia-img-lazy-loading-not-16222 avia_image' src=\"https:\/\/radiorevelacionfm.cl\/wp-content\/uploads\/2022\/04\/Calisto-sueldo-minimo-.jpg\" alt='' title='Calisto sueldo minimo' height=\"382\" width=\"695\"  itemprop=\"thumbnailUrl\" srcset=\"https:\/\/radiorevelacionfm.cl\/wp-content\/uploads\/2022\/04\/Calisto-sueldo-minimo-.jpg 695w, https:\/\/radiorevelacionfm.cl\/wp-content\/uploads\/2022\/04\/Calisto-sueldo-minimo--300x165.jpg 300w, https:\/\/radiorevelacionfm.cl\/wp-content\/uploads\/2022\/04\/Calisto-sueldo-minimo--600x330.jpg 600w\" sizes=\"(max-width: 695px) 100vw, 695px\" \/><\/div><\/div><\/div><\/div><div class=\"flex_column av_one_full  flex_column_div av-zero-column-padding first  avia-builder-el-2  el_after_av_one_full  el_before_av_one_full  column-top-margin\" style='border-radius:0px; '><section class=\"av_textblock_section \"  itemscope=\"itemscope\" itemtype=\"https:\/\/schema.org\/BlogPosting\" itemprop=\"blogPost\" ><div class='avia_textblock  '   itemprop=\"text\" ><p style=\"font-weight: 400; text-align: center;\"><span style=\"font-size: 18pt;\"><strong>Diputado Calisto por aumento de sueldo m\u00ednimo a 400 mil pesos:\u00a0<\/strong><strong>\u201cEs significativo, pero no es suficiente\u201d<\/strong><\/span><\/p>\n<div id=\"gtx-trans\" style=\"position: absolute; left: -50px; top: 4.31534px;\">\n<div class=\"gtx-trans-icon\"><\/div>\n<\/div>\n<\/div><\/section><\/div><div class=\"flex_column av_one_full  flex_column_div av-zero-column-padding first  avia-builder-el-4  el_after_av_one_full  el_before_av_hr  column-top-margin\" style='border-radius:0px; '><section class=\"av_textblock_section \"  itemscope=\"itemscope\" itemtype=\"https:\/\/schema.org\/BlogPosting\" itemprop=\"blogPost\" ><div class='avia_textblock  '   itemprop=\"text\" ><p style=\"font-weight: 400; text-align: justify;\">Aunque se\u00f1al\u00f3 que se trata de algo \u201csignificativo\u201d, el diputado Miguel \u00c1ngel Calisto calific\u00f3 de insuficiente el anuncio del Gobierno de aumentar el sueldo m\u00ednimo a 400 mil pesos, argumentando que las familias han aumentado sustancialmente sus gastos debido a la inflaci\u00f3n, se\u00f1alando adem\u00e1s que en el caso de las micro, peque\u00f1as y medianas empresas, el Estado deber\u00e1 cumplir un rol para suplementar el gasto.<\/p>\n<p style=\"font-weight: 400; text-align: justify;\">Seg\u00fan el diputado Calisto, \u201choy en d\u00eda las familias trabajadoras est\u00e1n fuertemente afectadas por el alza inflacionaria y esto ha significado que el sueldo m\u00ednimo pr\u00e1cticamente no sirva para garantizar los gastos necesarios. Entendiendo eso, creemos que el aumento a 400 mil pesos es significativo, pero no es suficiente\u201d.<\/p>\n<p style=\"font-weight: 400; text-align: justify;\">\u201cTenemos que buscar otro tipo alternativas para poder complementar este ingreso familiar. Tambi\u00e9n nos parece importante conocer en detalle las propuestas por parte del Gobierno para apoyar a las micro, peque\u00f1as y medianas empresas. No es lo mismo aplicar el aumento del sueldo m\u00ednimo al retail, que nos parece justo, urgente y necesario, que a una microempresa\u201d, indic\u00f3.<\/p>\n<p style=\"font-weight: 400; text-align: justify;\">Finalmente, el legislador afirm\u00f3 que \u201cen este caso, el Estado tiene que tener acciones concretas, por ejemplo, a trav\u00e9s de Sence, para suplementar el gasto que significa este aumento de sueldo para cada Trabajador. De lo contrario, nos vamos a encontrar con un problema que es mayor, como podr\u00eda ser el aumento de la cesant\u00eda. Si un peque\u00f1o negocio tiene dos trabajadores y no muchas ganancias, tendr\u00eda que verse en la obligaci\u00f3n de despedir a uno para mantener al otro. Para que esto no ocurra, se necesita un rol activo por parte del Estado para suplementar estos ingresos.<\/p>\n<\/div><\/section><\/div><div  style='height:50px' class='hr hr-invisible   avia-builder-el-6  el_after_av_one_full  el_before_av_social_share '><span class='hr-inner ' ><span class='hr-inner-style'><\/span><\/span><\/div><\/p>\n<div  class='av-social-sharing-box  avia-builder-el-7  el_after_av_hr  el_before_av_hr  '><div class='av-share-box'><h5 class='av-share-link-description av-no-toc '>Compartir esta noticia<\/h5><ul class='av-share-box-list noLightbox'><li class='av-share-link av-social-link-facebook' ><a target=\"_blank\" aria-label=\"Compartir en Facebook\" href='https:\/\/www.facebook.com\/sharer.php?u=https:\/\/radiorevelacionfm.cl\/?p=16221&#038;t=Diputado%20Calisto%20por%20aumento%20de%20sueldo%20m%C3%ADnimo%20a%20400%20mil%20pesos%3A%20%E2%80%9CEs%20significativo%2C%20pero%20no%20es%20suficiente%E2%80%9D' aria-hidden='false' data-av_icon='\ue8f3' data-av_iconfont='entypo-fontello' title='' data-avia-related-tooltip='Compartir en Facebook' rel=\"noopener\"><span class='avia_hidden_link_text'>Compartir en Facebook<\/span><\/a><\/li><li class='av-share-link av-social-link-twitter' ><a target=\"_blank\" aria-label=\"Compartir en Twitter\" href='https:\/\/twitter.com\/share?text=Diputado%20Calisto%20por%20aumento%20de%20sueldo%20m%C3%ADnimo%20a%20400%20mil%20pesos%3A%20%E2%80%9CEs%20significativo%2C%20pero%20no%20es%20suficiente%E2%80%9D&#038;url=https:\/\/radiorevelacionfm.cl\/?p=16221' aria-hidden='false' data-av_icon='\ue8f1' data-av_iconfont='entypo-fontello' title='' data-avia-related-tooltip='Compartir en Twitter' rel=\"noopener\"><span class='avia_hidden_link_text'>Compartir en Twitter<\/span><\/a><\/li><li class='av-share-link av-social-link-whatsapp' ><a target=\"_blank\" aria-label=\"Compartir en Whatsapp\" href='https:\/\/api.whatsapp.com\/send?text=https:\/\/radiorevelacionfm.cl\/?p=16221' aria-hidden='false' data-av_icon='\uf232' data-av_iconfont='entypo-fontello' title='' data-avia-related-tooltip='Compartir en Whatsapp' rel=\"noopener\"><span class='avia_hidden_link_text'>Compartir en Whatsapp<\/span><\/a><\/li><li class='av-share-link av-social-link-linkedin' ><a target=\"_blank\" aria-label=\"Compartir en LinkedIn\" href='https:\/\/linkedin.com\/shareArticle?mini=true&#038;title=Diputado%20Calisto%20por%20aumento%20de%20sueldo%20m%C3%ADnimo%20a%20400%20mil%20pesos%3A%20%E2%80%9CEs%20significativo%2C%20pero%20no%20es%20suficiente%E2%80%9D&#038;url=https:\/\/radiorevelacionfm.cl\/?p=16221' aria-hidden='false' data-av_icon='\ue8fc' data-av_iconfont='entypo-fontello' title='' data-avia-related-tooltip='Compartir en LinkedIn' rel=\"noopener\"><span class='avia_hidden_link_text'>Compartir en LinkedIn<\/span><\/a><\/li><li class='av-share-link av-social-link-mail' ><a  aria-label=\"Compartir por correo\" href='mailto:?subject=Diputado%20Calisto%20por%20aumento%20de%20sueldo%20m%C3%ADnimo%20a%20400%20mil%20pesos%3A%20%E2%80%9CEs%20significativo%2C%20pero%20no%20es%20suficiente%E2%80%9D&#038;body=https:\/\/radiorevelacionfm.cl\/?p=16221' aria-hidden='false' data-av_icon='\ue805' data-av_iconfont='entypo-fontello' title='' data-avia-related-tooltip='Compartir por correo'><span class='avia_hidden_link_text'>Compartir por correo<\/span><\/a><\/li><\/ul><\/div><\/div>\n<div  style='height:50px' class='hr hr-invisible   avia-builder-el-8  el_after_av_social_share  el_before_av_comments_list '><span class='hr-inner ' ><span class='hr-inner-style'><\/span><\/span><\/div>\n<div  class='av-buildercomment  av-blog-meta-html-info-disabled av-blog-meta-tag-disabled  '><\/div>\n","protected":false},"excerpt":{"rendered":"","protected":false},"author":1,"featured_media":16223,"comment_status":"open","ping_status":"open","sticky":false,"template":"","format":"standard","meta":{"footnotes":""},"categories":[35],"tags":[],"class_list":["post-16221","post","type-post","status-publish","format-standard","has-post-thumbnail","hentry","category-politica"],"jetpack_featured_media_url":"https:\/\/radiorevelacionfm.cl\/wp-content\/uploads\/2022\/04\/Calisto-sueldo-minimo-1.jpg","_links":{"self":[{"href":"https:\/\/radiorevelacionfm.cl\/index.php?rest_route=\/wp\/v2\/posts\/16221","targetHints":{"allow":["GET"]}}],"collection":[{"href":"https:\/\/radiorevelacionfm.cl\/index.php?rest_route=\/wp\/v2\/posts"}],"about":[{"href":"https:\/\/radiorevelacionfm.cl\/index.php?rest_route=\/wp\/v2\/types\/post"}],"author":[{"embeddable":true,"href":"https:\/\/radiorevelacionfm.cl\/index.php?rest_route=\/wp\/v2\/users\/1"}],"replies":[{"embeddable":true,"href":"https:\/\/radiorevelacionfm.cl\/index.php?rest_route=%2Fwp%2Fv2%2Fcomments&post=16221"}],"version-history":[{"count":2,"href":"https:\/\/radiorevelacionfm.cl\/index.php?rest_route=\/wp\/v2\/posts\/16221\/revisions"}],"predecessor-version":[{"id":16225,"href":"https:\/\/radiorevelacionfm.cl\/index.php?rest_route=\/wp\/v2\/posts\/16221\/revisions\/16225"}],"wp:featuredmedia":[{"embeddable":true,"href":"https:\/\/radiorevelacionfm.cl\/index.php?rest_route=\/wp\/v2\/media\/16223"}],"wp:attachment":[{"href":"https:\/\/radiorevelacionfm.cl\/index.php?rest_route=%2Fwp%2Fv2%2Fmedia&parent=16221"}],"wp:term":[{"taxonomy":"category","embeddable":true,"href":"https:\/\/radiorevelacionfm.cl\/index.php?rest_route=%2Fwp%2Fv2%2Fcategories&post=16221"},{"taxonomy":"post_tag","embeddable":true,"href":"https:\/\/radiorevelacionfm.cl\/index.php?rest_route=%2Fwp%2Fv2%2Ftags&post=16221"}],"curies":[{"name":"wp","href":"https:\/\/api.w.org\/{rel}","templated":true}]}}