{"id":16216,"date":"2022-04-26T19:57:44","date_gmt":"2022-04-26T22:57:44","guid":{"rendered":"https:\/\/radiorevelacionfm.cl\/?p=16216"},"modified":"2022-04-26T19:57:44","modified_gmt":"2022-04-26T22:57:44","slug":"primera-colecta-de-sangre-realizada-en-chile-chico-supero-las-expectativas-de-los-organizadores","status":"publish","type":"post","link":"https:\/\/radiorevelacionfm.cl\/?p=16216","title":{"rendered":"Primera Colecta de Sangre realizada en Chile Chico super\u00f3 las expectativas de los organizadores"},"content":{"rendered":"<div class=\"flex_column av_one_full  flex_column_div av-zero-column-padding first  avia-builder-el-0  el_before_av_one_full  avia-builder-el-first  \" style='border-radius:0px; '><div  class='avia-image-container  av-styling-    avia-builder-el-1  avia-builder-el-no-sibling  avia-align-center '  itemprop=\"image\" itemscope=\"itemscope\" itemtype=\"https:\/\/schema.org\/ImageObject\"  ><div class='avia-image-container-inner'><div class='avia-image-overlay-wrap'><img decoding=\"async\" class='wp-image-16218 avia-img-lazy-loading-not-16218 avia_image' src=\"https:\/\/radiorevelacionfm.cl\/wp-content\/uploads\/2022\/04\/DONACION-SANGRE-CHCH-3-1-1.jpeg\" alt='' title='DONACI\u00d3N SANGRE CHCH (3) (1) (1)' height=\"600\" width=\"800\"  itemprop=\"thumbnailUrl\" srcset=\"https:\/\/radiorevelacionfm.cl\/wp-content\/uploads\/2022\/04\/DONACION-SANGRE-CHCH-3-1-1.jpeg 800w, https:\/\/radiorevelacionfm.cl\/wp-content\/uploads\/2022\/04\/DONACION-SANGRE-CHCH-3-1-1-300x225.jpeg 300w, https:\/\/radiorevelacionfm.cl\/wp-content\/uploads\/2022\/04\/DONACION-SANGRE-CHCH-3-1-1-768x576.jpeg 768w, https:\/\/radiorevelacionfm.cl\/wp-content\/uploads\/2022\/04\/DONACION-SANGRE-CHCH-3-1-1-705x529.jpeg 705w, https:\/\/radiorevelacionfm.cl\/wp-content\/uploads\/2022\/04\/DONACION-SANGRE-CHCH-3-1-1-600x450.jpeg 600w\" sizes=\"(max-width: 800px) 100vw, 800px\" \/><\/div><\/div><\/div><\/div><div class=\"flex_column av_one_full  flex_column_div av-zero-column-padding first  avia-builder-el-2  el_after_av_one_full  el_before_av_one_full  column-top-margin\" style='border-radius:0px; '><section class=\"av_textblock_section \"  itemscope=\"itemscope\" itemtype=\"https:\/\/schema.org\/BlogPosting\" itemprop=\"blogPost\" ><div class='avia_textblock  '   itemprop=\"text\" ><p style=\"text-align: center;\"><span style=\"font-size: 18pt;\"><b><span lang=\"ES\">Primera Colecta de Sangre realizada en Chile Chico super\u00f3 las expectativas de los organizadores<\/span><\/b><\/span><\/p>\n<div id=\"gtx-trans\" style=\"position: absolute; left: -50px; top: 4.31534px;\">\n<div class=\"gtx-trans-icon\"><\/div>\n<\/div>\n<\/div><\/section><\/div><div class=\"flex_column av_one_full  flex_column_div av-zero-column-padding first  avia-builder-el-4  el_after_av_one_full  el_before_av_hr  column-top-margin\" style='border-radius:0px; '><section class=\"av_textblock_section \"  itemscope=\"itemscope\" itemtype=\"https:\/\/schema.org\/BlogPosting\" itemprop=\"blogPost\" ><div class='avia_textblock  '   itemprop=\"text\" ><p class=\"v1MsoNormal\" style=\"text-align: justify;\"><span lang=\"ES\">A las 9 de la ma\u00f1ana de este lunes en el Centro de Salud Fachinal del Hospital Dr. Leopoldo Ortega Rodr\u00edguez de Chile Chico, se realiz\u00f3 la primera Colecta de Sangre, destinada a fomentar la donaci\u00f3n voluntaria.<\/span><\/p>\n<p class=\"v1MsoNormal\" style=\"text-align: justify;\"><span lang=\"ES\">Cerca de 35 voluntarios llegaron hasta el recinto para participar de esta primera jornada de recolecci\u00f3n desarrollada en la comuna.<\/span><\/p>\n<p class=\"v1MsoNormal\" style=\"text-align: justify;\"><span lang=\"ES\">\u00abEstamos muy contentos con esta actividad que se desarrolla por primera vez en Chile Chico y hemos cumplido en nuestras metas locales de tener m\u00e1s de 30 personas interesadas en participar de esta campa\u00f1a\u00bb se\u00f1al\u00f3 el Tecn\u00f3logo M\u00e9dico, Gonzalo Millal\u00e9n Kleinknecht, Jefe del Laboratorio Cl\u00ednico del Hospital De Chile Chico.<\/span><\/p>\n<p class=\"v1MsoNormal\" style=\"text-align: justify;\"><span lang=\"ES\">Entre las decenas de voluntarios solo 22 cumplieron con los requisitos requeridos para poder efectuar la donaci\u00f3n, sangre que fue trasladada el mismo lunes gracias a la avioneta que presta conectividad a\u00e9rea con Coyhaique.<\/span><\/p>\n<p class=\"v1MsoNormal\" style=\"text-align: justify;\"><span lang=\"ES\">\u00abEsta es una actividad coordinada con el Banco de Sangre que nos permiti\u00f3 traer a los profesionales a Chile Chico a realizar esta colecta muy importante para abastecer al Banco de Sangre. Esto se logr\u00f3 gracias a la conectividad a\u00e9rea, permitiendo que las unidades lleguen al Hospital Regional durante el d\u00eda\u00bb destac\u00f3 Daniela Maldonado Vera, Directora del Hospital Dr. Leopoldo Ortega Rodr\u00edguez.<\/span><\/p>\n<p class=\"v1MsoNormal\" style=\"text-align: justify;\"><span lang=\"ES\">Andrea Ch\u00e1vez Ruiz, una de las donantes de este operativo, explic\u00f3 que decidi\u00f3 participar porque \u00abmi grupo de sangre es muy bajo en la poblaci\u00f3n, soy O negativo, as\u00ed que eso fue lo primero que me motiv\u00f3 y lo segundo es que vengan a Chile Chico, instancia que nos permite donar sin viajar a otras partes\u00bb.<\/span><\/p>\n<p class=\"v1MsoNormal\" style=\"text-align: justify;\"><span lang=\"ES\">\u00abA m\u00ed me motiv\u00f3 participar, porque mi madre ha recibido dos veces transfusi\u00f3n, porque est\u00e1 en un proceso muy delicado de salud, est\u00e1 con un c\u00e1ncer, as\u00ed que es devolver la mano; as\u00ed como gente don\u00f3 por mi mam\u00e1, yo tambi\u00e9n puedo donar por otras personas\u00bb, agreg\u00f3 Mirna Molina Oyarzo, otra de las chilechiquenses que particip\u00f3 de la campa\u00f1a de recolecci\u00f3n.<\/span><\/p>\n<p class=\"v1MsoNormal\" style=\"text-align: justify;\"><span lang=\"ES\">Las unidades de sangre recolectadas fueron procesadas el mismo d\u00eda en Coyhaique, permitiendo aumentar el stock de los diversos subproductos como plasma, plaquetas y gl\u00f3bulos rojos.<\/span><\/p>\n<p class=\"v1MsoNormal\" style=\"text-align: justify;\"><span lang=\"ES\">Desde el Banco de Sangre del Hospital Regional, recordaron que todos y todas las interesadas en convertirse en donantes pueden agendar su hora de atenci\u00f3n (+56)9 66887970.<\/span><\/p>\n<\/div><\/section><\/div><div  style='height:50px' class='hr hr-invisible   avia-builder-el-6  el_after_av_one_full  el_before_av_social_share '><span class='hr-inner ' ><span class='hr-inner-style'><\/span><\/span><\/div><\/p>\n<div  class='av-social-sharing-box  avia-builder-el-7  el_after_av_hr  el_before_av_hr  '><div class='av-share-box'><h5 class='av-share-link-description av-no-toc '>Compartir esta noticia<\/h5><ul class='av-share-box-list noLightbox'><li class='av-share-link av-social-link-facebook' ><a target=\"_blank\" aria-label=\"Compartir en Facebook\" href='https:\/\/www.facebook.com\/sharer.php?u=https:\/\/radiorevelacionfm.cl\/?p=16216&#038;t=Primera%20Colecta%20de%20Sangre%20realizada%20en%20Chile%20Chico%20super%C3%B3%20las%20expectativas%20de%20los%20organizadores' aria-hidden='false' data-av_icon='\ue8f3' data-av_iconfont='entypo-fontello' title='' data-avia-related-tooltip='Compartir en Facebook' rel=\"noopener\"><span class='avia_hidden_link_text'>Compartir en Facebook<\/span><\/a><\/li><li class='av-share-link av-social-link-twitter' ><a target=\"_blank\" aria-label=\"Compartir en Twitter\" href='https:\/\/twitter.com\/share?text=Primera%20Colecta%20de%20Sangre%20realizada%20en%20Chile%20Chico%20super%C3%B3%20las%20expectativas%20de%20los%20organizadores&#038;url=https:\/\/radiorevelacionfm.cl\/?p=16216' aria-hidden='false' data-av_icon='\ue8f1' data-av_iconfont='entypo-fontello' title='' data-avia-related-tooltip='Compartir en Twitter' rel=\"noopener\"><span class='avia_hidden_link_text'>Compartir en Twitter<\/span><\/a><\/li><li class='av-share-link av-social-link-whatsapp' ><a target=\"_blank\" aria-label=\"Compartir en Whatsapp\" href='https:\/\/api.whatsapp.com\/send?text=https:\/\/radiorevelacionfm.cl\/?p=16216' aria-hidden='false' data-av_icon='\uf232' data-av_iconfont='entypo-fontello' title='' data-avia-related-tooltip='Compartir en Whatsapp' rel=\"noopener\"><span class='avia_hidden_link_text'>Compartir en Whatsapp<\/span><\/a><\/li><li class='av-share-link av-social-link-linkedin' ><a target=\"_blank\" aria-label=\"Compartir en LinkedIn\" href='https:\/\/linkedin.com\/shareArticle?mini=true&#038;title=Primera%20Colecta%20de%20Sangre%20realizada%20en%20Chile%20Chico%20super%C3%B3%20las%20expectativas%20de%20los%20organizadores&#038;url=https:\/\/radiorevelacionfm.cl\/?p=16216' aria-hidden='false' data-av_icon='\ue8fc' data-av_iconfont='entypo-fontello' title='' data-avia-related-tooltip='Compartir en LinkedIn' rel=\"noopener\"><span class='avia_hidden_link_text'>Compartir en LinkedIn<\/span><\/a><\/li><li class='av-share-link av-social-link-mail' ><a  aria-label=\"Compartir por correo\" href='mailto:?subject=Primera%20Colecta%20de%20Sangre%20realizada%20en%20Chile%20Chico%20super%C3%B3%20las%20expectativas%20de%20los%20organizadores&#038;body=https:\/\/radiorevelacionfm.cl\/?p=16216' aria-hidden='false' data-av_icon='\ue805' data-av_iconfont='entypo-fontello' title='' data-avia-related-tooltip='Compartir por correo'><span class='avia_hidden_link_text'>Compartir por correo<\/span><\/a><\/li><\/ul><\/div><\/div>\n<div  style='height:50px' class='hr hr-invisible   avia-builder-el-8  el_after_av_social_share  el_before_av_comments_list '><span class='hr-inner ' ><span class='hr-inner-style'><\/span><\/span><\/div>\n<div  class='av-buildercomment  av-blog-meta-html-info-disabled av-blog-meta-tag-disabled  '><\/div>\n","protected":false},"excerpt":{"rendered":"","protected":false},"author":1,"featured_media":16218,"comment_status":"open","ping_status":"open","sticky":false,"template":"","format":"standard","meta":{"footnotes":""},"categories":[38,46,1],"tags":[],"class_list":["post-16216","post","type-post","status-publish","format-standard","has-post-thumbnail","hentry","category-regional","category-salud","category-sin-categoria"],"jetpack_featured_media_url":"https:\/\/radiorevelacionfm.cl\/wp-content\/uploads\/2022\/04\/DONACION-SANGRE-CHCH-3-1-1.jpeg","_links":{"self":[{"href":"https:\/\/radiorevelacionfm.cl\/index.php?rest_route=\/wp\/v2\/posts\/16216","targetHints":{"allow":["GET"]}}],"collection":[{"href":"https:\/\/radiorevelacionfm.cl\/index.php?rest_route=\/wp\/v2\/posts"}],"about":[{"href":"https:\/\/radiorevelacionfm.cl\/index.php?rest_route=\/wp\/v2\/types\/post"}],"author":[{"embeddable":true,"href":"https:\/\/radiorevelacionfm.cl\/index.php?rest_route=\/wp\/v2\/users\/1"}],"replies":[{"embeddable":true,"href":"https:\/\/radiorevelacionfm.cl\/index.php?rest_route=%2Fwp%2Fv2%2Fcomments&post=16216"}],"version-history":[{"count":2,"href":"https:\/\/radiorevelacionfm.cl\/index.php?rest_route=\/wp\/v2\/posts\/16216\/revisions"}],"predecessor-version":[{"id":16220,"href":"https:\/\/radiorevelacionfm.cl\/index.php?rest_route=\/wp\/v2\/posts\/16216\/revisions\/16220"}],"wp:featuredmedia":[{"embeddable":true,"href":"https:\/\/radiorevelacionfm.cl\/index.php?rest_route=\/wp\/v2\/media\/16218"}],"wp:attachment":[{"href":"https:\/\/radiorevelacionfm.cl\/index.php?rest_route=%2Fwp%2Fv2%2Fmedia&parent=16216"}],"wp:term":[{"taxonomy":"category","embeddable":true,"href":"https:\/\/radiorevelacionfm.cl\/index.php?rest_route=%2Fwp%2Fv2%2Fcategories&post=16216"},{"taxonomy":"post_tag","embeddable":true,"href":"https:\/\/radiorevelacionfm.cl\/index.php?rest_route=%2Fwp%2Fv2%2Ftags&post=16216"}],"curies":[{"name":"wp","href":"https:\/\/api.w.org\/{rel}","templated":true}]}}