{"id":16209,"date":"2022-04-27T11:07:23","date_gmt":"2022-04-27T14:07:23","guid":{"rendered":"https:\/\/radiorevelacionfm.cl\/?p=16209"},"modified":"2022-04-27T11:07:23","modified_gmt":"2022-04-27T14:07:23","slug":"jardines-infantiles-de-fundacion-integra-celebraron-el-dia-de-la-tierra","status":"publish","type":"post","link":"https:\/\/radiorevelacionfm.cl\/?p=16209","title":{"rendered":"Jardines Infantiles de Fundaci\u00f3n Integra celebraron el D\u00eda de la Tierra"},"content":{"rendered":"<div class=\"flex_column av_one_full  flex_column_div av-zero-column-padding first  avia-builder-el-0  el_before_av_one_full  avia-builder-el-first  \" style='border-radius:0px; '><div  class='avia-image-container  av-styling-    avia-builder-el-1  avia-builder-el-no-sibling  avia-align-center '  itemprop=\"image\" itemscope=\"itemscope\" itemtype=\"https:\/\/schema.org\/ImageObject\"  ><div class='avia-image-container-inner'><div class='avia-image-overlay-wrap'><img decoding=\"async\" class='wp-image-16210 avia-img-lazy-loading-not-16210 avia_image' src=\"https:\/\/radiorevelacionfm.cl\/wp-content\/uploads\/2022\/04\/1-27-1-1.jpeg\" alt='' title='1 (27) (1) (1)' height=\"600\" width=\"1333\"  itemprop=\"thumbnailUrl\" srcset=\"https:\/\/radiorevelacionfm.cl\/wp-content\/uploads\/2022\/04\/1-27-1-1.jpeg 1333w, https:\/\/radiorevelacionfm.cl\/wp-content\/uploads\/2022\/04\/1-27-1-1-300x135.jpeg 300w, https:\/\/radiorevelacionfm.cl\/wp-content\/uploads\/2022\/04\/1-27-1-1-1030x464.jpeg 1030w, https:\/\/radiorevelacionfm.cl\/wp-content\/uploads\/2022\/04\/1-27-1-1-768x346.jpeg 768w, https:\/\/radiorevelacionfm.cl\/wp-content\/uploads\/2022\/04\/1-27-1-1-705x317.jpeg 705w, https:\/\/radiorevelacionfm.cl\/wp-content\/uploads\/2022\/04\/1-27-1-1-600x270.jpeg 600w\" sizes=\"(max-width: 1333px) 100vw, 1333px\" \/><\/div><\/div><\/div><\/div><div class=\"flex_column av_one_full  flex_column_div av-zero-column-padding first  avia-builder-el-2  el_after_av_one_full  el_before_av_one_full  column-top-margin\" style='border-radius:0px; '><section class=\"av_textblock_section \"  itemscope=\"itemscope\" itemtype=\"https:\/\/schema.org\/BlogPosting\" itemprop=\"blogPost\" ><div class='avia_textblock  '   itemprop=\"text\" ><p style=\"text-align: center;\"><strong><span style=\"font-size: 18pt;\">Jardines Infantiles de Fundaci\u00f3n Integra celebraron el D\u00eda de la Tierra<\/span><\/strong><\/p>\n<div id=\"gtx-trans\" style=\"position: absolute; left: -50px; top: 4.31534px;\">\n<div class=\"gtx-trans-icon\"><\/div>\n<\/div>\n<\/div><\/section><\/div><div class=\"flex_column av_one_full  flex_column_div av-zero-column-padding first  avia-builder-el-4  el_after_av_one_full  el_before_av_hr  column-top-margin\" style='border-radius:0px; '><section class=\"av_textblock_section \"  itemscope=\"itemscope\" itemtype=\"https:\/\/schema.org\/BlogPosting\" itemprop=\"blogPost\" ><div class='avia_textblock  '   itemprop=\"text\" ><p style=\"text-align: justify;\">La totalidad de los jardines infantiles de Fundaci\u00f3n Integra de la regi\u00f3n de Ays\u00e9n celebraron este 22 de abril el D\u00eda Internacional de la Tierra, fecha en la cual los 19 jardines infantiles, junto al Jard\u00edn Sobre Ruedas desarrollaron actividades que buscaron concientizar sobre la necesidad del cuidado y protecci\u00f3n del Planeta.<\/p>\n<p style=\"text-align: justify;\">Ante la llamada triple crisis planetaria (cambio clim\u00e1tico, extinci\u00f3n masiva y contaminaci\u00f3n), el D\u00eda Internacional de la Tierra es \u00a0una instancia de reflexi\u00f3n para valorar la importancia del cuidado de nuestro planeta.<\/p>\n<p style=\"text-align: justify;\">Es en ese contexto que los jardines infantiles de Fundaci\u00f3n Integra realizaron una serie de actividades que buscaron potenciar y trabajar esta materia, sobre todo en aquellos establecimientos que tienen un sello educativo basado en medio ambiente.<\/p>\n<p style=\"text-align: justify;\">Dentro de las acciones desarrolladas por los jardines infantiles y salas cuna de Fundaci\u00f3n Integra en la regi\u00f3n de Ays\u00e9n destacan los cuentacuentos, representaciones, desfiles con materiales reciclados, trabajo colaborativo con redes, arborizaci\u00f3n, entre otros, actividades que permiten reforzar la importancia del cuidado y protecci\u00f3n del medio ambiente desde edades tempranas.<\/p>\n<p style=\"text-align: justify;\">Cabe destacar que esta fecha fue instituida por la Organizaci\u00f3n de las Naciones Unidas (ONU) a trav\u00e9s de una resoluci\u00f3n adoptada en 2009 para reafirmar el compromiso y tomar acciones concretas para cuidar nuestro planeta.<\/p>\n<p style=\"text-align: justify;\">En su declaraci\u00f3n, los pa\u00edses signatarios expresaron su preocupaci\u00f3n por el deterioro ambiental y los impactos negativos en la naturaleza resultantes de la actividad humana, por lo cual invitaron \u201ca hacer uso, seg\u00fan corresponda, del D\u00eda Internacional de la Madre Tierra para promover actividades e intercambiar opiniones y visiones sobre condiciones, experiencias y principios para una vida en armon\u00eda con la naturaleza\u201d.<\/p>\n<p style=\"text-align: justify;\">Integra pertenece a la Red de Fundaciones de la Presidencia de la Rep\u00fablica. Con 31 a\u00f1os de experiencia, cuenta con m\u00e1s de 1.230 salas cuna y jardines infantiles gratuitos a los que asisten m\u00e1s de 90 mil ni\u00f1os y ni\u00f1as en todo Chile.<\/p>\n<\/div><\/section><\/div><div  style='height:50px' class='hr hr-invisible   avia-builder-el-6  el_after_av_one_full  el_before_av_social_share '><span class='hr-inner ' ><span class='hr-inner-style'><\/span><\/span><\/div><\/p>\n<div  class='av-social-sharing-box  avia-builder-el-7  el_after_av_hr  el_before_av_hr  '><div class='av-share-box'><h5 class='av-share-link-description av-no-toc '>Compartir esta noticia<\/h5><ul class='av-share-box-list noLightbox'><li class='av-share-link av-social-link-facebook' ><a target=\"_blank\" aria-label=\"Compartir en Facebook\" href='https:\/\/www.facebook.com\/sharer.php?u=https:\/\/radiorevelacionfm.cl\/?p=16209&#038;t=Jardines%20Infantiles%20de%20Fundaci%C3%B3n%20Integra%20celebraron%20el%20D%C3%ADa%20de%20la%20Tierra' aria-hidden='false' data-av_icon='\ue8f3' data-av_iconfont='entypo-fontello' title='' data-avia-related-tooltip='Compartir en Facebook' rel=\"noopener\"><span class='avia_hidden_link_text'>Compartir en Facebook<\/span><\/a><\/li><li class='av-share-link av-social-link-twitter' ><a target=\"_blank\" aria-label=\"Compartir en Twitter\" href='https:\/\/twitter.com\/share?text=Jardines%20Infantiles%20de%20Fundaci%C3%B3n%20Integra%20celebraron%20el%20D%C3%ADa%20de%20la%20Tierra&#038;url=https:\/\/radiorevelacionfm.cl\/?p=16209' aria-hidden='false' data-av_icon='\ue8f1' data-av_iconfont='entypo-fontello' title='' data-avia-related-tooltip='Compartir en Twitter' rel=\"noopener\"><span class='avia_hidden_link_text'>Compartir en Twitter<\/span><\/a><\/li><li class='av-share-link av-social-link-whatsapp' ><a target=\"_blank\" aria-label=\"Compartir en Whatsapp\" href='https:\/\/api.whatsapp.com\/send?text=https:\/\/radiorevelacionfm.cl\/?p=16209' aria-hidden='false' data-av_icon='\uf232' data-av_iconfont='entypo-fontello' title='' data-avia-related-tooltip='Compartir en Whatsapp' rel=\"noopener\"><span class='avia_hidden_link_text'>Compartir en Whatsapp<\/span><\/a><\/li><li class='av-share-link av-social-link-linkedin' ><a target=\"_blank\" aria-label=\"Compartir en LinkedIn\" href='https:\/\/linkedin.com\/shareArticle?mini=true&#038;title=Jardines%20Infantiles%20de%20Fundaci%C3%B3n%20Integra%20celebraron%20el%20D%C3%ADa%20de%20la%20Tierra&#038;url=https:\/\/radiorevelacionfm.cl\/?p=16209' aria-hidden='false' data-av_icon='\ue8fc' data-av_iconfont='entypo-fontello' title='' data-avia-related-tooltip='Compartir en LinkedIn' rel=\"noopener\"><span class='avia_hidden_link_text'>Compartir en LinkedIn<\/span><\/a><\/li><li class='av-share-link av-social-link-mail' ><a  aria-label=\"Compartir por correo\" href='mailto:?subject=Jardines%20Infantiles%20de%20Fundaci%C3%B3n%20Integra%20celebraron%20el%20D%C3%ADa%20de%20la%20Tierra&#038;body=https:\/\/radiorevelacionfm.cl\/?p=16209' aria-hidden='false' data-av_icon='\ue805' data-av_iconfont='entypo-fontello' title='' data-avia-related-tooltip='Compartir por correo'><span class='avia_hidden_link_text'>Compartir por correo<\/span><\/a><\/li><\/ul><\/div><\/div>\n<div  style='height:50px' class='hr hr-invisible   avia-builder-el-8  el_after_av_social_share  el_before_av_comments_list '><span class='hr-inner ' ><span class='hr-inner-style'><\/span><\/span><\/div>\n<div  class='av-buildercomment  av-blog-meta-html-info-disabled av-blog-meta-tag-disabled  '><\/div>\n","protected":false},"excerpt":{"rendered":"","protected":false},"author":1,"featured_media":16210,"comment_status":"open","ping_status":"open","sticky":false,"template":"","format":"standard","meta":{"footnotes":""},"categories":[49],"tags":[],"class_list":["post-16209","post","type-post","status-publish","format-standard","has-post-thumbnail","hentry","category-educacion"],"jetpack_featured_media_url":"https:\/\/radiorevelacionfm.cl\/wp-content\/uploads\/2022\/04\/1-27-1-1.jpeg","_links":{"self":[{"href":"https:\/\/radiorevelacionfm.cl\/index.php?rest_route=\/wp\/v2\/posts\/16209","targetHints":{"allow":["GET"]}}],"collection":[{"href":"https:\/\/radiorevelacionfm.cl\/index.php?rest_route=\/wp\/v2\/posts"}],"about":[{"href":"https:\/\/radiorevelacionfm.cl\/index.php?rest_route=\/wp\/v2\/types\/post"}],"author":[{"embeddable":true,"href":"https:\/\/radiorevelacionfm.cl\/index.php?rest_route=\/wp\/v2\/users\/1"}],"replies":[{"embeddable":true,"href":"https:\/\/radiorevelacionfm.cl\/index.php?rest_route=%2Fwp%2Fv2%2Fcomments&post=16209"}],"version-history":[{"count":2,"href":"https:\/\/radiorevelacionfm.cl\/index.php?rest_route=\/wp\/v2\/posts\/16209\/revisions"}],"predecessor-version":[{"id":16227,"href":"https:\/\/radiorevelacionfm.cl\/index.php?rest_route=\/wp\/v2\/posts\/16209\/revisions\/16227"}],"wp:featuredmedia":[{"embeddable":true,"href":"https:\/\/radiorevelacionfm.cl\/index.php?rest_route=\/wp\/v2\/media\/16210"}],"wp:attachment":[{"href":"https:\/\/radiorevelacionfm.cl\/index.php?rest_route=%2Fwp%2Fv2%2Fmedia&parent=16209"}],"wp:term":[{"taxonomy":"category","embeddable":true,"href":"https:\/\/radiorevelacionfm.cl\/index.php?rest_route=%2Fwp%2Fv2%2Fcategories&post=16209"},{"taxonomy":"post_tag","embeddable":true,"href":"https:\/\/radiorevelacionfm.cl\/index.php?rest_route=%2Fwp%2Fv2%2Ftags&post=16209"}],"curies":[{"name":"wp","href":"https:\/\/api.w.org\/{rel}","templated":true}]}}