{"id":16204,"date":"2022-04-26T15:46:03","date_gmt":"2022-04-26T18:46:03","guid":{"rendered":"https:\/\/radiorevelacionfm.cl\/?p=16204"},"modified":"2022-04-26T15:46:03","modified_gmt":"2022-04-26T18:46:03","slug":"jovenes-del-liceo-san-felipe-benicio-reciben-certificacion-como-monitoras-y-monitores-juveniles-en-prevencion-de-violencia-contra-las-mujeres","status":"publish","type":"post","link":"https:\/\/radiorevelacionfm.cl\/?p=16204","title":{"rendered":"J\u00f3venes del Liceo San Felipe Benicio reciben certificaci\u00f3n como Monitoras y Monitores Juveniles en Prevenci\u00f3n de Violencia contra las Mujeres"},"content":{"rendered":"<div class=\"flex_column av_one_full  flex_column_div av-zero-column-padding first  avia-builder-el-0  el_before_av_one_full  avia-builder-el-first  \" style='border-radius:0px; '><div  class='avia-image-container  av-styling-    avia-builder-el-1  avia-builder-el-no-sibling  avia-align-center '  itemprop=\"image\" itemscope=\"itemscope\" itemtype=\"https:\/\/schema.org\/ImageObject\"  ><div class='avia-image-container-inner'><div class='avia-image-overlay-wrap'><img decoding=\"async\" class='wp-image-16205 avia-img-lazy-loading-not-16205 avia_image' src=\"https:\/\/radiorevelacionfm.cl\/wp-content\/uploads\/2022\/04\/certificacion-prevencion-lsfb-3-1-1_optimized.jpg\" alt='' title='certificaci\u00f3n-prevenci\u00f3n-lsfb-(3)-(1)-(1)_optimized' height=\"600\" width=\"1099\"  itemprop=\"thumbnailUrl\" srcset=\"https:\/\/radiorevelacionfm.cl\/wp-content\/uploads\/2022\/04\/certificacion-prevencion-lsfb-3-1-1_optimized.jpg 1099w, https:\/\/radiorevelacionfm.cl\/wp-content\/uploads\/2022\/04\/certificacion-prevencion-lsfb-3-1-1_optimized-300x164.jpg 300w, https:\/\/radiorevelacionfm.cl\/wp-content\/uploads\/2022\/04\/certificacion-prevencion-lsfb-3-1-1_optimized-1030x562.jpg 1030w, https:\/\/radiorevelacionfm.cl\/wp-content\/uploads\/2022\/04\/certificacion-prevencion-lsfb-3-1-1_optimized-768x419.jpg 768w, https:\/\/radiorevelacionfm.cl\/wp-content\/uploads\/2022\/04\/certificacion-prevencion-lsfb-3-1-1_optimized-705x385.jpg 705w, https:\/\/radiorevelacionfm.cl\/wp-content\/uploads\/2022\/04\/certificacion-prevencion-lsfb-3-1-1_optimized-600x328.jpg 600w\" sizes=\"(max-width: 1099px) 100vw, 1099px\" \/><\/div><\/div><\/div><\/div><div class=\"flex_column av_one_full  flex_column_div av-zero-column-padding first  avia-builder-el-2  el_after_av_one_full  el_before_av_one_full  column-top-margin\" style='border-radius:0px; '><section class=\"av_textblock_section \"  itemscope=\"itemscope\" itemtype=\"https:\/\/schema.org\/BlogPosting\" itemprop=\"blogPost\" ><div class='avia_textblock  '   itemprop=\"text\" ><p class=\"v1MsoNormal\" style=\"text-align: center;\"><strong><span style=\"font-size: 18pt;\">J\u00f3venes del Liceo San Felipe Benicio reciben certificaci\u00f3n como Monitoras y Monitores Juveniles en Prevenci\u00f3n de Violencia contra las Mujeres<\/span><\/strong><\/p>\n<div id=\"gtx-trans\" style=\"position: absolute; left: -50px; top: 4.31534px;\">\n<div class=\"gtx-trans-icon\"><\/div>\n<\/div>\n<\/div><\/section><\/div><div class=\"flex_column av_one_full  flex_column_div av-zero-column-padding first  avia-builder-el-4  el_after_av_one_full  el_before_av_hr  column-top-margin\" style='border-radius:0px; '><section class=\"av_textblock_section \"  itemscope=\"itemscope\" itemtype=\"https:\/\/schema.org\/BlogPosting\" itemprop=\"blogPost\" ><div class='avia_textblock  '   itemprop=\"text\" ><p class=\"v1MsoNormal\" style=\"text-align: justify;\">71 j\u00f3venes recibieron su certificaci\u00f3n como Monitoras y Monitores Juveniles en Prevenci\u00f3n de Violencia contra las Mujeres, en el Sal\u00f3n Audit\u00f3rium del Liceo San Felipe Benicio en Coyhaique. Actividad desarrollada por el programa de Prevenci\u00f3n en Violencia contra las Mujeres de SernamEG que se ejecuta en el territorio en convenio con la Municipalidad de Coyhaique. Durante la ceremonia se entreg\u00f3 un diploma a cada estudiante que particip\u00f3 en las capacitaciones el a\u00f1o 2021, que incluy\u00f3 una actividad de r\u00e9plica para poner en pr\u00e1ctica aquellos conceptos aprendidos.<\/p>\n<p class=\"v1MsoNormal\" style=\"text-align: justify;\">Respecto a la actividad, la Seremi de la Mujer y la Equidad de G\u00e9nero, Andrea M\u00e9ndez Valenzuela, sostuvo que \u00abcomo Gobierno tenemos un \u00e9nfasis puesto principalmente en la prevenci\u00f3n de la violencia contra las mujeres; en ese \u00e1mbito, la educaci\u00f3n y todo lo que se pueda hacer desde la institucionalidad educativa o fuera de ella es tremendamente importante\u00bb. Consultada sobre las iniciativas legislativas impulsadas desde el Ministerio, la autoridad regional agreg\u00f3 que \u00abla Ministra de la Mujer y la Equidad de G\u00e9nero le puso suma urgencia a la Ley de Violencia Integral contra las Mujeres, que es un marco regulatorio instalado desde el a\u00f1o 2016, el que no ha tenido la diligencia adecuada. Es un soporte jur\u00eddico sumamente significativo, porque se abordan distintos tipos de violencia y se le da celeridad e importancia que tiene cada una de ellas, no como ocurre actualmente donde est\u00e1n dispersas y se encuentran en distintos marcos regulatorios\u00bb.<\/p>\n<p class=\"v1MsoNormal\" style=\"text-align: justify;\">Por su parte, la\u00a0<span lang=\"ES\">Directora Regional Subrogante de SernamEG, Carla Arriagada Malague\u00f1o, se refiri\u00f3 al sentido de las capacitaciones, precisando que \u00abson m\u00e1s bien un proceso reflexivo donde hay cuestionamiento de los estereotipos de g\u00e9nero, una revisi\u00f3n de las diversas identidades de g\u00e9nero, la orientaci\u00f3n sexual, c\u00f3mo es que estos estereotipos de g\u00e9nero originan inequidades en el proceso de socializaci\u00f3n en la sociedad en general. La idea es que estas y estos j\u00f3venes puedan mirar c\u00f3mo es que est\u00e1 construida la sociedad, c\u00f3mo es que culturalmente podemos hacer cambios que nos permitan tener una sociedad m\u00e1s justa, equitativa y m\u00e1s igualitaria entre mujeres y hombres\u00bb.<\/span><\/p>\n<p class=\"v1MsoNormal\" style=\"text-align: justify;\">Consultado sobre la relevancia que tiene para el Municipio el programa de Prevenci\u00f3n en Violencia contra las Mujeres, el Alcalde de Coyhaique, Carlos Gatica Villegas, dijo: \u00abes sumamente valioso el poder convocar a las y los j\u00f3venes en algo tan importante como es la erradicaci\u00f3n de la violencia contra las mujeres. Hoy se dio un gran paso, porque se les brind\u00f3 capacitaciones para convertirse en monitoras y monitores en prevenci\u00f3n de la violencia contra las mujeres. Esto es sumamente relevante, ya que no se concibe una sociedad desarrollada, sostenible y sustentable sin equidad de g\u00e9nero; y no se consigue esta \u00faltima si es que existe violencia. Siempre lo he dicho, sin una juventud y una ni\u00f1ez con criterio y sentido com\u00fan no hay futuro\u00bb.<\/p>\n<p class=\"v1MsoNormal\" style=\"text-align: justify;\">Durante el presente a\u00f1o, se pretende continuar con los talleres y capacitaciones; en esa l\u00ednea, el Rector del Liceo San Felipe Benicio, Roberto Poblete Barros, sostuvo que \u00abtiene much\u00edsima importancia el contar con un programa como el de Prevenci\u00f3n. En general, creo que todo colegio tiene que darle mucha relevancia a una tem\u00e1tica tan gravitante en nuestra sociedad y nos alegra e impacta mucho como educadores ver una gran cantidad de alumnas y alumnos comprometidos con esta cantidad de capacitaciones y que recibieron su certificaci\u00f3n. Creo que con este tipo de acciones, de alguna manera logramos mejorar la formaci\u00f3n val\u00f3rica de nuestros j\u00f3venes. Los cambios sociales no parten de programas externos, sino que esto ocurre en la medida que las personas tomen conciencia, se sensibilicen y puedan realizar acciones; ya sea en su ambiente de colegio, de familia, social o donde se encuentren\u00bb.<\/p>\n<p class=\"v1MsoNormal\" style=\"text-align: justify;\">La oferta disponible del Programa de Prevenci\u00f3n en Violencia contra las Mujeres, para el grupo etario correspondiente a j\u00f3venes entre 14 y 29 a\u00f1os, consiste en capacitaciones para la formaci\u00f3n como Monitoras\/es Juveniles y tienen una duraci\u00f3n de 12 horas pedag\u00f3gicas. Otra opci\u00f3n son los talleres de sensibilizaciones\/conversatorios cuya duraci\u00f3n es de 2 a 6 horas. En ambas instancias, se abordan temas espec\u00edficos para la prevenci\u00f3n de la violencia de g\u00e9nero.<\/p>\n<p class=\"v1MsoNormal\" style=\"text-align: justify;\">Para inscribirse, descargar informaci\u00f3n y realizar actividades a distancia se debe acceder a la p\u00e1gina web de SernamEG (<a href=\"http:\/\/www.sernameg.gob.cl\/\" target=\"_blank\" rel=\"noopener noreferrer\">www.sernameg.gob.cl<\/a>). Ante cualquier duda o consulta se encuentra disponible el correo electr\u00f3nico\u00a0<a href=\"mailto:cursos.prevencionvcm@sernameg.gob.cl\" rel=\"noreferrer\">cursos.prevencionvcm@sernameg.gob.cl<\/a><\/p>\n<\/div><\/section><\/div><div  style='height:50px' class='hr hr-invisible   avia-builder-el-6  el_after_av_one_full  el_before_av_social_share '><span class='hr-inner ' ><span class='hr-inner-style'><\/span><\/span><\/div><\/p>\n<div  class='av-social-sharing-box  avia-builder-el-7  el_after_av_hr  el_before_av_hr  '><div class='av-share-box'><h5 class='av-share-link-description av-no-toc '>Compartir esta noticia<\/h5><ul class='av-share-box-list noLightbox'><li class='av-share-link av-social-link-facebook' ><a target=\"_blank\" aria-label=\"Compartir en Facebook\" href='https:\/\/www.facebook.com\/sharer.php?u=https:\/\/radiorevelacionfm.cl\/?p=16204&#038;t=J%C3%B3venes%20del%20Liceo%20San%20Felipe%20Benicio%20reciben%20certificaci%C3%B3n%20como%20Monitoras%20y%20Monitores%20Juveniles%20en%20Prevenci%C3%B3n%20de%20Violencia%20contra%20las%20Mujeres' aria-hidden='false' data-av_icon='\ue8f3' data-av_iconfont='entypo-fontello' title='' data-avia-related-tooltip='Compartir en Facebook' rel=\"noopener\"><span class='avia_hidden_link_text'>Compartir en Facebook<\/span><\/a><\/li><li class='av-share-link av-social-link-twitter' ><a target=\"_blank\" aria-label=\"Compartir en Twitter\" href='https:\/\/twitter.com\/share?text=J%C3%B3venes%20del%20Liceo%20San%20Felipe%20Benicio%20reciben%20certificaci%C3%B3n%20como%20Monitoras%20y%20Monitores%20Juveniles%20en%20Prevenci%C3%B3n%20de%20Violencia%20contra%20las%20Mujeres&#038;url=https:\/\/radiorevelacionfm.cl\/?p=16204' aria-hidden='false' data-av_icon='\ue8f1' data-av_iconfont='entypo-fontello' title='' data-avia-related-tooltip='Compartir en Twitter' rel=\"noopener\"><span class='avia_hidden_link_text'>Compartir en Twitter<\/span><\/a><\/li><li class='av-share-link av-social-link-whatsapp' ><a target=\"_blank\" aria-label=\"Compartir en Whatsapp\" href='https:\/\/api.whatsapp.com\/send?text=https:\/\/radiorevelacionfm.cl\/?p=16204' aria-hidden='false' data-av_icon='\uf232' data-av_iconfont='entypo-fontello' title='' data-avia-related-tooltip='Compartir en Whatsapp' rel=\"noopener\"><span class='avia_hidden_link_text'>Compartir en Whatsapp<\/span><\/a><\/li><li class='av-share-link av-social-link-linkedin' ><a target=\"_blank\" aria-label=\"Compartir en LinkedIn\" href='https:\/\/linkedin.com\/shareArticle?mini=true&#038;title=J%C3%B3venes%20del%20Liceo%20San%20Felipe%20Benicio%20reciben%20certificaci%C3%B3n%20como%20Monitoras%20y%20Monitores%20Juveniles%20en%20Prevenci%C3%B3n%20de%20Violencia%20contra%20las%20Mujeres&#038;url=https:\/\/radiorevelacionfm.cl\/?p=16204' aria-hidden='false' data-av_icon='\ue8fc' data-av_iconfont='entypo-fontello' title='' data-avia-related-tooltip='Compartir en LinkedIn' rel=\"noopener\"><span class='avia_hidden_link_text'>Compartir en LinkedIn<\/span><\/a><\/li><li class='av-share-link av-social-link-mail' ><a  aria-label=\"Compartir por correo\" href='mailto:?subject=J%C3%B3venes%20del%20Liceo%20San%20Felipe%20Benicio%20reciben%20certificaci%C3%B3n%20como%20Monitoras%20y%20Monitores%20Juveniles%20en%20Prevenci%C3%B3n%20de%20Violencia%20contra%20las%20Mujeres&#038;body=https:\/\/radiorevelacionfm.cl\/?p=16204' aria-hidden='false' data-av_icon='\ue805' data-av_iconfont='entypo-fontello' title='' data-avia-related-tooltip='Compartir por correo'><span class='avia_hidden_link_text'>Compartir por correo<\/span><\/a><\/li><\/ul><\/div><\/div>\n<div  style='height:50px' class='hr hr-invisible   avia-builder-el-8  el_after_av_social_share  el_before_av_comments_list '><span class='hr-inner ' ><span class='hr-inner-style'><\/span><\/span><\/div>\n<div  class='av-buildercomment  av-blog-meta-html-info-disabled av-blog-meta-tag-disabled  '><\/div>\n","protected":false},"excerpt":{"rendered":"","protected":false},"author":1,"featured_media":16205,"comment_status":"open","ping_status":"open","sticky":false,"template":"","format":"standard","meta":{"footnotes":""},"categories":[49],"tags":[],"class_list":["post-16204","post","type-post","status-publish","format-standard","has-post-thumbnail","hentry","category-educacion"],"jetpack_featured_media_url":"https:\/\/radiorevelacionfm.cl\/wp-content\/uploads\/2022\/04\/certificacion-prevencion-lsfb-3-1-1_optimized.jpg","_links":{"self":[{"href":"https:\/\/radiorevelacionfm.cl\/index.php?rest_route=\/wp\/v2\/posts\/16204","targetHints":{"allow":["GET"]}}],"collection":[{"href":"https:\/\/radiorevelacionfm.cl\/index.php?rest_route=\/wp\/v2\/posts"}],"about":[{"href":"https:\/\/radiorevelacionfm.cl\/index.php?rest_route=\/wp\/v2\/types\/post"}],"author":[{"embeddable":true,"href":"https:\/\/radiorevelacionfm.cl\/index.php?rest_route=\/wp\/v2\/users\/1"}],"replies":[{"embeddable":true,"href":"https:\/\/radiorevelacionfm.cl\/index.php?rest_route=%2Fwp%2Fv2%2Fcomments&post=16204"}],"version-history":[{"count":2,"href":"https:\/\/radiorevelacionfm.cl\/index.php?rest_route=\/wp\/v2\/posts\/16204\/revisions"}],"predecessor-version":[{"id":16207,"href":"https:\/\/radiorevelacionfm.cl\/index.php?rest_route=\/wp\/v2\/posts\/16204\/revisions\/16207"}],"wp:featuredmedia":[{"embeddable":true,"href":"https:\/\/radiorevelacionfm.cl\/index.php?rest_route=\/wp\/v2\/media\/16205"}],"wp:attachment":[{"href":"https:\/\/radiorevelacionfm.cl\/index.php?rest_route=%2Fwp%2Fv2%2Fmedia&parent=16204"}],"wp:term":[{"taxonomy":"category","embeddable":true,"href":"https:\/\/radiorevelacionfm.cl\/index.php?rest_route=%2Fwp%2Fv2%2Fcategories&post=16204"},{"taxonomy":"post_tag","embeddable":true,"href":"https:\/\/radiorevelacionfm.cl\/index.php?rest_route=%2Fwp%2Fv2%2Ftags&post=16204"}],"curies":[{"name":"wp","href":"https:\/\/api.w.org\/{rel}","templated":true}]}}