{"id":16178,"date":"2022-04-25T16:37:03","date_gmt":"2022-04-25T19:37:03","guid":{"rendered":"https:\/\/radiorevelacionfm.cl\/?p=16178"},"modified":"2022-04-25T16:37:03","modified_gmt":"2022-04-25T19:37:03","slug":"core-aprueba-financiamiento-para-la-reposicion-de-la-posta-rural-de-puyuhuapi","status":"publish","type":"post","link":"https:\/\/radiorevelacionfm.cl\/?p=16178","title":{"rendered":"CORE aprueba financiamiento para la Reposici\u00f3n de la Posta Rural de Puyuhuapi"},"content":{"rendered":"<div class=\"flex_column av_one_full  flex_column_div av-zero-column-padding first  avia-builder-el-0  el_before_av_one_full  avia-builder-el-first  \" style='border-radius:0px; '><div  class='avia-image-container  av-styling-    avia-builder-el-1  avia-builder-el-no-sibling  avia-align-center '  itemprop=\"image\" itemscope=\"itemscope\" itemtype=\"https:\/\/schema.org\/ImageObject\"  ><div class='avia-image-container-inner'><div class='avia-image-overlay-wrap'><img decoding=\"async\" class='wp-image-16180 avia-img-lazy-loading-not-16180 avia_image' src=\"https:\/\/radiorevelacionfm.cl\/wp-content\/uploads\/2022\/04\/Posta-Puyuhuapi-2-1-1.jpeg\" alt='' title='Posta Puyuhuapi 2 (1) (1)' height=\"600\" width=\"900\"  itemprop=\"thumbnailUrl\" srcset=\"https:\/\/radiorevelacionfm.cl\/wp-content\/uploads\/2022\/04\/Posta-Puyuhuapi-2-1-1.jpeg 900w, https:\/\/radiorevelacionfm.cl\/wp-content\/uploads\/2022\/04\/Posta-Puyuhuapi-2-1-1-300x200.jpeg 300w, https:\/\/radiorevelacionfm.cl\/wp-content\/uploads\/2022\/04\/Posta-Puyuhuapi-2-1-1-768x512.jpeg 768w, https:\/\/radiorevelacionfm.cl\/wp-content\/uploads\/2022\/04\/Posta-Puyuhuapi-2-1-1-705x470.jpeg 705w, https:\/\/radiorevelacionfm.cl\/wp-content\/uploads\/2022\/04\/Posta-Puyuhuapi-2-1-1-600x400.jpeg 600w\" sizes=\"(max-width: 900px) 100vw, 900px\" \/><\/div><\/div><\/div><\/div><div class=\"flex_column av_one_full  flex_column_div av-zero-column-padding first  avia-builder-el-2  el_after_av_one_full  el_before_av_one_full  column-top-margin\" style='border-radius:0px; '><section class=\"av_textblock_section \"  itemscope=\"itemscope\" itemtype=\"https:\/\/schema.org\/BlogPosting\" itemprop=\"blogPost\" ><div class='avia_textblock  '   itemprop=\"text\" ><p style=\"text-align: center;\"><span style=\"font-size: 18pt;\"><b>CORE aprueba financiamiento para la Reposici\u00f3n de la Posta Rural de Puyuhuapi<\/b><\/span><\/p>\n<div id=\"gtx-trans\" style=\"position: absolute; left: -50px; top: 4.31534px;\">\n<div class=\"gtx-trans-icon\"><\/div>\n<\/div>\n<\/div><\/section><\/div><\/p>\n<div class=\"flex_column av_one_full  flex_column_div av-zero-column-padding first  avia-builder-el-4  el_after_av_one_full  el_before_av_hr  column-top-margin\" style='border-radius:0px; '><section class=\"av_textblock_section \"  itemscope=\"itemscope\" itemtype=\"https:\/\/schema.org\/BlogPosting\" itemprop=\"blogPost\" ><div class='avia_textblock  '   itemprop=\"text\" ><p style=\"text-align: justify;\">Una gran noticia para los habitantes de la comuna de Cisnes se di\u00f3 en la \u00faltima sesi\u00f3n plenaria del Consejo Regional, donde de forma un\u00e1nime Consejeros y Consejeras Regionales, junto a la Gobernadora Andrea Mac\u00edas Palma, aprobaron el financiamiento del proyecto \u00abReposici\u00f3n Posta Rural de Puyuhuapi\u00bb.<\/p>\n<p style=\"text-align: justify;\">Para la Gobernadora Mac\u00edas, esta decisi\u00f3n viene a apoyar una de las principales necesidades que tiene la comunidad en el sector de Puyuhuapi. \u00abHoy el Consejo Regional, en conjunto con los Consejeros Regionales, aprobamos la iniciativa por m\u00e1s de mil millones de pesos que va a permitir la construcci\u00f3n de una nueva posta de salud rural para la localidad de Puyuhuapi. Esto va a significar una mejora en la calidad de vida de las personas, en la atenci\u00f3n que se recibe, pero por sobre todo, viene dignificar a territorios quienes han estado siempre al margen de la inversi\u00f3n p\u00fablica\u00bb, afirm\u00f3 en la oportunidad.<\/p>\n<p style=\"text-align: justify;\">Por su parte, el alcalde Francisco Roncagliolo, la aprobaci\u00f3n de la iniciativa trae una gran alegr\u00eda para toda la comuna. \u00abEn lo personal quiero agradecer la priorizaci\u00f3n de esta iniciativa en tabla del Consejo Regional por parte de la Gobernadora Regional Andrea Mac\u00edas, y obviamente tambi\u00e9n quiero agradecer a cada uno las Consejeras y Consejeros de nuestra regi\u00f3n que aprobaron por unanimidad que se pudiera llevar adelante este proyecto y obviamente tambi\u00e9n el trabajo colaborativo y de cooperaci\u00f3n que hemos llevado adelante con el Servicio de Salud Ays\u00e9n que ha permitido sacar r\u00e1pidamente un iniciativa tan importante y tan anhelada por cada uno de estos vecinos\u00bb, puntualiz\u00f3.<\/p>\n<p style=\"text-align: justify;\">El proyecto, que se enmarca en el convenio de programaci\u00f3n que tiene el Gobierno Regional de Ays\u00e9n y el Ministerio de Salud, significa una mejora sustancial en las instalaciones de salud, manteniendo una habitabilidad adecuada tanto para funcionarios como para usuarios.<\/p>\n<p style=\"text-align: justify;\">Muy feliz se mostr\u00f3 tambi\u00e9n la Consejera Regional Paola Rodr\u00edguez, oriunda de Puyuhuapi, quien destac\u00f3 el trabajo coordinado entre las distintas instituciones. \u00abHay un tremendo trabajo tanto del Gobierno Regional, como del Municipio y el Servicio de Salud. Agradecer al Consejo, a sus catorce Consejeros, por la votaci\u00f3n, a nuestra Gobernadora por tener siempre la disposici\u00f3n para trabajar con nuestro Municipio, al alcalde Francisco Roncagliolo por estar ah\u00ed siempre latente y preocupado, apoyando todas las iniciativas as\u00ed que solamente palabras de agradecimiento\u00bb, comenta.<\/p>\n<p style=\"text-align: justify;\">Finalizando tambi\u00e9n tuvo palabras el Consejero Regional Sergio Gonz\u00e1lez: \u00abTenemos un proyecto de mil noventa y ocho millones de pesos que fue aprobado por unanimidad por este Consejo, porque estamos preocupados en que podemos estar en mejorar las condiciones de nuestra gente y obviamente para lo que es la comuna de Cisnes tambi\u00e9n es un tema muy importante sobre todo para toda la poblaci\u00f3n\u00bb.<\/p>\n<\/div><\/section><\/div><div  style='height:50px' class='hr hr-invisible   avia-builder-el-6  el_after_av_one_full  el_before_av_social_share '><span class='hr-inner ' ><span class='hr-inner-style'><\/span><\/span><\/div><\/p>\n<div  class='av-social-sharing-box  avia-builder-el-7  el_after_av_hr  el_before_av_hr  '><div class='av-share-box'><h5 class='av-share-link-description av-no-toc '>Compartir esta noticia<\/h5><ul class='av-share-box-list noLightbox'><li class='av-share-link av-social-link-facebook' ><a target=\"_blank\" aria-label=\"Compartir en Facebook\" href='https:\/\/www.facebook.com\/sharer.php?u=https:\/\/radiorevelacionfm.cl\/?p=16178&#038;t=CORE%20aprueba%20financiamiento%20para%20la%20Reposici%C3%B3n%20de%20la%20Posta%20Rural%20de%20Puyuhuapi' aria-hidden='false' data-av_icon='\ue8f3' data-av_iconfont='entypo-fontello' title='' data-avia-related-tooltip='Compartir en Facebook' rel=\"noopener\"><span class='avia_hidden_link_text'>Compartir en Facebook<\/span><\/a><\/li><li class='av-share-link av-social-link-twitter' ><a target=\"_blank\" aria-label=\"Compartir en Twitter\" href='https:\/\/twitter.com\/share?text=CORE%20aprueba%20financiamiento%20para%20la%20Reposici%C3%B3n%20de%20la%20Posta%20Rural%20de%20Puyuhuapi&#038;url=https:\/\/radiorevelacionfm.cl\/?p=16178' aria-hidden='false' data-av_icon='\ue8f1' data-av_iconfont='entypo-fontello' title='' data-avia-related-tooltip='Compartir en Twitter' rel=\"noopener\"><span class='avia_hidden_link_text'>Compartir en Twitter<\/span><\/a><\/li><li class='av-share-link av-social-link-whatsapp' ><a target=\"_blank\" aria-label=\"Compartir en Whatsapp\" href='https:\/\/api.whatsapp.com\/send?text=https:\/\/radiorevelacionfm.cl\/?p=16178' aria-hidden='false' data-av_icon='\uf232' data-av_iconfont='entypo-fontello' title='' data-avia-related-tooltip='Compartir en Whatsapp' rel=\"noopener\"><span class='avia_hidden_link_text'>Compartir en Whatsapp<\/span><\/a><\/li><li class='av-share-link av-social-link-linkedin' ><a target=\"_blank\" aria-label=\"Compartir en LinkedIn\" href='https:\/\/linkedin.com\/shareArticle?mini=true&#038;title=CORE%20aprueba%20financiamiento%20para%20la%20Reposici%C3%B3n%20de%20la%20Posta%20Rural%20de%20Puyuhuapi&#038;url=https:\/\/radiorevelacionfm.cl\/?p=16178' aria-hidden='false' data-av_icon='\ue8fc' data-av_iconfont='entypo-fontello' title='' data-avia-related-tooltip='Compartir en LinkedIn' rel=\"noopener\"><span class='avia_hidden_link_text'>Compartir en LinkedIn<\/span><\/a><\/li><li class='av-share-link av-social-link-mail' ><a  aria-label=\"Compartir por correo\" href='mailto:?subject=CORE%20aprueba%20financiamiento%20para%20la%20Reposici%C3%B3n%20de%20la%20Posta%20Rural%20de%20Puyuhuapi&#038;body=https:\/\/radiorevelacionfm.cl\/?p=16178' aria-hidden='false' data-av_icon='\ue805' data-av_iconfont='entypo-fontello' title='' data-avia-related-tooltip='Compartir por correo'><span class='avia_hidden_link_text'>Compartir por correo<\/span><\/a><\/li><\/ul><\/div><\/div>\n<div  style='height:50px' class='hr hr-invisible   avia-builder-el-8  el_after_av_social_share  el_before_av_comments_list '><span class='hr-inner ' ><span class='hr-inner-style'><\/span><\/span><\/div>\n<div  class='av-buildercomment  av-blog-meta-html-info-disabled av-blog-meta-tag-disabled  '><\/div>\n","protected":false},"excerpt":{"rendered":"","protected":false},"author":1,"featured_media":16180,"comment_status":"open","ping_status":"open","sticky":false,"template":"","format":"standard","meta":{"footnotes":""},"categories":[38,1],"tags":[],"class_list":["post-16178","post","type-post","status-publish","format-standard","has-post-thumbnail","hentry","category-regional","category-sin-categoria"],"jetpack_featured_media_url":"https:\/\/radiorevelacionfm.cl\/wp-content\/uploads\/2022\/04\/Posta-Puyuhuapi-2-1-1.jpeg","_links":{"self":[{"href":"https:\/\/radiorevelacionfm.cl\/index.php?rest_route=\/wp\/v2\/posts\/16178","targetHints":{"allow":["GET"]}}],"collection":[{"href":"https:\/\/radiorevelacionfm.cl\/index.php?rest_route=\/wp\/v2\/posts"}],"about":[{"href":"https:\/\/radiorevelacionfm.cl\/index.php?rest_route=\/wp\/v2\/types\/post"}],"author":[{"embeddable":true,"href":"https:\/\/radiorevelacionfm.cl\/index.php?rest_route=\/wp\/v2\/users\/1"}],"replies":[{"embeddable":true,"href":"https:\/\/radiorevelacionfm.cl\/index.php?rest_route=%2Fwp%2Fv2%2Fcomments&post=16178"}],"version-history":[{"count":2,"href":"https:\/\/radiorevelacionfm.cl\/index.php?rest_route=\/wp\/v2\/posts\/16178\/revisions"}],"predecessor-version":[{"id":16182,"href":"https:\/\/radiorevelacionfm.cl\/index.php?rest_route=\/wp\/v2\/posts\/16178\/revisions\/16182"}],"wp:featuredmedia":[{"embeddable":true,"href":"https:\/\/radiorevelacionfm.cl\/index.php?rest_route=\/wp\/v2\/media\/16180"}],"wp:attachment":[{"href":"https:\/\/radiorevelacionfm.cl\/index.php?rest_route=%2Fwp%2Fv2%2Fmedia&parent=16178"}],"wp:term":[{"taxonomy":"category","embeddable":true,"href":"https:\/\/radiorevelacionfm.cl\/index.php?rest_route=%2Fwp%2Fv2%2Fcategories&post=16178"},{"taxonomy":"post_tag","embeddable":true,"href":"https:\/\/radiorevelacionfm.cl\/index.php?rest_route=%2Fwp%2Fv2%2Ftags&post=16178"}],"curies":[{"name":"wp","href":"https:\/\/api.w.org\/{rel}","templated":true}]}}