{"id":16174,"date":"2022-04-25T19:43:30","date_gmt":"2022-04-25T22:43:30","guid":{"rendered":"https:\/\/radiorevelacionfm.cl\/?p=16174"},"modified":"2022-04-25T19:43:30","modified_gmt":"2022-04-25T22:43:30","slug":"fomento-a-la-perspectiva-intercultural-abordan-asociacion-mariman-y-delegado-presidencial-regional-de-aysen","status":"publish","type":"post","link":"https:\/\/radiorevelacionfm.cl\/?p=16174","title":{"rendered":"Fomento a la perspectiva intercultural abordan Asociaci\u00f3n  Marim\u00e1n y Delegado Presidencial Regional de Ays\u00e9n"},"content":{"rendered":"<div class=\"flex_column av_one_full  flex_column_div av-zero-column-padding first  avia-builder-el-0  el_before_av_one_full  avia-builder-el-first  \" style='border-radius:0px; '><div  class='avia-image-container  av-styling-    avia-builder-el-1  avia-builder-el-no-sibling  avia-align-center '  itemprop=\"image\" itemscope=\"itemscope\" itemtype=\"https:\/\/schema.org\/ImageObject\"  ><div class='avia-image-container-inner'><div class='avia-image-overlay-wrap'><img decoding=\"async\" class='wp-image-16175 avia-img-lazy-loading-not-16175 avia_image' src=\"https:\/\/radiorevelacionfm.cl\/wp-content\/uploads\/2022\/04\/img_2852-1-1_optimized.jpg\" alt='' title='img_2852-(1)-(1)_optimized' height=\"600\" width=\"903\"  itemprop=\"thumbnailUrl\" srcset=\"https:\/\/radiorevelacionfm.cl\/wp-content\/uploads\/2022\/04\/img_2852-1-1_optimized.jpg 903w, https:\/\/radiorevelacionfm.cl\/wp-content\/uploads\/2022\/04\/img_2852-1-1_optimized-300x199.jpg 300w, https:\/\/radiorevelacionfm.cl\/wp-content\/uploads\/2022\/04\/img_2852-1-1_optimized-768x510.jpg 768w, https:\/\/radiorevelacionfm.cl\/wp-content\/uploads\/2022\/04\/img_2852-1-1_optimized-705x468.jpg 705w, https:\/\/radiorevelacionfm.cl\/wp-content\/uploads\/2022\/04\/img_2852-1-1_optimized-600x399.jpg 600w\" sizes=\"(max-width: 903px) 100vw, 903px\" \/><\/div><\/div><\/div><\/div><div class=\"flex_column av_one_full  flex_column_div av-zero-column-padding first  avia-builder-el-2  el_after_av_one_full  el_before_av_one_full  column-top-margin\" style='border-radius:0px; '><section class=\"av_textblock_section \"  itemscope=\"itemscope\" itemtype=\"https:\/\/schema.org\/BlogPosting\" itemprop=\"blogPost\" ><div class='avia_textblock  '   itemprop=\"text\" ><p style=\"font-weight: 400; text-align: center;\"><span style=\"font-size: 18pt;\"><strong>Fomento a la perspectiva intercultural abordan Asociaci\u00f3n\u00a0<\/strong><strong>Marim\u00e1n y Delegado Presidencial Regional de Ays\u00e9n<\/strong><\/span><\/p>\n<div id=\"gtx-trans\" style=\"position: absolute; left: -50px; top: 4.31534px;\">\n<div class=\"gtx-trans-icon\"><\/div>\n<\/div>\n<\/div><\/section><\/div><div class=\"flex_column av_one_full  flex_column_div av-zero-column-padding first  avia-builder-el-4  el_after_av_one_full  el_before_av_hr  column-top-margin\" style='border-radius:0px; '><section class=\"av_textblock_section \"  itemscope=\"itemscope\" itemtype=\"https:\/\/schema.org\/BlogPosting\" itemprop=\"blogPost\" ><div class='avia_textblock  '   itemprop=\"text\" ><p style=\"font-weight: 400; text-align: justify;\">Sobre distintos \u00e1mbitos en los que debe expresarse la inclusi\u00f3n, igualdad y visibilidad de personas de or\u00edgenes diversos, para una mayor igualdad de derechos y oportunidades en una comunidad, dialogaron la Asociaci\u00f3n\u00a0mapuche\u00a0Marim\u00e1n y el Delegado Presidencial Regional, Rodrigo Araya Morales.<\/p>\n<p style=\"font-weight: 400; text-align: justify;\">El encuentro se realiz\u00f3 en la ruca ubicada en el sector Tejas Verdes, en Coyhaique, con participaci\u00f3n de m\u00e1s de 20 asistentes, encabezados por su presidenta, Elsa Canum\u00e1n, quien sintetiz\u00f3 algunos de los t\u00f3picos abordados.<\/p>\n<p style=\"font-weight: 400; text-align: justify;\">\u201cEl tema de la ruca, de los comit\u00e9s de vivienda y la parte cultural, que se vaya abriendo y se vaya reconociendo a la comunidad y a las asociaciones organizadas, con la personalidad jur\u00eddica vigente\u201d, indic\u00f3 la dirigente.<\/p>\n<p style=\"font-weight: 400; text-align: justify;\">Entre las asistentes, M\u00f3nica Levicoy a\u00f1adi\u00f3 la educaci\u00f3n intercultural como eje para afianzar la perspectiva intercultural en la comunidad local.<\/p>\n<p style=\"font-weight: 400; text-align: justify;\">\u201cEl primer objetivo fue tener un acercamiento con don Rodrigo Araya e informarle a \u00e9l en qu\u00e9 estamos, c\u00f3mo estamos trabajando, los comienzos que tenemos con nuestro comit\u00e9 de vivienda y todo lo referente al avance del trabajo que realizamos durante el a\u00f1o como Asociaci\u00f3n Marim\u00e1n. Nuestro primer punto es el tema de la educaci\u00f3n y que la educaci\u00f3n siga avanzando, porque ese es nuestro objetivo, que nuestros propios ni\u00f1os, nuestra propia Reima se siga fortaleciendo la cultura. En el tema del mapudungun, todo lo que entrega nuestra enriquecida cultura\u201d, precis\u00f3.<\/p>\n<p style=\"font-weight: 400; text-align: justify;\">En el encuentro, Rodrigo Araya destac\u00f3 la relevancia de la perspectiva intercultural para la comprensi\u00f3n de una realidad social y cultural diversa, que integre a personas de or\u00edgenes diversos a los debates y reflexiones de su comunidad.<\/p>\n<p style=\"font-weight: 400; text-align: justify;\">\u201cC\u00f3mo los pueblos originarios no solamente obtienen algunos beneficios, sino que tambi\u00e9n c\u00f3mo se incorporan a las tareas que tienen todas las agrupaciones sociales en nuestra comunidad. Hablamos del tema de vivienda, educaci\u00f3n intercultural, CONADI y la necesidad de que aumente esa instituci\u00f3n p\u00fablica ac\u00e1 en la regi\u00f3n, su presencia. Hablamos de la historia de las becas ind\u00edgena, de la evoluci\u00f3n que ha tenido en nuestra comunidad, en nuestra regi\u00f3n, el reconocimiento de ser mapuche. Tambi\u00e9n nos vamos con hartas tareas para apoyar su trabajo y esperamos cumplir con esa expectativa\u201d, se\u00f1al\u00f3.<\/p>\n<p style=\"font-weight: 400; text-align: justify;\">Seg\u00fan el Censo 2017, la Regi\u00f3n de Ays\u00e9n tiene un 29 por ciento de personas que se identifican como ind\u00edgenas, la posiciona como la tercera regi\u00f3n del pa\u00eds con mayor densidad de poblaci\u00f3n ind\u00edgena. En tanto, la Oficina de Enlace de CONADI Coyhaique registra 47 comunidades ind\u00edgenas y 54 asociaciones ind\u00edgenas.<\/p>\n<p style=\"font-weight: 400; text-align: justify;\">En cuanto a educaci\u00f3n y cultura, existe un trabajo colaborativo entre CONADI y JUNJI en materia de Educaci\u00f3n Intercultural Biling\u00fce, con 14 jardines infantiles incorporados al programa desde el a\u00f1o 2014 hasta la fecha.<\/p>\n<\/div><\/section><\/div><div  style='height:50px' class='hr hr-invisible   avia-builder-el-6  el_after_av_one_full  el_before_av_social_share '><span class='hr-inner ' ><span class='hr-inner-style'><\/span><\/span><\/div><\/p>\n<div  class='av-social-sharing-box  avia-builder-el-7  el_after_av_hr  el_before_av_hr  '><div class='av-share-box'><h5 class='av-share-link-description av-no-toc '>Compartir esta noticia<\/h5><ul class='av-share-box-list noLightbox'><li class='av-share-link av-social-link-facebook' ><a target=\"_blank\" aria-label=\"Compartir en Facebook\" href='https:\/\/www.facebook.com\/sharer.php?u=https:\/\/radiorevelacionfm.cl\/?p=16174&#038;t=Fomento%20a%20la%20perspectiva%20intercultural%20abordan%20Asociaci%C3%B3n%20%20Marim%C3%A1n%20y%20Delegado%20Presidencial%20Regional%20de%20Ays%C3%A9n' aria-hidden='false' data-av_icon='\ue8f3' data-av_iconfont='entypo-fontello' title='' data-avia-related-tooltip='Compartir en Facebook' rel=\"noopener\"><span class='avia_hidden_link_text'>Compartir en Facebook<\/span><\/a><\/li><li class='av-share-link av-social-link-twitter' ><a target=\"_blank\" aria-label=\"Compartir en Twitter\" href='https:\/\/twitter.com\/share?text=Fomento%20a%20la%20perspectiva%20intercultural%20abordan%20Asociaci%C3%B3n%20%20Marim%C3%A1n%20y%20Delegado%20Presidencial%20Regional%20de%20Ays%C3%A9n&#038;url=https:\/\/radiorevelacionfm.cl\/?p=16174' aria-hidden='false' data-av_icon='\ue8f1' data-av_iconfont='entypo-fontello' title='' data-avia-related-tooltip='Compartir en Twitter' rel=\"noopener\"><span class='avia_hidden_link_text'>Compartir en Twitter<\/span><\/a><\/li><li class='av-share-link av-social-link-whatsapp' ><a target=\"_blank\" aria-label=\"Compartir en Whatsapp\" href='https:\/\/api.whatsapp.com\/send?text=https:\/\/radiorevelacionfm.cl\/?p=16174' aria-hidden='false' data-av_icon='\uf232' data-av_iconfont='entypo-fontello' title='' data-avia-related-tooltip='Compartir en Whatsapp' rel=\"noopener\"><span class='avia_hidden_link_text'>Compartir en Whatsapp<\/span><\/a><\/li><li class='av-share-link av-social-link-linkedin' ><a target=\"_blank\" aria-label=\"Compartir en LinkedIn\" href='https:\/\/linkedin.com\/shareArticle?mini=true&#038;title=Fomento%20a%20la%20perspectiva%20intercultural%20abordan%20Asociaci%C3%B3n%20%20Marim%C3%A1n%20y%20Delegado%20Presidencial%20Regional%20de%20Ays%C3%A9n&#038;url=https:\/\/radiorevelacionfm.cl\/?p=16174' aria-hidden='false' data-av_icon='\ue8fc' data-av_iconfont='entypo-fontello' title='' data-avia-related-tooltip='Compartir en LinkedIn' rel=\"noopener\"><span class='avia_hidden_link_text'>Compartir en LinkedIn<\/span><\/a><\/li><li class='av-share-link av-social-link-mail' ><a  aria-label=\"Compartir por correo\" href='mailto:?subject=Fomento%20a%20la%20perspectiva%20intercultural%20abordan%20Asociaci%C3%B3n%20%20Marim%C3%A1n%20y%20Delegado%20Presidencial%20Regional%20de%20Ays%C3%A9n&#038;body=https:\/\/radiorevelacionfm.cl\/?p=16174' aria-hidden='false' data-av_icon='\ue805' data-av_iconfont='entypo-fontello' title='' data-avia-related-tooltip='Compartir por correo'><span class='avia_hidden_link_text'>Compartir por correo<\/span><\/a><\/li><\/ul><\/div><\/div>\n<div  style='height:50px' class='hr hr-invisible   avia-builder-el-8  el_after_av_social_share  el_before_av_comments_list '><span class='hr-inner ' ><span class='hr-inner-style'><\/span><\/span><\/div>\n<div  class='av-buildercomment  av-blog-meta-html-info-disabled av-blog-meta-tag-disabled  '><\/div>\n","protected":false},"excerpt":{"rendered":"","protected":false},"author":1,"featured_media":16175,"comment_status":"open","ping_status":"open","sticky":false,"template":"","format":"standard","meta":{"footnotes":""},"categories":[38],"tags":[],"class_list":["post-16174","post","type-post","status-publish","format-standard","has-post-thumbnail","hentry","category-regional"],"jetpack_featured_media_url":"https:\/\/radiorevelacionfm.cl\/wp-content\/uploads\/2022\/04\/img_2852-1-1_optimized.jpg","_links":{"self":[{"href":"https:\/\/radiorevelacionfm.cl\/index.php?rest_route=\/wp\/v2\/posts\/16174","targetHints":{"allow":["GET"]}}],"collection":[{"href":"https:\/\/radiorevelacionfm.cl\/index.php?rest_route=\/wp\/v2\/posts"}],"about":[{"href":"https:\/\/radiorevelacionfm.cl\/index.php?rest_route=\/wp\/v2\/types\/post"}],"author":[{"embeddable":true,"href":"https:\/\/radiorevelacionfm.cl\/index.php?rest_route=\/wp\/v2\/users\/1"}],"replies":[{"embeddable":true,"href":"https:\/\/radiorevelacionfm.cl\/index.php?rest_route=%2Fwp%2Fv2%2Fcomments&post=16174"}],"version-history":[{"count":2,"href":"https:\/\/radiorevelacionfm.cl\/index.php?rest_route=\/wp\/v2\/posts\/16174\/revisions"}],"predecessor-version":[{"id":16190,"href":"https:\/\/radiorevelacionfm.cl\/index.php?rest_route=\/wp\/v2\/posts\/16174\/revisions\/16190"}],"wp:featuredmedia":[{"embeddable":true,"href":"https:\/\/radiorevelacionfm.cl\/index.php?rest_route=\/wp\/v2\/media\/16175"}],"wp:attachment":[{"href":"https:\/\/radiorevelacionfm.cl\/index.php?rest_route=%2Fwp%2Fv2%2Fmedia&parent=16174"}],"wp:term":[{"taxonomy":"category","embeddable":true,"href":"https:\/\/radiorevelacionfm.cl\/index.php?rest_route=%2Fwp%2Fv2%2Fcategories&post=16174"},{"taxonomy":"post_tag","embeddable":true,"href":"https:\/\/radiorevelacionfm.cl\/index.php?rest_route=%2Fwp%2Fv2%2Ftags&post=16174"}],"curies":[{"name":"wp","href":"https:\/\/api.w.org\/{rel}","templated":true}]}}