{"id":16170,"date":"2022-04-25T15:08:15","date_gmt":"2022-04-25T18:08:15","guid":{"rendered":"https:\/\/radiorevelacionfm.cl\/?p=16170"},"modified":"2022-04-25T15:08:15","modified_gmt":"2022-04-25T18:08:15","slug":"subsecretario-de-transportes-visita-aysen-para-abordar-desafios-de-conectividad-en-la-region","status":"publish","type":"post","link":"https:\/\/radiorevelacionfm.cl\/?p=16170","title":{"rendered":"Subsecretario de Transportes visita Ays\u00e9n para abordar desaf\u00edos de conectividad en la regi\u00f3n"},"content":{"rendered":"<div class=\"flex_column av_one_full  flex_column_div av-zero-column-padding first  avia-builder-el-0  el_before_av_one_full  avia-builder-el-first  \" style='border-radius:0px; '><div  class='avia-image-container  av-styling-    avia-builder-el-1  avia-builder-el-no-sibling  avia-align-center '  itemprop=\"image\" itemscope=\"itemscope\" itemtype=\"https:\/\/schema.org\/ImageObject\"  ><div class='avia-image-container-inner'><div class='avia-image-overlay-wrap'><img decoding=\"async\" class='wp-image-16171 avia-img-lazy-loading-not-16171 avia_image' src=\"https:\/\/radiorevelacionfm.cl\/wp-content\/uploads\/2022\/04\/Subsecretario-Pineda-y-Seremi-Cantero-1-1.jpg\" alt='' title='Subsecretario Pineda y Seremi Cantero (1) (1)' height=\"600\" width=\"900\"  itemprop=\"thumbnailUrl\" srcset=\"https:\/\/radiorevelacionfm.cl\/wp-content\/uploads\/2022\/04\/Subsecretario-Pineda-y-Seremi-Cantero-1-1.jpg 900w, https:\/\/radiorevelacionfm.cl\/wp-content\/uploads\/2022\/04\/Subsecretario-Pineda-y-Seremi-Cantero-1-1-300x200.jpg 300w, https:\/\/radiorevelacionfm.cl\/wp-content\/uploads\/2022\/04\/Subsecretario-Pineda-y-Seremi-Cantero-1-1-768x512.jpg 768w, https:\/\/radiorevelacionfm.cl\/wp-content\/uploads\/2022\/04\/Subsecretario-Pineda-y-Seremi-Cantero-1-1-705x470.jpg 705w, https:\/\/radiorevelacionfm.cl\/wp-content\/uploads\/2022\/04\/Subsecretario-Pineda-y-Seremi-Cantero-1-1-600x400.jpg 600w\" sizes=\"(max-width: 900px) 100vw, 900px\" \/><\/div><\/div><\/div><\/div><div class=\"flex_column av_one_full  flex_column_div av-zero-column-padding first  avia-builder-el-2  el_after_av_one_full  el_before_av_one_full  column-top-margin\" style='border-radius:0px; '><section class=\"av_textblock_section \"  itemscope=\"itemscope\" itemtype=\"https:\/\/schema.org\/BlogPosting\" itemprop=\"blogPost\" ><div class='avia_textblock  '   itemprop=\"text\" ><p style=\"text-align: center;\"><span style=\"font-size: 18pt;\"><b>Subsecretario de Transportes visita Ays\u00e9n para abordar desaf\u00edos de conectividad en la regi\u00f3n<\/b><\/span><\/p>\n<div id=\"gtx-trans\" style=\"position: absolute; left: -50px; top: 4.31534px;\">\n<div class=\"gtx-trans-icon\"><\/div>\n<\/div>\n<\/div><\/section><\/div><div class=\"flex_column av_one_full  flex_column_div av-zero-column-padding first  avia-builder-el-4  el_after_av_one_full  el_before_av_hr  column-top-margin\" style='border-radius:0px; '><section class=\"av_textblock_section \"  itemscope=\"itemscope\" itemtype=\"https:\/\/schema.org\/BlogPosting\" itemprop=\"blogPost\" ><div class='avia_textblock  '   itemprop=\"text\" ><p style=\"font-weight: 400; text-align: justify;\">A partir de este lunes 25 de abril, el subsecretario de Transportes Crist\u00f3bal Pineda Andradez, visitar\u00e1 la regi\u00f3n con la finalidad de revisar en terreno la realidad de la conectividad regional, dialogar con las comunidades locales y explorar soluciones a los desaf\u00edos locales en estas materias.<\/p>\n<p style=\"font-weight: 400; text-align: justify;\">\u201cComo Ministerio de Transportes, nuestra prioridad son las regiones, especialmente aquellas donde existen mayores brechas de movilidad, como es el caso de Ays\u00e9n. Por eso, hemos priorizado esta regi\u00f3n dentro de mi agenda de visitas a lo largo de Chile. Vengo a escuchar y dialogar, pero tambi\u00e9n a plantear soluciones\u201d, se\u00f1al\u00f3 Crist\u00f3bal Pineda.<\/p>\n<p style=\"font-weight: 400; text-align: justify;\">Para abordar estas tem\u00e1ticas, el subsecretario de Transportes, junto con la Seremi de Transportes y Telecomunicaciones, Claudia Cantero, sostendr\u00e1n una ronda de reuniones con la Gobernadora de Ays\u00e9n, Andrea Mac\u00edas, y alcaldes de seis de las 10 comunas que componen la regi\u00f3n. En estos encuentros Pineda tambi\u00e9n dar\u00e1 a conocer los \u00e9nfasis que el gobierno del Presidente Boric pondr\u00e1 en el trabajo de su cartera, los que en el caso de la regi\u00f3n de Ays\u00e9n se enfocan en la conectividad de zonas aisladas, la promoci\u00f3n de modos activos de movilidad y el transporte p\u00fablico.<\/p>\n<p style=\"font-weight: 400; text-align: justify;\">Sobre el \u00faltimo punto, el subsecretario de Transportes precis\u00f3 que Ays\u00e9n es una de las cuatro regiones que no cuenta con sistemas de transporte p\u00fablico urbano regulado. Esto implica que la locomoci\u00f3n funciona bajo un decreto dictado hace 30 a\u00f1os, el cual entrega al Ministerio de Transportes facultades muy limitadas de fiscalizaci\u00f3n, las cuales no contribuyen a la mejora de los servicios.<\/p>\n<p style=\"font-weight: 400; text-align: justify;\">\u201cSabemos de las dificultades que est\u00e1n experimentando las vecinas y vecinos de Coyhaique y Puerto Ays\u00e9n con la locomoci\u00f3n colectiva. Por ejemplo, la falta de conectividad en la Villa Los Glaciares y la Poblaci\u00f3n Clotario Blest en Coyhaique\u201d, expres\u00f3 la autoridad. \u201cLa voluntad del Ministerio es avanzar en la mejora del transporte p\u00fablico urbano en la regi\u00f3n de Ays\u00e9n, en di\u00e1logo con todos los actores involucrados. Esto nos permitir\u00e1 establecer y exigir est\u00e1ndares m\u00e1s altos en t\u00e9rminos de cobertura, frecuencias, horarios, seguridad e impacto ambiental\u201d, agreg\u00f3 Pineda.<\/p>\n<p style=\"font-weight: 400; text-align: justify;\"><strong>Conectividad en Chile Chico<\/strong><\/p>\n<p style=\"font-weight: 400; text-align: justify;\">Dentro de la agenda del subsecretario de Transportes, destaca la visita que realizar\u00e1 a la localidad de Chile Chico, en donde sostendr\u00e1 un encuentro con la comunidad, as\u00ed como autoridades regionales y comunales. La autoridad del MTT afirm\u00f3 que estando en conocimiento de las dificultades que han vivido los vecinos de Chile Chico: \u201cal asumir funciones nos encontramos con un problema no resuelto que se arrastraba desde agosto del a\u00f1o pasado, por esto le hemos pedido a la Seremi Cantero que priorice la b\u00fasqueda de soluciones para esta comunidad\u201d.<\/p>\n<p style=\"font-weight: 400; text-align: justify;\">Desde el Ministerio de Transportes hemos estado trabajando en medidas excepcionales para asegurar la continuidad del servicio de conectividad en el Lago General Carrera. Por esta raz\u00f3n, nos trasladaremos hasta la comuna de Chile Chico para dialogar sobre estas soluciones con las autoridades comunales, vecinos y vecinas\u201d, complement\u00f3 la Seremi Claudia Cantero.<\/p>\n<p style=\"font-weight: 400; text-align: justify;\">La autoridad regional tambi\u00e9n indic\u00f3 que m\u00e1s all\u00e1 de la resoluci\u00f3n de esta coyuntura, el Ministerio de Transportes se encuentra trabajando en un plan integral de conectividad mar\u00edtima, lacustre y fluvial para la Regi\u00f3n de Ays\u00e9n. Esta iniciativa tiene por objetivo el dise\u00f1o de soluciones para las necesidades de conectividad en diversas zonas de la regi\u00f3n, entre ellas el litoral norte, el lago General Carrera y la provincia de Capit\u00e1n Prat.<\/p>\n<\/div><\/section><\/div><div  style='height:50px' class='hr hr-invisible   avia-builder-el-6  el_after_av_one_full  el_before_av_social_share '><span class='hr-inner ' ><span class='hr-inner-style'><\/span><\/span><\/div><\/p>\n<div  class='av-social-sharing-box  avia-builder-el-7  el_after_av_hr  el_before_av_hr  '><div class='av-share-box'><h5 class='av-share-link-description av-no-toc '>Compartir esta noticia<\/h5><ul class='av-share-box-list noLightbox'><li class='av-share-link av-social-link-facebook' ><a target=\"_blank\" aria-label=\"Compartir en Facebook\" href='https:\/\/www.facebook.com\/sharer.php?u=https:\/\/radiorevelacionfm.cl\/?p=16170&#038;t=Subsecretario%20de%20Transportes%20visita%20Ays%C3%A9n%20para%20abordar%20desaf%C3%ADos%20de%20conectividad%20en%20la%20regi%C3%B3n' aria-hidden='false' data-av_icon='\ue8f3' data-av_iconfont='entypo-fontello' title='' data-avia-related-tooltip='Compartir en Facebook' rel=\"noopener\"><span class='avia_hidden_link_text'>Compartir en Facebook<\/span><\/a><\/li><li class='av-share-link av-social-link-twitter' ><a target=\"_blank\" aria-label=\"Compartir en Twitter\" href='https:\/\/twitter.com\/share?text=Subsecretario%20de%20Transportes%20visita%20Ays%C3%A9n%20para%20abordar%20desaf%C3%ADos%20de%20conectividad%20en%20la%20regi%C3%B3n&#038;url=https:\/\/radiorevelacionfm.cl\/?p=16170' aria-hidden='false' data-av_icon='\ue8f1' data-av_iconfont='entypo-fontello' title='' data-avia-related-tooltip='Compartir en Twitter' rel=\"noopener\"><span class='avia_hidden_link_text'>Compartir en Twitter<\/span><\/a><\/li><li class='av-share-link av-social-link-whatsapp' ><a target=\"_blank\" aria-label=\"Compartir en Whatsapp\" href='https:\/\/api.whatsapp.com\/send?text=https:\/\/radiorevelacionfm.cl\/?p=16170' aria-hidden='false' data-av_icon='\uf232' data-av_iconfont='entypo-fontello' title='' data-avia-related-tooltip='Compartir en Whatsapp' rel=\"noopener\"><span class='avia_hidden_link_text'>Compartir en Whatsapp<\/span><\/a><\/li><li class='av-share-link av-social-link-linkedin' ><a target=\"_blank\" aria-label=\"Compartir en LinkedIn\" href='https:\/\/linkedin.com\/shareArticle?mini=true&#038;title=Subsecretario%20de%20Transportes%20visita%20Ays%C3%A9n%20para%20abordar%20desaf%C3%ADos%20de%20conectividad%20en%20la%20regi%C3%B3n&#038;url=https:\/\/radiorevelacionfm.cl\/?p=16170' aria-hidden='false' data-av_icon='\ue8fc' data-av_iconfont='entypo-fontello' title='' data-avia-related-tooltip='Compartir en LinkedIn' rel=\"noopener\"><span class='avia_hidden_link_text'>Compartir en LinkedIn<\/span><\/a><\/li><li class='av-share-link av-social-link-mail' ><a  aria-label=\"Compartir por correo\" href='mailto:?subject=Subsecretario%20de%20Transportes%20visita%20Ays%C3%A9n%20para%20abordar%20desaf%C3%ADos%20de%20conectividad%20en%20la%20regi%C3%B3n&#038;body=https:\/\/radiorevelacionfm.cl\/?p=16170' aria-hidden='false' data-av_icon='\ue805' data-av_iconfont='entypo-fontello' title='' data-avia-related-tooltip='Compartir por correo'><span class='avia_hidden_link_text'>Compartir por correo<\/span><\/a><\/li><\/ul><\/div><\/div>\n<div  style='height:50px' class='hr hr-invisible   avia-builder-el-8  el_after_av_social_share  el_before_av_comments_list '><span class='hr-inner ' ><span class='hr-inner-style'><\/span><\/span><\/div>\n<div  class='av-buildercomment  av-blog-meta-html-info-disabled av-blog-meta-tag-disabled  '><\/div>\n","protected":false},"excerpt":{"rendered":"","protected":false},"author":1,"featured_media":16171,"comment_status":"open","ping_status":"open","sticky":false,"template":"","format":"standard","meta":{"footnotes":""},"categories":[38],"tags":[],"class_list":["post-16170","post","type-post","status-publish","format-standard","has-post-thumbnail","hentry","category-regional"],"jetpack_featured_media_url":"https:\/\/radiorevelacionfm.cl\/wp-content\/uploads\/2022\/04\/Subsecretario-Pineda-y-Seremi-Cantero-1-1.jpg","_links":{"self":[{"href":"https:\/\/radiorevelacionfm.cl\/index.php?rest_route=\/wp\/v2\/posts\/16170","targetHints":{"allow":["GET"]}}],"collection":[{"href":"https:\/\/radiorevelacionfm.cl\/index.php?rest_route=\/wp\/v2\/posts"}],"about":[{"href":"https:\/\/radiorevelacionfm.cl\/index.php?rest_route=\/wp\/v2\/types\/post"}],"author":[{"embeddable":true,"href":"https:\/\/radiorevelacionfm.cl\/index.php?rest_route=\/wp\/v2\/users\/1"}],"replies":[{"embeddable":true,"href":"https:\/\/radiorevelacionfm.cl\/index.php?rest_route=%2Fwp%2Fv2%2Fcomments&post=16170"}],"version-history":[{"count":2,"href":"https:\/\/radiorevelacionfm.cl\/index.php?rest_route=\/wp\/v2\/posts\/16170\/revisions"}],"predecessor-version":[{"id":16173,"href":"https:\/\/radiorevelacionfm.cl\/index.php?rest_route=\/wp\/v2\/posts\/16170\/revisions\/16173"}],"wp:featuredmedia":[{"embeddable":true,"href":"https:\/\/radiorevelacionfm.cl\/index.php?rest_route=\/wp\/v2\/media\/16171"}],"wp:attachment":[{"href":"https:\/\/radiorevelacionfm.cl\/index.php?rest_route=%2Fwp%2Fv2%2Fmedia&parent=16170"}],"wp:term":[{"taxonomy":"category","embeddable":true,"href":"https:\/\/radiorevelacionfm.cl\/index.php?rest_route=%2Fwp%2Fv2%2Fcategories&post=16170"},{"taxonomy":"post_tag","embeddable":true,"href":"https:\/\/radiorevelacionfm.cl\/index.php?rest_route=%2Fwp%2Fv2%2Ftags&post=16170"}],"curies":[{"name":"wp","href":"https:\/\/api.w.org\/{rel}","templated":true}]}}