{"id":16164,"date":"2022-04-26T10:36:15","date_gmt":"2022-04-26T13:36:15","guid":{"rendered":"https:\/\/radiorevelacionfm.cl\/?p=16164"},"modified":"2022-05-25T13:29:22","modified_gmt":"2022-05-25T16:29:22","slug":"injuv-y-ministerio-de-las-culturas-invitan-a-jovenes-del-todo-el-pais-a-participar-en-voluntariado-durante-el-dia-del-patrimonio","status":"publish","type":"post","link":"https:\/\/radiorevelacionfm.cl\/?p=16164","title":{"rendered":"INJUV y Ministerio de las culturas invitan a j\u00f3venes del todo el pa\u00eds a participar en voluntariado durante el d\u00eda del Patrimonio"},"content":{"rendered":"<div class=\"flex_column av_one_full  flex_column_div av-zero-column-padding first  avia-builder-el-0  el_before_av_one_full  avia-builder-el-first  \" style='border-radius:0px; '><div  class='avia-image-container  av-styling-    avia-builder-el-1  avia-builder-el-no-sibling  avia-align-center '  itemprop=\"image\" itemscope=\"itemscope\" itemtype=\"https:\/\/schema.org\/ImageObject\"  ><div class='avia-image-container-inner'><div class='avia-image-overlay-wrap'><img decoding=\"async\" class='wp-image-17167 avia-img-lazy-loading-not-17167 avia_image' src=\"https:\/\/radiorevelacionfm.cl\/wp-content\/uploads\/2022\/05\/Foto-Referencial-Genesis-Arias-Fuentes-1-1-1-1.jpg\" alt='' title='Foto Referencial G\u00e9nesis Arias Fuentes 1 (1) (1)' height=\"600\" width=\"926\"  itemprop=\"thumbnailUrl\" srcset=\"https:\/\/radiorevelacionfm.cl\/wp-content\/uploads\/2022\/05\/Foto-Referencial-Genesis-Arias-Fuentes-1-1-1-1.jpg 926w, https:\/\/radiorevelacionfm.cl\/wp-content\/uploads\/2022\/05\/Foto-Referencial-Genesis-Arias-Fuentes-1-1-1-1-300x194.jpg 300w, https:\/\/radiorevelacionfm.cl\/wp-content\/uploads\/2022\/05\/Foto-Referencial-Genesis-Arias-Fuentes-1-1-1-1-768x498.jpg 768w, https:\/\/radiorevelacionfm.cl\/wp-content\/uploads\/2022\/05\/Foto-Referencial-Genesis-Arias-Fuentes-1-1-1-1-705x457.jpg 705w, https:\/\/radiorevelacionfm.cl\/wp-content\/uploads\/2022\/05\/Foto-Referencial-Genesis-Arias-Fuentes-1-1-1-1-600x389.jpg 600w\" sizes=\"(max-width: 926px) 100vw, 926px\" \/><\/div><\/div><\/div><\/div><div class=\"flex_column av_one_full  flex_column_div av-zero-column-padding first  avia-builder-el-2  el_after_av_one_full  el_before_av_one_full  column-top-margin\" style='border-radius:0px; '><section class=\"av_textblock_section \"  itemscope=\"itemscope\" itemtype=\"https:\/\/schema.org\/BlogPosting\" itemprop=\"blogPost\" ><div class='avia_textblock  '   itemprop=\"text\" ><p style=\"text-align: center;\"><strong><span style=\"font-size: 18pt;\">INJUV y Ministerio de las culturas invitan a j\u00f3venes del todo el pa\u00eds a participar en voluntariado durante el d\u00eda del Patrimonio<\/span><\/strong><\/p>\n<div id=\"gtx-trans\" style=\"position: absolute; left: -50px; top: 4.31534px;\">\n<div class=\"gtx-trans-icon\"><\/div>\n<\/div>\n<\/div><\/section><\/div><\/p>\n<div class=\"flex_column av_one_full  flex_column_div av-zero-column-padding first  avia-builder-el-4  el_after_av_one_full  el_before_av_hr  column-top-margin\" style='border-radius:0px; '><section class=\"av_textblock_section \"  itemscope=\"itemscope\" itemtype=\"https:\/\/schema.org\/BlogPosting\" itemprop=\"blogPost\" ><div class='avia_textblock  '   itemprop=\"text\" ><p style=\"text-align: justify;\">El Instituto Nacional de la Juventud (INJUV) y el Ministerio de las Culturas, las Artes y el Patrimonio, a trav\u00e9s del Consejo de Monumentos Nacionales (CMN), se unen una vez m\u00e1s para que las y los j\u00f3venes de todo el\u00a0 pa\u00eds\u00a0 participen activamente en el D\u00eda del Patrimonio, celebraci\u00f3n que se realiza a fines de mayo y que permite que la ciudadan\u00eda conozca los edificios patrimoniales a trav\u00e9s de visitadas guiadas y de forma completamente gratuita.<\/p>\n<p style=\"text-align: justify;\">La Directora Regional (s) de INJUV, G\u00e9nesis Arias Fuentes, explica que esta octava versi\u00f3n del voluntariado consiste en \u201cuna instancia dirigida a j\u00f3venes de 15 a 29 a\u00f1os, de todo el pa\u00eds, para que participen de dos formas: siendo monitores o tomando fotos y actualizando el contenido sobre nuestro patrimonio en Wikipedia. Lo que buscamos es conectar a las juventudes con un tema tan importante como lo es el patrimonio\u201d.<\/p>\n<p style=\"text-align: justify;\">El Seremi de Culturas Ays\u00e9n, Felipe Quiroz V\u00e1squez, dijo que \u201cla juventud siempre ha sido una aliada protag\u00f3nica en los D\u00edas de los Patrimonios y creemos que el rol que juegan durante estas jornadas de mayo es fundamental. Por esto, como Ministerio de las Culturas, las Artes y el Patrimonio nos sumamos a esta invitaci\u00f3n abierta a j\u00f3venes de la Regi\u00f3n de Ays\u00e9n que quieran participar en los D\u00edas de los Patrimonios, colaborando tanto en las visitas patrimoniales como en la cobertura\u201d.<\/p>\n<p style=\"text-align: justify;\">Quienes participen como monitores podr\u00e1n guiar y compartir sus conocimientos sobre el lugar que las personas visitan, y podr\u00e1n recomendar sobre qu\u00e9 otros lugares visitar durante esta celebraci\u00f3n dentro de su ciudad.<\/p>\n<p style=\"text-align: justify;\">Del mismo modo, quienes deseen participar en la segunda alternativa Wikimedia Chile, cap\u00edtulo local de la Fundaci\u00f3n Wikimedia, realizar\u00e1 capacitaciones a j\u00f3venes interesados en realizar fotograf\u00eda patrimonial usando celulares o c\u00e1maras fotogr\u00e1ficas, conocer\u00e1n de los monumentos y barrios patrimoniales en su regi\u00f3n y contribuir\u00e1n a la mejora de la informaci\u00f3n fotogr\u00e1fica de estos lugares que actualmente se encuentra en Wikipedia.<\/p>\n<p style=\"text-align: justify;\">\u201cA pesar de que Wikipedia es una enciclopedia donde todos pueden aportar contenidos, todav\u00eda hay monumentos y barrios patrimoniales, especialmente en sectores alejados de las grandes ciudades, que no tienen informaci\u00f3n, ni siquiera una foto. En esta nueva colaboraci\u00f3n con INJUV y el CMN formaremos a j\u00f3venes voluntarios para que tomen fotograf\u00edas y las suban a Wikipedia como una forma de visibilizar sus patrimonios locales y tomar protagonismo en ese proceso de construcci\u00f3n de nueva informaci\u00f3n\u201d, explica la directora ejecutiva de Wikimedia Chile, Patricia D\u00edaz Rubio.<\/p>\n<p style=\"text-align: justify;\">Las personas interesadas deben se\u00f1alar la comuna en que residen, ya que la idea es que realicen el voluntariado en su regi\u00f3n.<\/p>\n<p style=\"text-align: justify;\">Las postulaciones ya est\u00e1n abiertas y se cierran\u00a0 el 8 de mayo, postula y participa\u00a0 en el siguiente link: <a href=\"https:\/\/extranet.injuv.gob.cl\/dia_del_patrimonio\/\">https:\/\/extranet.injuv.gob.cl\/dia_del_patrimonio\/<\/a><\/p>\n<\/div><\/section><\/div>\n<div  style='height:50px' class='hr hr-invisible   avia-builder-el-6  el_after_av_one_full  el_before_av_social_share '><span class='hr-inner ' ><span class='hr-inner-style'><\/span><\/span><\/div>\n<div  class='av-social-sharing-box  avia-builder-el-7  el_after_av_hr  el_before_av_hr  '><div class='av-share-box'><h5 class='av-share-link-description av-no-toc '>Compartir esta noticia<\/h5><ul class='av-share-box-list noLightbox'><li class='av-share-link av-social-link-facebook' ><a target=\"_blank\" aria-label=\"Compartir en Facebook\" href='https:\/\/www.facebook.com\/sharer.php?u=https:\/\/radiorevelacionfm.cl\/?p=16164&#038;t=INJUV%20y%20Ministerio%20de%20las%20culturas%20invitan%20a%20j%C3%B3venes%20del%20todo%20el%20pa%C3%ADs%20a%20participar%20en%20voluntariado%20durante%20el%20d%C3%ADa%20del%20Patrimonio' aria-hidden='false' data-av_icon='\ue8f3' data-av_iconfont='entypo-fontello' title='' data-avia-related-tooltip='Compartir en Facebook' rel=\"noopener\"><span class='avia_hidden_link_text'>Compartir en Facebook<\/span><\/a><\/li><li class='av-share-link av-social-link-twitter' ><a target=\"_blank\" aria-label=\"Compartir en Twitter\" href='https:\/\/twitter.com\/share?text=INJUV%20y%20Ministerio%20de%20las%20culturas%20invitan%20a%20j%C3%B3venes%20del%20todo%20el%20pa%C3%ADs%20a%20participar%20en%20voluntariado%20durante%20el%20d%C3%ADa%20del%20Patrimonio&#038;url=https:\/\/radiorevelacionfm.cl\/?p=16164' aria-hidden='false' data-av_icon='\ue8f1' data-av_iconfont='entypo-fontello' title='' data-avia-related-tooltip='Compartir en Twitter' rel=\"noopener\"><span class='avia_hidden_link_text'>Compartir en Twitter<\/span><\/a><\/li><li class='av-share-link av-social-link-whatsapp' ><a target=\"_blank\" aria-label=\"Compartir en Whatsapp\" href='https:\/\/api.whatsapp.com\/send?text=https:\/\/radiorevelacionfm.cl\/?p=16164' aria-hidden='false' data-av_icon='\uf232' data-av_iconfont='entypo-fontello' title='' data-avia-related-tooltip='Compartir en Whatsapp' rel=\"noopener\"><span class='avia_hidden_link_text'>Compartir en Whatsapp<\/span><\/a><\/li><li class='av-share-link av-social-link-linkedin' ><a target=\"_blank\" aria-label=\"Compartir en LinkedIn\" href='https:\/\/linkedin.com\/shareArticle?mini=true&#038;title=INJUV%20y%20Ministerio%20de%20las%20culturas%20invitan%20a%20j%C3%B3venes%20del%20todo%20el%20pa%C3%ADs%20a%20participar%20en%20voluntariado%20durante%20el%20d%C3%ADa%20del%20Patrimonio&#038;url=https:\/\/radiorevelacionfm.cl\/?p=16164' aria-hidden='false' data-av_icon='\ue8fc' data-av_iconfont='entypo-fontello' title='' data-avia-related-tooltip='Compartir en LinkedIn' rel=\"noopener\"><span class='avia_hidden_link_text'>Compartir en LinkedIn<\/span><\/a><\/li><li class='av-share-link av-social-link-mail' ><a  aria-label=\"Compartir por correo\" href='mailto:?subject=INJUV%20y%20Ministerio%20de%20las%20culturas%20invitan%20a%20j%C3%B3venes%20del%20todo%20el%20pa%C3%ADs%20a%20participar%20en%20voluntariado%20durante%20el%20d%C3%ADa%20del%20Patrimonio&#038;body=https:\/\/radiorevelacionfm.cl\/?p=16164' aria-hidden='false' data-av_icon='\ue805' data-av_iconfont='entypo-fontello' title='' data-avia-related-tooltip='Compartir por correo'><span class='avia_hidden_link_text'>Compartir por correo<\/span><\/a><\/li><\/ul><\/div><\/div>\n<div  style='height:50px' class='hr hr-invisible   avia-builder-el-8  el_after_av_social_share  el_before_av_comments_list '><span class='hr-inner ' ><span class='hr-inner-style'><\/span><\/span><\/div>\n<div  class='av-buildercomment  av-blog-meta-html-info-disabled av-blog-meta-tag-disabled  '><\/div>\n","protected":false},"excerpt":{"rendered":"","protected":false},"author":1,"featured_media":17167,"comment_status":"open","ping_status":"open","sticky":false,"template":"","format":"standard","meta":{"footnotes":""},"categories":[52],"tags":[],"class_list":["post-16164","post","type-post","status-publish","format-standard","has-post-thumbnail","hentry","category-cultura"],"jetpack_featured_media_url":"https:\/\/radiorevelacionfm.cl\/wp-content\/uploads\/2022\/05\/Foto-Referencial-Genesis-Arias-Fuentes-1-1-1-1.jpg","_links":{"self":[{"href":"https:\/\/radiorevelacionfm.cl\/index.php?rest_route=\/wp\/v2\/posts\/16164","targetHints":{"allow":["GET"]}}],"collection":[{"href":"https:\/\/radiorevelacionfm.cl\/index.php?rest_route=\/wp\/v2\/posts"}],"about":[{"href":"https:\/\/radiorevelacionfm.cl\/index.php?rest_route=\/wp\/v2\/types\/post"}],"author":[{"embeddable":true,"href":"https:\/\/radiorevelacionfm.cl\/index.php?rest_route=\/wp\/v2\/users\/1"}],"replies":[{"embeddable":true,"href":"https:\/\/radiorevelacionfm.cl\/index.php?rest_route=%2Fwp%2Fv2%2Fcomments&post=16164"}],"version-history":[{"count":4,"href":"https:\/\/radiorevelacionfm.cl\/index.php?rest_route=\/wp\/v2\/posts\/16164\/revisions"}],"predecessor-version":[{"id":17173,"href":"https:\/\/radiorevelacionfm.cl\/index.php?rest_route=\/wp\/v2\/posts\/16164\/revisions\/17173"}],"wp:featuredmedia":[{"embeddable":true,"href":"https:\/\/radiorevelacionfm.cl\/index.php?rest_route=\/wp\/v2\/media\/17167"}],"wp:attachment":[{"href":"https:\/\/radiorevelacionfm.cl\/index.php?rest_route=%2Fwp%2Fv2%2Fmedia&parent=16164"}],"wp:term":[{"taxonomy":"category","embeddable":true,"href":"https:\/\/radiorevelacionfm.cl\/index.php?rest_route=%2Fwp%2Fv2%2Fcategories&post=16164"},{"taxonomy":"post_tag","embeddable":true,"href":"https:\/\/radiorevelacionfm.cl\/index.php?rest_route=%2Fwp%2Fv2%2Ftags&post=16164"}],"curies":[{"name":"wp","href":"https:\/\/api.w.org\/{rel}","templated":true}]}}