{"id":16156,"date":"2022-04-25T18:14:45","date_gmt":"2022-04-25T21:14:45","guid":{"rendered":"https:\/\/radiorevelacionfm.cl\/?p=16156"},"modified":"2022-04-25T18:14:45","modified_gmt":"2022-04-25T21:14:45","slug":"estudiantes-de-la-orquesta-pre-escolar-de-la-escuela-aysen-reciben-sus-instrumentos-musicales","status":"publish","type":"post","link":"https:\/\/radiorevelacionfm.cl\/?p=16156","title":{"rendered":"Estudiantes de la Orquesta Pre Escolar de la escuela Ays\u00e9n reciben sus instrumentos musicales"},"content":{"rendered":"<div class=\"flex_column av_one_full  flex_column_div av-zero-column-padding first  avia-builder-el-0  el_before_av_one_full  avia-builder-el-first  \" style='border-radius:0px; '><div  class='avia-image-container  av-styling-    avia-builder-el-1  avia-builder-el-no-sibling  avia-align-center '  itemprop=\"image\" itemscope=\"itemscope\" itemtype=\"https:\/\/schema.org\/ImageObject\"  ><div class='avia-image-container-inner'><div class='avia-image-overlay-wrap'><img decoding=\"async\" class='wp-image-16157 avia-img-lazy-loading-not-16157 avia_image' src=\"https:\/\/radiorevelacionfm.cl\/wp-content\/uploads\/2022\/04\/278395418_4955722844554670_3870146353726110908_n-1-1.jpg\" alt='' title='278395418_4955722844554670_3870146353726110908_n (1) (1)' height=\"600\" width=\"800\"  itemprop=\"thumbnailUrl\" srcset=\"https:\/\/radiorevelacionfm.cl\/wp-content\/uploads\/2022\/04\/278395418_4955722844554670_3870146353726110908_n-1-1.jpg 800w, https:\/\/radiorevelacionfm.cl\/wp-content\/uploads\/2022\/04\/278395418_4955722844554670_3870146353726110908_n-1-1-300x225.jpg 300w, https:\/\/radiorevelacionfm.cl\/wp-content\/uploads\/2022\/04\/278395418_4955722844554670_3870146353726110908_n-1-1-768x576.jpg 768w, https:\/\/radiorevelacionfm.cl\/wp-content\/uploads\/2022\/04\/278395418_4955722844554670_3870146353726110908_n-1-1-705x529.jpg 705w, https:\/\/radiorevelacionfm.cl\/wp-content\/uploads\/2022\/04\/278395418_4955722844554670_3870146353726110908_n-1-1-600x450.jpg 600w\" sizes=\"(max-width: 800px) 100vw, 800px\" \/><\/div><\/div><\/div><\/div><div class=\"flex_column av_one_full  flex_column_div av-zero-column-padding first  avia-builder-el-2  el_after_av_one_full  el_before_av_one_full  column-top-margin\" style='border-radius:0px; '><section class=\"av_textblock_section \"  itemscope=\"itemscope\" itemtype=\"https:\/\/schema.org\/BlogPosting\" itemprop=\"blogPost\" ><div class='avia_textblock  '   itemprop=\"text\" ><p style=\"text-align: center;\"><span style=\"font-size: 18pt;\"><strong>Estudiantes de la Orquesta Pre Escolar de la escuela Ays\u00e9n reciben sus instrumentos musicales <\/strong><\/span><\/p>\n<div id=\"gtx-trans\" style=\"position: absolute; left: -50px; top: 4.31534px;\">\n<div class=\"gtx-trans-icon\"><\/div>\n<\/div>\n<\/div><\/section><\/div><div class=\"flex_column av_one_full  flex_column_div av-zero-column-padding first  avia-builder-el-4  el_after_av_one_full  el_before_av_hr  column-top-margin\" style='border-radius:0px; '><section class=\"av_textblock_section \"  itemscope=\"itemscope\" itemtype=\"https:\/\/schema.org\/BlogPosting\" itemprop=\"blogPost\" ><div class='avia_textblock  '   itemprop=\"text\" ><p style=\"text-align: justify;\">A siete meses de conformada la primera orquesta pre escolar de la regi\u00f3n, cuyo hito corresponde a la escuela Ays\u00e9n, a trav\u00e9s de la Unidad de Orquestas Escolares de la Direcci\u00f3n de Educaci\u00f3n Municipal aysenina, recientemente una treintena de ni\u00f1as y ni\u00f1os integrantes de este cuerpo musical, recibieron sus instrumentos, de los cuales podr\u00e1n disponer libremente, no s\u00f3lo en el contexto de la escuela.<\/p>\n<p style=\"text-align: justify;\">De eta manera, con la presencia de padres, apoderados y comunidad educativa toda de este recinto educacional, se dio paso a esta importante ceremonia, que da cuenta de la aceptaci\u00f3n que ha tenido la iniciativa cultural entre grandes y peque\u00f1os, y del \u00e9xito de la misma.<\/p>\n<p style=\"text-align: justify;\">\u201cEstamos muy orgullosos de poder hacer entrega de estos instrumentos musicales porque significa que ha ido creciendo nuestra orquesta. Tenemos m\u00e1s demanda que oferta, eso significa que hay apoderados que lamentablemente no alcanzaron a tener cupo en nuestra orquesta pre infantil durante este a\u00f1o. Eso nos apena, por supuesto, pero nos demuestra que esto s\u00ed es necesario, y se traduce en un aliciente m\u00e1s en nuestro rol de formadores\u201d, indic\u00f3 el director de la escuela Ays\u00e9n, Luis Seguel.<\/p>\n<p style=\"text-align: justify;\">Es as\u00ed que violas, violonchelos y violines fueron entregados a los alumnos y alumnas que componen esta Orquesta, a cargo de la directora musical, Patricia Araya, a trav\u00e9s de talleres encabezados por monitores en cada uno de los instrumentos, de cara al aprendizaje acorde a los ni\u00f1os de primer ciclo de ense\u00f1anza b\u00e1sica.<\/p>\n<p style=\"text-align: justify;\">\u00a0\u201cA m\u00ed me gusta el viol\u00edn porque tiene bonitas notas, se pueden crear distintas canciones y tocar en distintos lugares. Desde siempre me ha encantado y hoy estoy feliz de ser parte de la orquesta en mi escuela\u201d, manifest\u00f3 feliz, Antonella Caroca, integrante de la orquesta desde sus inicios y que hoy cursa cuarto a\u00f1o b\u00e1sico. Quien fue acompa\u00f1ada por su abuelita, Rosa Olivares, que s\u00f3lo tuvo palabras de agradecimiento respecto a la importancia de la m\u00fasica en la ida de la peque\u00f1a. \u201cPara m\u00ed es un orgullo que mi nieta est\u00e9 participando de esto tan bonito, tan especial. Porque a ella desde muy peque\u00f1a le gust\u00f3 este instrumento entonces, cuando fue invitada, en todo momento quiso estar y yo como abuelita la estoy apoyando en esto que le encanta, como es la m\u00fasica, el arte. Estoy contenta por cada uno de los logros que ha tenido. Agradecer a las t\u00edas, que son parte importante en la ense\u00f1anza de estos instrumentos\u201d.<\/p>\n<p style=\"text-align: justify;\">Presente en la iniciativa, estuvo tambi\u00e9n la recientemente nombrada parte del directorio de la Fundaci\u00f3n de Orquestas Juveniles e Infantiles de Chile, FOJI, Magdalena Rosas; quien felicit\u00f3 esta iniciativa en que ni\u00f1os y ni\u00f1as ayseninas son protagonistas. \u201cValorar y reconocer a todos y cada uno de quienes forman parte de esta entrega, porque esto es un esfuerzo conjunto, y cuando hay voluntad se ve. Y cuando hay apoyo de los apoderados, de los monitores se ve. Hay un sue\u00f1o que se hace realidad, y eso es importante que la comunidad lo conozca, lo valore y se sienta orgullosa de tener esta joya en la comuna. Porque no es solo en Puerto Ays\u00e9n, sino en toda la comuna y los felicito y desde ya, como siempre, todo mi apoyo a esta iniciativa\u201d.<\/p>\n<p style=\"text-align: justify;\">As\u00ed se dio forma a este anhelo en una de las escuelas m\u00e1s antiguas de la regi\u00f3n, que en sus m\u00e1s de 90 a\u00f1os de trayectoria ha buscado permanentemente la mejora continua y crear estrategias innovadoras para que sus estudiantes reciban una formaci\u00f3n integral. Al respecto, el edil de la comuna de Ays\u00e9n, Julio Uribe, relev\u00f3 esta instancia cultural y cuyo sello, apunta a ser uno de los m\u00e1s importantes para la presente administraci\u00f3n. \u201cYa estamos acostumbrados a estas bonitas noticias. Es segunda vez que le entregamos instrumentos a estos ni\u00f1os y estamos muy contentos porque cuando le entregamos un instrumento musical le estamos entregando una herramienta para la vida para salir adelante. Por lo tanto, el llamado es a los pap\u00e1s a que motiven a sus ni\u00f1os a que practiquen, a que cuiden sus instrumentos y as\u00ed vamos a tener mejores personas en el futuro\u201d. Agreg\u00f3 que \u201cvamos a seguir trabajando en esta senda para seguir potenciando nuestras orquestas y seguir distribuy\u00e9ndolas por nuestro territorio, y para eso es un trabajo que tenemos que hacer como municipio y como direcci\u00f3n de educaci\u00f3n\u201d, finaliz\u00f3 Uribe Alvarado.<\/p>\n<\/div><\/section><\/div><div  style='height:50px' class='hr hr-invisible   avia-builder-el-6  el_after_av_one_full  el_before_av_social_share '><span class='hr-inner ' ><span class='hr-inner-style'><\/span><\/span><\/div><\/p>\n<div  class='av-social-sharing-box  avia-builder-el-7  el_after_av_hr  el_before_av_hr  '><div class='av-share-box'><h5 class='av-share-link-description av-no-toc '>Compartir esta noticia<\/h5><ul class='av-share-box-list noLightbox'><li class='av-share-link av-social-link-facebook' ><a target=\"_blank\" aria-label=\"Compartir en Facebook\" href='https:\/\/www.facebook.com\/sharer.php?u=https:\/\/radiorevelacionfm.cl\/?p=16156&#038;t=Estudiantes%20de%20la%20Orquesta%20Pre%20Escolar%20de%20la%20escuela%20Ays%C3%A9n%20reciben%20sus%20instrumentos%20musicales' aria-hidden='false' data-av_icon='\ue8f3' data-av_iconfont='entypo-fontello' title='' data-avia-related-tooltip='Compartir en Facebook' rel=\"noopener\"><span class='avia_hidden_link_text'>Compartir en Facebook<\/span><\/a><\/li><li class='av-share-link av-social-link-twitter' ><a target=\"_blank\" aria-label=\"Compartir en Twitter\" href='https:\/\/twitter.com\/share?text=Estudiantes%20de%20la%20Orquesta%20Pre%20Escolar%20de%20la%20escuela%20Ays%C3%A9n%20reciben%20sus%20instrumentos%20musicales&#038;url=https:\/\/radiorevelacionfm.cl\/?p=16156' aria-hidden='false' data-av_icon='\ue8f1' data-av_iconfont='entypo-fontello' title='' data-avia-related-tooltip='Compartir en Twitter' rel=\"noopener\"><span class='avia_hidden_link_text'>Compartir en Twitter<\/span><\/a><\/li><li class='av-share-link av-social-link-whatsapp' ><a target=\"_blank\" aria-label=\"Compartir en Whatsapp\" href='https:\/\/api.whatsapp.com\/send?text=https:\/\/radiorevelacionfm.cl\/?p=16156' aria-hidden='false' data-av_icon='\uf232' data-av_iconfont='entypo-fontello' title='' data-avia-related-tooltip='Compartir en Whatsapp' rel=\"noopener\"><span class='avia_hidden_link_text'>Compartir en Whatsapp<\/span><\/a><\/li><li class='av-share-link av-social-link-linkedin' ><a target=\"_blank\" aria-label=\"Compartir en LinkedIn\" href='https:\/\/linkedin.com\/shareArticle?mini=true&#038;title=Estudiantes%20de%20la%20Orquesta%20Pre%20Escolar%20de%20la%20escuela%20Ays%C3%A9n%20reciben%20sus%20instrumentos%20musicales&#038;url=https:\/\/radiorevelacionfm.cl\/?p=16156' aria-hidden='false' data-av_icon='\ue8fc' data-av_iconfont='entypo-fontello' title='' data-avia-related-tooltip='Compartir en LinkedIn' rel=\"noopener\"><span class='avia_hidden_link_text'>Compartir en LinkedIn<\/span><\/a><\/li><li class='av-share-link av-social-link-mail' ><a  aria-label=\"Compartir por correo\" href='mailto:?subject=Estudiantes%20de%20la%20Orquesta%20Pre%20Escolar%20de%20la%20escuela%20Ays%C3%A9n%20reciben%20sus%20instrumentos%20musicales&#038;body=https:\/\/radiorevelacionfm.cl\/?p=16156' aria-hidden='false' data-av_icon='\ue805' data-av_iconfont='entypo-fontello' title='' data-avia-related-tooltip='Compartir por correo'><span class='avia_hidden_link_text'>Compartir por correo<\/span><\/a><\/li><\/ul><\/div><\/div>\n<div  style='height:50px' class='hr hr-invisible   avia-builder-el-8  el_after_av_social_share  el_before_av_comments_list '><span class='hr-inner ' ><span class='hr-inner-style'><\/span><\/span><\/div>\n<div  class='av-buildercomment  av-blog-meta-html-info-disabled av-blog-meta-tag-disabled  '><\/div>\n","protected":false},"excerpt":{"rendered":"","protected":false},"author":1,"featured_media":16157,"comment_status":"open","ping_status":"open","sticky":false,"template":"","format":"standard","meta":{"footnotes":""},"categories":[52],"tags":[],"class_list":["post-16156","post","type-post","status-publish","format-standard","has-post-thumbnail","hentry","category-cultura"],"jetpack_featured_media_url":"https:\/\/radiorevelacionfm.cl\/wp-content\/uploads\/2022\/04\/278395418_4955722844554670_3870146353726110908_n-1-1.jpg","_links":{"self":[{"href":"https:\/\/radiorevelacionfm.cl\/index.php?rest_route=\/wp\/v2\/posts\/16156","targetHints":{"allow":["GET"]}}],"collection":[{"href":"https:\/\/radiorevelacionfm.cl\/index.php?rest_route=\/wp\/v2\/posts"}],"about":[{"href":"https:\/\/radiorevelacionfm.cl\/index.php?rest_route=\/wp\/v2\/types\/post"}],"author":[{"embeddable":true,"href":"https:\/\/radiorevelacionfm.cl\/index.php?rest_route=\/wp\/v2\/users\/1"}],"replies":[{"embeddable":true,"href":"https:\/\/radiorevelacionfm.cl\/index.php?rest_route=%2Fwp%2Fv2%2Fcomments&post=16156"}],"version-history":[{"count":2,"href":"https:\/\/radiorevelacionfm.cl\/index.php?rest_route=\/wp\/v2\/posts\/16156\/revisions"}],"predecessor-version":[{"id":16183,"href":"https:\/\/radiorevelacionfm.cl\/index.php?rest_route=\/wp\/v2\/posts\/16156\/revisions\/16183"}],"wp:featuredmedia":[{"embeddable":true,"href":"https:\/\/radiorevelacionfm.cl\/index.php?rest_route=\/wp\/v2\/media\/16157"}],"wp:attachment":[{"href":"https:\/\/radiorevelacionfm.cl\/index.php?rest_route=%2Fwp%2Fv2%2Fmedia&parent=16156"}],"wp:term":[{"taxonomy":"category","embeddable":true,"href":"https:\/\/radiorevelacionfm.cl\/index.php?rest_route=%2Fwp%2Fv2%2Fcategories&post=16156"},{"taxonomy":"post_tag","embeddable":true,"href":"https:\/\/radiorevelacionfm.cl\/index.php?rest_route=%2Fwp%2Fv2%2Ftags&post=16156"}],"curies":[{"name":"wp","href":"https:\/\/api.w.org\/{rel}","templated":true}]}}