{"id":16153,"date":"2022-04-26T16:44:17","date_gmt":"2022-04-26T19:44:17","guid":{"rendered":"https:\/\/radiorevelacionfm.cl\/?p=16153"},"modified":"2022-04-26T16:44:17","modified_gmt":"2022-04-26T19:44:17","slug":"por-que-acercar-a-los-ninos-y-ninas-a-la-lectura","status":"publish","type":"post","link":"https:\/\/radiorevelacionfm.cl\/?p=16153","title":{"rendered":"\u00bfPor qu\u00e9 acercar a los ni\u00f1os y ni\u00f1as a la lectura?"},"content":{"rendered":"<div class=\"flex_column av_one_full  flex_column_div av-zero-column-padding first  avia-builder-el-0  el_before_av_one_full  avia-builder-el-first  \" style='border-radius:0px; '><div  class='avia-image-container  av-styling-    avia-builder-el-1  avia-builder-el-no-sibling  avia-align-center '  itemprop=\"image\" itemscope=\"itemscope\" itemtype=\"https:\/\/schema.org\/ImageObject\"  ><div class='avia-image-container-inner'><div class='avia-image-overlay-wrap'><img decoding=\"async\" class='wp-image-16154 avia-img-lazy-loading-not-16154 avia_image' src=\"https:\/\/radiorevelacionfm.cl\/wp-content\/uploads\/2022\/04\/Lectura-1-1-1.jpg\" alt='' title='Lectura 1 (1) (1)' height=\"600\" width=\"900\"  itemprop=\"thumbnailUrl\" srcset=\"https:\/\/radiorevelacionfm.cl\/wp-content\/uploads\/2022\/04\/Lectura-1-1-1.jpg 900w, https:\/\/radiorevelacionfm.cl\/wp-content\/uploads\/2022\/04\/Lectura-1-1-1-300x200.jpg 300w, https:\/\/radiorevelacionfm.cl\/wp-content\/uploads\/2022\/04\/Lectura-1-1-1-768x512.jpg 768w, https:\/\/radiorevelacionfm.cl\/wp-content\/uploads\/2022\/04\/Lectura-1-1-1-705x470.jpg 705w, https:\/\/radiorevelacionfm.cl\/wp-content\/uploads\/2022\/04\/Lectura-1-1-1-600x400.jpg 600w\" sizes=\"(max-width: 900px) 100vw, 900px\" \/><\/div><\/div><\/div><\/div><div class=\"flex_column av_one_full  flex_column_div av-zero-column-padding first  avia-builder-el-2  el_after_av_one_full  el_before_av_one_full  column-top-margin\" style='border-radius:0px; '><section class=\"av_textblock_section \"  itemscope=\"itemscope\" itemtype=\"https:\/\/schema.org\/BlogPosting\" itemprop=\"blogPost\" ><div class='avia_textblock  '   itemprop=\"text\" ><p style=\"text-align: center;\"><strong><span style=\"font-size: 18pt;\">\u00bfPor qu\u00e9 acercar a los ni\u00f1os y ni\u00f1as a la lectura?<\/span><\/strong><\/p>\n<div id=\"gtx-trans\" style=\"position: absolute; left: -50px; top: 4.31534px;\">\n<div class=\"gtx-trans-icon\"><\/div>\n<\/div>\n<\/div><\/section><\/div><div class=\"flex_column av_one_full  flex_column_div av-zero-column-padding first  avia-builder-el-4  el_after_av_one_full  el_before_av_hr  column-top-margin\" style='border-radius:0px; '><section class=\"av_textblock_section \"  itemscope=\"itemscope\" itemtype=\"https:\/\/schema.org\/BlogPosting\" itemprop=\"blogPost\" ><div class='avia_textblock  '   itemprop=\"text\" ><p style=\"font-weight: 400; text-align: justify;\">La primera infancia constituye una etapa importante para acercar a los ni\u00f1os y ni\u00f1as a la lectura y escritura, y lo podemos hacer desde muy temprana edad. As\u00ed lo explica\u00a0Schlomit Creixell, profesional del \u00e1rea de curr\u00edculum de Fundaci\u00f3n Integra quien se\u00f1ala que \u201cdesde los seis meses, aproximadamente, podemos comenzar a familiarizar a los ni\u00f1os y ni\u00f1as con los libros, es decir, ofrecer textos a las guaguas para que los exploren con todos sus sentidos. Se espera que el adulto acompa\u00f1e este momento, describiendo las im\u00e1genes que observa y las acciones que realiza el ni\u00f1o o la ni\u00f1a\u201d.<\/p>\n<p style=\"font-weight: 400; text-align: justify;\">Esta primera interacci\u00f3n favorece, sin duda, el proceso de desarrollo del lenguaje oral y escrito y por eso es tan importante que los adultos que se relacionan con los ni\u00f1os y ni\u00f1as, generen estos espacios que brindan una oportunidad para compartir, conocer nuevas palabras, su significado y uso en contexto, enriqueciendo el vocabulario.<\/p>\n<p style=\"font-weight: 400; text-align: justify;\">\u201cSe recomienda que se busque a diario este momento de compartir con libros, sin embargo, es favorable realizarlo en calma, y motivados para disfrutar mutuamente, evite forzar su atenci\u00f3n priorizando la calidad del momento a la cantidad\u201d, a\u00f1ade Creixell.<\/p>\n<p style=\"font-weight: 400; text-align: justify;\">Se recomienda comenzar con libros con im\u00e1genes y palabras, para luego, incorporar frases simples, por ejemplo, historias sencillas, prosas, versos o canciones del folklor popular. Posteriormente, podemos compartir en familia, libros que contengan textos m\u00e1s extensos, como los cuentos. \u201cA trav\u00e9s del ejercicio de modelado de la lectura, se pueden ilustrar las convenciones de nuestro lenguaje escrito, mostr\u00e1ndole al ni\u00f1o o la ni\u00f1a que se lee de izquierda a derecha y de arriba hacia abajo. De esta manera, si el adulto se\u00f1ala con el dedo las palabras y letras, los ni\u00f1os y ni\u00f1as poco a poco comenzar\u00e1n a identificarlas en situaciones cotidianas, facilitando el desarrollo de la lectoescritura aut\u00f3noma\u201d, concluye.<\/p>\n<p style=\"font-weight: 400; text-align: justify;\"><strong>\u00bfQu\u00e9 caracter\u00edsticas deben tener los libros seg\u00fan el rango de edad de ni\u00f1os y ni\u00f1as?<\/strong><\/p>\n<p style=\"font-weight: 400; text-align: justify;\"><strong>Para ni\u00f1os y ni\u00f1as entre 0 y 2 a\u00f1os:<\/strong><\/p>\n<ul style=\"text-align: justify;\">\n<li style=\"font-weight: 400;\">Libros de materiales lavables como tela, goma, pl\u00e1stico.<\/li>\n<li style=\"font-weight: 400;\">Libros que ofrecen texturas.<\/li>\n<li style=\"font-weight: 400;\">Libros de un tama\u00f1o que permita la manipulaci\u00f3n aut\u00f3noma hasta 20 x 20 cm.<\/li>\n<\/ul>\n<p style=\"font-weight: 400; text-align: justify;\"><strong>Para ni\u00f1os y ni\u00f1as entre 2 y 4 a\u00f1os:<\/strong><\/p>\n<ul style=\"text-align: justify;\">\n<li style=\"font-weight: 400;\">Libros de materiales resistentes, que permitan la manipulaci\u00f3n independiente, por ejemplo, cart\u00f3n grueso.<\/li>\n<li style=\"font-weight: 400;\">Libros con troquelados que permitan a los ni\u00f1os y ni\u00f1as interactuar y jugar.<\/li>\n<li style=\"font-weight: 400;\">Libros con una extensi\u00f3n sensible a sus periodos de atenci\u00f3n y concentraci\u00f3n, de hasta 15 p\u00e1ginas.<\/li>\n<\/ul>\n<p style=\"font-weight: 400; text-align: justify;\"><strong>Para ni\u00f1os y ni\u00f1as entre 4 y 6 a\u00f1os:<\/strong><\/p>\n<ul>\n<li style=\"font-weight: 400; text-align: justify;\">Libros en distintos tama\u00f1os y formatos, por ejemplo, cl\u00e1sico, gigantes, acorde\u00f3n.<\/li>\n<li style=\"font-weight: 400; text-align: justify;\">Libros no literarios para buscar informaci\u00f3n de su inter\u00e9s, por ejemplo, diccionarios, biograf\u00edas, enciclopedias, entre otros.<\/li>\n<li style=\"font-weight: 400; text-align: justify;\">Libros con formas 3D, pop Up, interacciones con recursos tecnol\u00f3gicos, por ejemplo, realidad aumentada.<\/li>\n<\/ul>\n<\/div><\/section><\/div><div  style='height:50px' class='hr hr-invisible   avia-builder-el-6  el_after_av_one_full  el_before_av_social_share '><span class='hr-inner ' ><span class='hr-inner-style'><\/span><\/span><\/div><\/p>\n<div  class='av-social-sharing-box  avia-builder-el-7  el_after_av_hr  el_before_av_hr  '><div class='av-share-box'><h5 class='av-share-link-description av-no-toc '>Compartir esta noticia<\/h5><ul class='av-share-box-list noLightbox'><li class='av-share-link av-social-link-facebook' ><a target=\"_blank\" aria-label=\"Compartir en Facebook\" href='https:\/\/www.facebook.com\/sharer.php?u=https:\/\/radiorevelacionfm.cl\/?p=16153&#038;t=%C2%BFPor%20qu%C3%A9%20acercar%20a%20los%20ni%C3%B1os%20y%20ni%C3%B1as%20a%20la%20lectura%3F' aria-hidden='false' data-av_icon='\ue8f3' data-av_iconfont='entypo-fontello' title='' data-avia-related-tooltip='Compartir en Facebook' rel=\"noopener\"><span class='avia_hidden_link_text'>Compartir en Facebook<\/span><\/a><\/li><li class='av-share-link av-social-link-twitter' ><a target=\"_blank\" aria-label=\"Compartir en Twitter\" href='https:\/\/twitter.com\/share?text=%C2%BFPor%20qu%C3%A9%20acercar%20a%20los%20ni%C3%B1os%20y%20ni%C3%B1as%20a%20la%20lectura%3F&#038;url=https:\/\/radiorevelacionfm.cl\/?p=16153' aria-hidden='false' data-av_icon='\ue8f1' data-av_iconfont='entypo-fontello' title='' data-avia-related-tooltip='Compartir en Twitter' rel=\"noopener\"><span class='avia_hidden_link_text'>Compartir en Twitter<\/span><\/a><\/li><li class='av-share-link av-social-link-whatsapp' ><a target=\"_blank\" aria-label=\"Compartir en Whatsapp\" href='https:\/\/api.whatsapp.com\/send?text=https:\/\/radiorevelacionfm.cl\/?p=16153' aria-hidden='false' data-av_icon='\uf232' data-av_iconfont='entypo-fontello' title='' data-avia-related-tooltip='Compartir en Whatsapp' rel=\"noopener\"><span class='avia_hidden_link_text'>Compartir en Whatsapp<\/span><\/a><\/li><li class='av-share-link av-social-link-linkedin' ><a target=\"_blank\" aria-label=\"Compartir en LinkedIn\" href='https:\/\/linkedin.com\/shareArticle?mini=true&#038;title=%C2%BFPor%20qu%C3%A9%20acercar%20a%20los%20ni%C3%B1os%20y%20ni%C3%B1as%20a%20la%20lectura%3F&#038;url=https:\/\/radiorevelacionfm.cl\/?p=16153' aria-hidden='false' data-av_icon='\ue8fc' data-av_iconfont='entypo-fontello' title='' data-avia-related-tooltip='Compartir en LinkedIn' rel=\"noopener\"><span class='avia_hidden_link_text'>Compartir en LinkedIn<\/span><\/a><\/li><li class='av-share-link av-social-link-mail' ><a  aria-label=\"Compartir por correo\" href='mailto:?subject=%C2%BFPor%20qu%C3%A9%20acercar%20a%20los%20ni%C3%B1os%20y%20ni%C3%B1as%20a%20la%20lectura%3F&#038;body=https:\/\/radiorevelacionfm.cl\/?p=16153' aria-hidden='false' data-av_icon='\ue805' data-av_iconfont='entypo-fontello' title='' data-avia-related-tooltip='Compartir por correo'><span class='avia_hidden_link_text'>Compartir por correo<\/span><\/a><\/li><\/ul><\/div><\/div>\n<div  style='height:50px' class='hr hr-invisible   avia-builder-el-8  el_after_av_social_share  el_before_av_comments_list '><span class='hr-inner ' ><span class='hr-inner-style'><\/span><\/span><\/div>\n<div  class='av-buildercomment  av-blog-meta-html-info-disabled av-blog-meta-tag-disabled  '><\/div>\n","protected":false},"excerpt":{"rendered":"","protected":false},"author":1,"featured_media":16154,"comment_status":"open","ping_status":"open","sticky":false,"template":"","format":"standard","meta":{"footnotes":""},"categories":[52],"tags":[],"class_list":["post-16153","post","type-post","status-publish","format-standard","has-post-thumbnail","hentry","category-cultura"],"jetpack_featured_media_url":"https:\/\/radiorevelacionfm.cl\/wp-content\/uploads\/2022\/04\/Lectura-1-1-1.jpg","_links":{"self":[{"href":"https:\/\/radiorevelacionfm.cl\/index.php?rest_route=\/wp\/v2\/posts\/16153","targetHints":{"allow":["GET"]}}],"collection":[{"href":"https:\/\/radiorevelacionfm.cl\/index.php?rest_route=\/wp\/v2\/posts"}],"about":[{"href":"https:\/\/radiorevelacionfm.cl\/index.php?rest_route=\/wp\/v2\/types\/post"}],"author":[{"embeddable":true,"href":"https:\/\/radiorevelacionfm.cl\/index.php?rest_route=\/wp\/v2\/users\/1"}],"replies":[{"embeddable":true,"href":"https:\/\/radiorevelacionfm.cl\/index.php?rest_route=%2Fwp%2Fv2%2Fcomments&post=16153"}],"version-history":[{"count":2,"href":"https:\/\/radiorevelacionfm.cl\/index.php?rest_route=\/wp\/v2\/posts\/16153\/revisions"}],"predecessor-version":[{"id":16208,"href":"https:\/\/radiorevelacionfm.cl\/index.php?rest_route=\/wp\/v2\/posts\/16153\/revisions\/16208"}],"wp:featuredmedia":[{"embeddable":true,"href":"https:\/\/radiorevelacionfm.cl\/index.php?rest_route=\/wp\/v2\/media\/16154"}],"wp:attachment":[{"href":"https:\/\/radiorevelacionfm.cl\/index.php?rest_route=%2Fwp%2Fv2%2Fmedia&parent=16153"}],"wp:term":[{"taxonomy":"category","embeddable":true,"href":"https:\/\/radiorevelacionfm.cl\/index.php?rest_route=%2Fwp%2Fv2%2Fcategories&post=16153"},{"taxonomy":"post_tag","embeddable":true,"href":"https:\/\/radiorevelacionfm.cl\/index.php?rest_route=%2Fwp%2Fv2%2Ftags&post=16153"}],"curies":[{"name":"wp","href":"https:\/\/api.w.org\/{rel}","templated":true}]}}