{"id":16150,"date":"2022-04-25T16:04:17","date_gmt":"2022-04-25T19:04:17","guid":{"rendered":"https:\/\/radiorevelacionfm.cl\/?p=16150"},"modified":"2022-04-25T16:04:17","modified_gmt":"2022-04-25T19:04:17","slug":"delegado-presidencial-regional-y-seremi-de-salud-inspeccionan-pasos-fronterizos-en-el-marco-del-plan-fronteras-protegidas","status":"publish","type":"post","link":"https:\/\/radiorevelacionfm.cl\/?p=16150","title":{"rendered":"Delegado Presidencial Regional y Seremi de Salud inspeccionan pasos fronterizos en el marco del Plan Fronteras Protegidas"},"content":{"rendered":"<div class=\"flex_column av_one_full  flex_column_div av-zero-column-padding first  avia-builder-el-0  el_before_av_one_full  avia-builder-el-first  \" style='border-radius:0px; '><div  class='avia-image-container  av-styling-    avia-builder-el-1  avia-builder-el-no-sibling  avia-align-center '  itemprop=\"image\" itemscope=\"itemscope\" itemtype=\"https:\/\/schema.org\/ImageObject\"  ><div class='avia-image-container-inner'><div class='avia-image-overlay-wrap'><img decoding=\"async\" class='wp-image-16151 avia-img-lazy-loading-not-16151 avia_image' src=\"https:\/\/radiorevelacionfm.cl\/wp-content\/uploads\/2022\/04\/Paso-Huemules-1-1.jpeg\" alt='' title='Paso Huemules (1) (1)' height=\"600\" width=\"800\"  itemprop=\"thumbnailUrl\" srcset=\"https:\/\/radiorevelacionfm.cl\/wp-content\/uploads\/2022\/04\/Paso-Huemules-1-1.jpeg 800w, https:\/\/radiorevelacionfm.cl\/wp-content\/uploads\/2022\/04\/Paso-Huemules-1-1-300x225.jpeg 300w, https:\/\/radiorevelacionfm.cl\/wp-content\/uploads\/2022\/04\/Paso-Huemules-1-1-768x576.jpeg 768w, https:\/\/radiorevelacionfm.cl\/wp-content\/uploads\/2022\/04\/Paso-Huemules-1-1-705x529.jpeg 705w, https:\/\/radiorevelacionfm.cl\/wp-content\/uploads\/2022\/04\/Paso-Huemules-1-1-600x450.jpeg 600w\" sizes=\"(max-width: 800px) 100vw, 800px\" \/><\/div><\/div><\/div><\/div><div class=\"flex_column av_one_full  flex_column_div av-zero-column-padding first  avia-builder-el-2  el_after_av_one_full  el_before_av_one_full  column-top-margin\" style='border-radius:0px; '><section class=\"av_textblock_section \"  itemscope=\"itemscope\" itemtype=\"https:\/\/schema.org\/BlogPosting\" itemprop=\"blogPost\" ><div class='avia_textblock  '   itemprop=\"text\" ><p style=\"text-align: center;\"><span style=\"font-size: 18pt;\"><b><span lang=\"ES\">Delegado Presidencial Regional y Seremi de Salud inspeccionan\u00a0<\/span><\/b><b><span lang=\"ES\">pasos fronterizos en el marco del Plan Fronteras Protegidas<\/span><\/b><\/span><\/p>\n<div id=\"gtx-trans\" style=\"position: absolute; left: -50px; top: 4.31534px;\">\n<div class=\"gtx-trans-icon\"><\/div>\n<\/div>\n<\/div><\/section><\/div><div class=\"flex_column av_one_full  flex_column_div av-zero-column-padding first  avia-builder-el-4  el_after_av_one_full  el_before_av_hr  column-top-margin\" style='border-radius:0px; '><section class=\"av_textblock_section \"  itemscope=\"itemscope\" itemtype=\"https:\/\/schema.org\/BlogPosting\" itemprop=\"blogPost\" ><div class='avia_textblock  '   itemprop=\"text\" ><p style=\"font-weight: 400; text-align: justify;\">Completamente operativo para el tr\u00e1nsito expedito entre Chile y Argentina est\u00e1 el Paso Internacional Huemules, en la localidad de Balmaceda, que junto con Jeinimeni en Chile Chico, son los primeros de la Regi\u00f3n de Ays\u00e9n habilitados desde el 14 de abril, por el Plan Fronteras Protegidas.<\/p>\n<p style=\"font-weight: 400; text-align: justify;\">El Paso Huemules fue inspeccionado por el Delegado Presidencial Regional, Rodrigo Araya Morales, acompa\u00f1ado por la seremi de Salud, Carmen Gloria Monsalve, como parte del proceso de an\u00e1lisis del estado en que se encuentran los pasos fronterizos, previo a la apertura gradual de fronteras desde el uno de mayo pr\u00f3ximo.<\/p>\n<p style=\"font-weight: 400; text-align: justify;\">Tras la inspecci\u00f3n y reuni\u00f3n de trabajo en las dependencias, Rodrigo Araya destac\u00f3 que el Paso Integrado Huemules sea el \u00fanico del pa\u00eds que funciona bajo la modalidad de Cabecera \u00danica, albergando a funcionarios chilenos y argentinos en las mismas dependencias, con todos los resguardos sanitarios para el tr\u00e1nsito seguro hacia y desde Argentina.<\/p>\n<p style=\"font-weight: 400; text-align: justify;\">\u201cEl complejo es \u00fanico en el pa\u00eds y est\u00e1 bajo la administraci\u00f3n de esta Delegaci\u00f3n. Es una comunidad internacional que trabaja d\u00eda a d\u00eda por el beneficio de toda nuestra comunidad, por lo tanto, es un privilegio tener este paso en la regi\u00f3n y seguiremos haciendo todo lo posible para que puedan mantener esa atenci\u00f3n de calidad a todos los viajeros. Tambi\u00e9n, pudimos ver con la seremi de Salud todo lo que es el control sanitario que para nuestro pa\u00eds es tan importante\u201d, recalc\u00f3.<\/p>\n<p style=\"font-weight: 400; text-align: justify;\">La seremi Carmen Gloria Monsalve resalt\u00f3 la presencia del equipo sanitario que realiza la fiscalizaci\u00f3n correspondiente.<\/p>\n<p style=\"font-weight: 400; text-align: justify;\">\u201cA prop\u00f3sito del Plan Fronteras Protegidas y el anuncio de que al primero de mayo se espera contar con la totalidad de las fronteras abiertas, analizar la situaci\u00f3n territorial espec\u00edfica de nuestra regi\u00f3n. Respecto de la condici\u00f3n de los pasos fronterizos, analizar desde el punto de vista sanitario, infraestructura, y de las entidades que tienen que estar presentes en esos pasos, la factibilidad y los tiempos que se van a evaluar para avanzar en esta apertura progresiva de los pasos fronterizos\u201d, indic\u00f3.<\/p>\n<p style=\"font-weight: 400; text-align: justify;\">Sandro Parra Bustos, coordinador de Pasos Fronterizos en la provincia de Coyhaique valor\u00f3 las coordinaciones y acuerdos adoptados con funcionarias y funcionarios de los servicios que cumplen funciones en la unidad.<\/p>\n<p style=\"font-weight: 400; text-align: justify;\">\u201cTratar algunos temas respecto de la apertura de fronteras para el primero de mayo, ver la situaci\u00f3n en la que estamos actualmente. Este es un paso integrado, que parte de un tratado de controles integrados con Argentina, donde funcionan servicios chilenos y argentinos y donde la modalidad es una sola parada. Se elimin\u00f3 un paso de este lado de la frontera con los servicios chilenos y del otro lado de la frontera los servicios argentinos, por lo tanto, el usuario realiza una sola parada en frontera\u201d, explic\u00f3.<\/p>\n<p style=\"font-weight: 400; text-align: justify;\">En la misma l\u00ednea, este fin de semana se inspeccion\u00f3 el Paso Coyhaique Alto, donde se deber\u00e1 subsanar aspectos principalmente sanitarios, antes de su reapertura, en tanto, esta semana se trabajar\u00e1 en la evaluaci\u00f3n de las restantes unidades.<\/p>\n<p style=\"font-weight: 400; text-align: justify;\">Cabe se\u00f1alar que en la Regi\u00f3n de Ays\u00e9n existen 13 pasos fronterizos: Las Pampas, R\u00edo Fr\u00edas Appeleg, Pampa Alta, Coyhaique Alto, Triana, Ingeniero Ib\u00e1\u00f1ez-Palavicini, Entrada R\u00edo B\u00e1ker, R\u00edo M\u00e1yer, R\u00edo Mosco, Dos Lagunas y Marconi.<\/p>\n<\/div><\/section><\/div><div  style='height:50px' class='hr hr-invisible   avia-builder-el-6  el_after_av_one_full  el_before_av_social_share '><span class='hr-inner ' ><span class='hr-inner-style'><\/span><\/span><\/div><\/p>\n<div  class='av-social-sharing-box  avia-builder-el-7  el_after_av_hr  el_before_av_hr  '><div class='av-share-box'><h5 class='av-share-link-description av-no-toc '>Compartir esta noticia<\/h5><ul class='av-share-box-list noLightbox'><li class='av-share-link av-social-link-facebook' ><a target=\"_blank\" aria-label=\"Compartir en Facebook\" href='https:\/\/www.facebook.com\/sharer.php?u=https:\/\/radiorevelacionfm.cl\/?p=16150&#038;t=Delegado%20Presidencial%20Regional%20y%20Seremi%20de%20Salud%20inspeccionan%20pasos%20fronterizos%20en%20el%20marco%20del%20Plan%20Fronteras%20Protegidas' aria-hidden='false' data-av_icon='\ue8f3' data-av_iconfont='entypo-fontello' title='' data-avia-related-tooltip='Compartir en Facebook' rel=\"noopener\"><span class='avia_hidden_link_text'>Compartir en Facebook<\/span><\/a><\/li><li class='av-share-link av-social-link-twitter' ><a target=\"_blank\" aria-label=\"Compartir en Twitter\" href='https:\/\/twitter.com\/share?text=Delegado%20Presidencial%20Regional%20y%20Seremi%20de%20Salud%20inspeccionan%20pasos%20fronterizos%20en%20el%20marco%20del%20Plan%20Fronteras%20Protegidas&#038;url=https:\/\/radiorevelacionfm.cl\/?p=16150' aria-hidden='false' data-av_icon='\ue8f1' data-av_iconfont='entypo-fontello' title='' data-avia-related-tooltip='Compartir en Twitter' rel=\"noopener\"><span class='avia_hidden_link_text'>Compartir en Twitter<\/span><\/a><\/li><li class='av-share-link av-social-link-whatsapp' ><a target=\"_blank\" aria-label=\"Compartir en Whatsapp\" href='https:\/\/api.whatsapp.com\/send?text=https:\/\/radiorevelacionfm.cl\/?p=16150' aria-hidden='false' data-av_icon='\uf232' data-av_iconfont='entypo-fontello' title='' data-avia-related-tooltip='Compartir en Whatsapp' rel=\"noopener\"><span class='avia_hidden_link_text'>Compartir en Whatsapp<\/span><\/a><\/li><li class='av-share-link av-social-link-linkedin' ><a target=\"_blank\" aria-label=\"Compartir en LinkedIn\" href='https:\/\/linkedin.com\/shareArticle?mini=true&#038;title=Delegado%20Presidencial%20Regional%20y%20Seremi%20de%20Salud%20inspeccionan%20pasos%20fronterizos%20en%20el%20marco%20del%20Plan%20Fronteras%20Protegidas&#038;url=https:\/\/radiorevelacionfm.cl\/?p=16150' aria-hidden='false' data-av_icon='\ue8fc' data-av_iconfont='entypo-fontello' title='' data-avia-related-tooltip='Compartir en LinkedIn' rel=\"noopener\"><span class='avia_hidden_link_text'>Compartir en LinkedIn<\/span><\/a><\/li><li class='av-share-link av-social-link-mail' ><a  aria-label=\"Compartir por correo\" href='mailto:?subject=Delegado%20Presidencial%20Regional%20y%20Seremi%20de%20Salud%20inspeccionan%20pasos%20fronterizos%20en%20el%20marco%20del%20Plan%20Fronteras%20Protegidas&#038;body=https:\/\/radiorevelacionfm.cl\/?p=16150' aria-hidden='false' data-av_icon='\ue805' data-av_iconfont='entypo-fontello' title='' data-avia-related-tooltip='Compartir por correo'><span class='avia_hidden_link_text'>Compartir por correo<\/span><\/a><\/li><\/ul><\/div><\/div>\n<div  style='height:50px' class='hr hr-invisible   avia-builder-el-8  el_after_av_social_share  el_before_av_comments_list '><span class='hr-inner ' ><span class='hr-inner-style'><\/span><\/span><\/div>\n<div  class='av-buildercomment  av-blog-meta-html-info-disabled av-blog-meta-tag-disabled  '><\/div>\n","protected":false},"excerpt":{"rendered":"","protected":false},"author":1,"featured_media":16151,"comment_status":"open","ping_status":"open","sticky":false,"template":"","format":"standard","meta":{"footnotes":""},"categories":[38],"tags":[],"class_list":["post-16150","post","type-post","status-publish","format-standard","has-post-thumbnail","hentry","category-regional"],"jetpack_featured_media_url":"https:\/\/radiorevelacionfm.cl\/wp-content\/uploads\/2022\/04\/Paso-Huemules-1-1.jpeg","_links":{"self":[{"href":"https:\/\/radiorevelacionfm.cl\/index.php?rest_route=\/wp\/v2\/posts\/16150","targetHints":{"allow":["GET"]}}],"collection":[{"href":"https:\/\/radiorevelacionfm.cl\/index.php?rest_route=\/wp\/v2\/posts"}],"about":[{"href":"https:\/\/radiorevelacionfm.cl\/index.php?rest_route=\/wp\/v2\/types\/post"}],"author":[{"embeddable":true,"href":"https:\/\/radiorevelacionfm.cl\/index.php?rest_route=\/wp\/v2\/users\/1"}],"replies":[{"embeddable":true,"href":"https:\/\/radiorevelacionfm.cl\/index.php?rest_route=%2Fwp%2Fv2%2Fcomments&post=16150"}],"version-history":[{"count":2,"href":"https:\/\/radiorevelacionfm.cl\/index.php?rest_route=\/wp\/v2\/posts\/16150\/revisions"}],"predecessor-version":[{"id":16177,"href":"https:\/\/radiorevelacionfm.cl\/index.php?rest_route=\/wp\/v2\/posts\/16150\/revisions\/16177"}],"wp:featuredmedia":[{"embeddable":true,"href":"https:\/\/radiorevelacionfm.cl\/index.php?rest_route=\/wp\/v2\/media\/16151"}],"wp:attachment":[{"href":"https:\/\/radiorevelacionfm.cl\/index.php?rest_route=%2Fwp%2Fv2%2Fmedia&parent=16150"}],"wp:term":[{"taxonomy":"category","embeddable":true,"href":"https:\/\/radiorevelacionfm.cl\/index.php?rest_route=%2Fwp%2Fv2%2Fcategories&post=16150"},{"taxonomy":"post_tag","embeddable":true,"href":"https:\/\/radiorevelacionfm.cl\/index.php?rest_route=%2Fwp%2Fv2%2Ftags&post=16150"}],"curies":[{"name":"wp","href":"https:\/\/api.w.org\/{rel}","templated":true}]}}