{"id":16143,"date":"2022-04-25T12:33:12","date_gmt":"2022-04-25T15:33:12","guid":{"rendered":"https:\/\/radiorevelacionfm.cl\/?p=16143"},"modified":"2022-04-25T12:33:12","modified_gmt":"2022-04-25T15:33:12","slug":"diputada-raphael-emplaza-al-ministerio-de-agricultura-para-que-concrete-ayuda-a-agricultores-aiseninos-frente-a-la-escasez-hidrica-que-afecto-la-region-de-aysen","status":"publish","type":"post","link":"https:\/\/radiorevelacionfm.cl\/?p=16143","title":{"rendered":"Diputada Raphael emplaza al Ministerio de Agricultura para que concrete ayuda a agricultores aiseninos, frente a la escasez h\u00eddrica que afect\u00f3 la regi\u00f3n de Ays\u00e9n"},"content":{"rendered":"<div class=\"flex_column av_one_full  flex_column_div av-zero-column-padding first  avia-builder-el-0  el_before_av_one_full  avia-builder-el-first  \" style='border-radius:0px; '><div  class='avia-image-container  av-styling-    avia-builder-el-1  avia-builder-el-no-sibling  avia-align-center '  itemprop=\"image\" itemscope=\"itemscope\" itemtype=\"https:\/\/schema.org\/ImageObject\"  ><div class='avia-image-container-inner'><div class='avia-image-overlay-wrap'><img decoding=\"async\" class='wp-image-16144 avia-img-lazy-loading-not-16144 avia_image' src=\"https:\/\/radiorevelacionfm.cl\/wp-content\/uploads\/2022\/04\/ab89d288-a754-4b4d-8370-1e6ea8008c95-1-1.jpg\" alt='' title='ab89d288-a754-4b4d-8370-1e6ea8008c95 (1) (1)' height=\"600\" width=\"900\"  itemprop=\"thumbnailUrl\" srcset=\"https:\/\/radiorevelacionfm.cl\/wp-content\/uploads\/2022\/04\/ab89d288-a754-4b4d-8370-1e6ea8008c95-1-1.jpg 900w, https:\/\/radiorevelacionfm.cl\/wp-content\/uploads\/2022\/04\/ab89d288-a754-4b4d-8370-1e6ea8008c95-1-1-300x200.jpg 300w, https:\/\/radiorevelacionfm.cl\/wp-content\/uploads\/2022\/04\/ab89d288-a754-4b4d-8370-1e6ea8008c95-1-1-768x512.jpg 768w, https:\/\/radiorevelacionfm.cl\/wp-content\/uploads\/2022\/04\/ab89d288-a754-4b4d-8370-1e6ea8008c95-1-1-705x470.jpg 705w, https:\/\/radiorevelacionfm.cl\/wp-content\/uploads\/2022\/04\/ab89d288-a754-4b4d-8370-1e6ea8008c95-1-1-600x400.jpg 600w\" sizes=\"(max-width: 900px) 100vw, 900px\" \/><\/div><\/div><\/div><\/div><div class=\"flex_column av_one_full  flex_column_div av-zero-column-padding first  avia-builder-el-2  el_after_av_one_full  el_before_av_one_full  column-top-margin\" style='border-radius:0px; '><section class=\"av_textblock_section \"  itemscope=\"itemscope\" itemtype=\"https:\/\/schema.org\/BlogPosting\" itemprop=\"blogPost\" ><div class='avia_textblock  '   itemprop=\"text\" ><p style=\"text-align: center;\"><strong><span style=\"font-size: 18pt;\">Diputada Raphael emplaza al Ministerio de Agricultura para que concrete ayuda a agricultores aiseninos, frente a la escasez h\u00eddrica que afect\u00f3 la regi\u00f3n de Ays\u00e9n <\/span><\/strong><\/p>\n<div id=\"gtx-trans\" style=\"position: absolute; left: -50px; top: 4.31534px;\">\n<div class=\"gtx-trans-icon\"><\/div>\n<\/div>\n<\/div><\/section><\/div><div class=\"flex_column av_one_full  flex_column_div av-zero-column-padding first  avia-builder-el-4  el_after_av_one_full  el_before_av_hr  column-top-margin\" style='border-radius:0px; '><section class=\"av_textblock_section \"  itemscope=\"itemscope\" itemtype=\"https:\/\/schema.org\/BlogPosting\" itemprop=\"blogPost\" ><div class='avia_textblock  '   itemprop=\"text\" ><p style=\"text-align: justify;\">Ante la falta de acciones realizadas por las nuevas autoridades de la cartera, la Diputada Marcia Raphael ofici\u00f3 al ministerio, para dar celeridad a los apoyos extraordinarios a las familias agricultoras, las que agrupan al menos unos 2 mil predios y unidades productivas ganaderas, que durante el a\u00f1o 2021 informaron mediante declaraci\u00f3n de existencia animal al SAG, categor\u00edas animales entre aves, bovinos, equipos, caprinos, ovinos y porcinos.<\/p>\n<p style=\"text-align: justify;\">En tal sentido, la parlamentaria mencion\u00f3 que \u201cla emergencia ya est\u00e1 declarada por las autoridades, pero a m\u00e1s de 30 d\u00edas de ello, a\u00fan no se han anunciado cuales ser\u00e1n los instrumentos que van a entregar, cuales ser\u00e1n los recursos o a trav\u00e9s de que medios ser\u00e1n proporcionados. Hoy vemos zonas que\u00a0 comienzan a acumular nieve y los agricultores ganaderos necesitar\u00e1n de estas medidas las que a\u00fan no han sido concretadas\u201d enfatiz\u00f3.<\/p>\n<p style=\"text-align: justify;\">Cabe destacar que la solicitud de declaraci\u00f3n de emergencia agr\u00edcola realizada por las autoridades locales ten\u00eda por objetivo incorporar a las comunas de Lago Verde, Coyhaique, R\u00edo Ib\u00e1\u00f1ez, Chile Chico y Cochrane, zonas que producto del d\u00e9ficit h\u00eddrico se vieron afectadas en el crecimiento de praderas y disponibilidad de forraje para conservar. Esta declaraci\u00f3n de emergencia permite destinar recursos para el financiamiento de medidas, como la entrega de forraje o suplementos para abejas, entre otros.<\/p>\n<p style=\"text-align: justify;\">La legisladora agreg\u00f3 \u201ccreo igualmente importante que adem\u00e1s de ganaderos, la consideraci\u00f3n dentro del \u00e1mbito de afectaci\u00f3n incluya a los apicultores, quienes producto de esta emergencia agr\u00edcola, han sido perjudicados en sus apiarios. Al tratarse un rubro emergente de mucho potencial, requiere de igual manera de un apoyo directo, para de esta forma, incentivar la diversificaci\u00f3n productiva en la agricultura familiar campesina de la regi\u00f3n\u201d.<\/p>\n<p style=\"text-align: justify;\">La situaci\u00f3n es notoriamente alarmante, frente a la preocupaci\u00f3n de agricultores quienes vislumbran un invierno complejo para sus familias. Esto en relaci\u00f3n a que el resultado productivo agr\u00edcola en la regi\u00f3n se vio severamente afectado por las condiciones agroclim\u00e1ticas de los \u00faltimos 12 meses. Donde a la fecha se acent\u00faa la preocupaci\u00f3n ante la falta de informaci\u00f3n respecto a la activaci\u00f3n de medidas de apoyo extraordinarias producto de la emergencia, que tiene a los productores en alerta, pues est\u00e1n en una \u00e9poca determinante para ajustar sus cargas animales.<\/p>\n<p style=\"text-align: justify;\">\u201cEsperamos tener respuestas a la brevedad posible, puesto que las muchas familias afectadas necesitan saber cuales ser\u00e1n las medidas que tomar\u00e1n las autoridades. Para el Estado debe ser fundamental la preocupaci\u00f3n por esta tem\u00e1tica, pues se relaciona a seguridad alimentaria, bienestar animal y una mayor tranquilidad a las familias del mundo rural\u201d, finaliz\u00f3 la Diputada Raphael.<\/p>\n<\/div><\/section><\/div><div  style='height:50px' class='hr hr-invisible   avia-builder-el-6  el_after_av_one_full  el_before_av_social_share '><span class='hr-inner ' ><span class='hr-inner-style'><\/span><\/span><\/div><\/p>\n<div  class='av-social-sharing-box  avia-builder-el-7  el_after_av_hr  el_before_av_hr  '><div class='av-share-box'><h5 class='av-share-link-description av-no-toc '>Compartir esta noticia<\/h5><ul class='av-share-box-list noLightbox'><li class='av-share-link av-social-link-facebook' ><a target=\"_blank\" aria-label=\"Compartir en Facebook\" href='https:\/\/www.facebook.com\/sharer.php?u=https:\/\/radiorevelacionfm.cl\/?p=16143&#038;t=Diputada%20Raphael%20emplaza%20al%20Ministerio%20de%20Agricultura%20para%20que%20concrete%20ayuda%20a%20agricultores%20aiseninos%2C%20frente%20a%20la%20escasez%20h%C3%ADdrica%20que%20afect%C3%B3%20la%20regi%C3%B3n%20de%20Ays%C3%A9n' aria-hidden='false' data-av_icon='\ue8f3' data-av_iconfont='entypo-fontello' title='' data-avia-related-tooltip='Compartir en Facebook' rel=\"noopener\"><span class='avia_hidden_link_text'>Compartir en Facebook<\/span><\/a><\/li><li class='av-share-link av-social-link-twitter' ><a target=\"_blank\" aria-label=\"Compartir en Twitter\" href='https:\/\/twitter.com\/share?text=Diputada%20Raphael%20emplaza%20al%20Ministerio%20de%20Agricultura%20para%20que%20concrete%20ayuda%20a%20agricultores%20aiseninos%2C%20frente%20a%20la%20escasez%20h%C3%ADdrica%20que%20afect%C3%B3%20la%20regi%C3%B3n%20de%20Ays%C3%A9n&#038;url=https:\/\/radiorevelacionfm.cl\/?p=16143' aria-hidden='false' data-av_icon='\ue8f1' data-av_iconfont='entypo-fontello' title='' data-avia-related-tooltip='Compartir en Twitter' rel=\"noopener\"><span class='avia_hidden_link_text'>Compartir en Twitter<\/span><\/a><\/li><li class='av-share-link av-social-link-whatsapp' ><a target=\"_blank\" aria-label=\"Compartir en Whatsapp\" href='https:\/\/api.whatsapp.com\/send?text=https:\/\/radiorevelacionfm.cl\/?p=16143' aria-hidden='false' data-av_icon='\uf232' data-av_iconfont='entypo-fontello' title='' data-avia-related-tooltip='Compartir en Whatsapp' rel=\"noopener\"><span class='avia_hidden_link_text'>Compartir en Whatsapp<\/span><\/a><\/li><li class='av-share-link av-social-link-linkedin' ><a target=\"_blank\" aria-label=\"Compartir en LinkedIn\" href='https:\/\/linkedin.com\/shareArticle?mini=true&#038;title=Diputada%20Raphael%20emplaza%20al%20Ministerio%20de%20Agricultura%20para%20que%20concrete%20ayuda%20a%20agricultores%20aiseninos%2C%20frente%20a%20la%20escasez%20h%C3%ADdrica%20que%20afect%C3%B3%20la%20regi%C3%B3n%20de%20Ays%C3%A9n&#038;url=https:\/\/radiorevelacionfm.cl\/?p=16143' aria-hidden='false' data-av_icon='\ue8fc' data-av_iconfont='entypo-fontello' title='' data-avia-related-tooltip='Compartir en LinkedIn' rel=\"noopener\"><span class='avia_hidden_link_text'>Compartir en LinkedIn<\/span><\/a><\/li><li class='av-share-link av-social-link-mail' ><a  aria-label=\"Compartir por correo\" href='mailto:?subject=Diputada%20Raphael%20emplaza%20al%20Ministerio%20de%20Agricultura%20para%20que%20concrete%20ayuda%20a%20agricultores%20aiseninos%2C%20frente%20a%20la%20escasez%20h%C3%ADdrica%20que%20afect%C3%B3%20la%20regi%C3%B3n%20de%20Ays%C3%A9n&#038;body=https:\/\/radiorevelacionfm.cl\/?p=16143' aria-hidden='false' data-av_icon='\ue805' data-av_iconfont='entypo-fontello' title='' data-avia-related-tooltip='Compartir por correo'><span class='avia_hidden_link_text'>Compartir por correo<\/span><\/a><\/li><\/ul><\/div><\/div>\n<div  style='height:50px' class='hr hr-invisible   avia-builder-el-8  el_after_av_social_share  el_before_av_comments_list '><span class='hr-inner ' ><span class='hr-inner-style'><\/span><\/span><\/div>\n<div  class='av-buildercomment  av-blog-meta-html-info-disabled av-blog-meta-tag-disabled  '><\/div>\n","protected":false},"excerpt":{"rendered":"","protected":false},"author":1,"featured_media":16144,"comment_status":"open","ping_status":"open","sticky":false,"template":"","format":"standard","meta":{"footnotes":""},"categories":[35],"tags":[],"class_list":["post-16143","post","type-post","status-publish","format-standard","has-post-thumbnail","hentry","category-politica"],"jetpack_featured_media_url":"https:\/\/radiorevelacionfm.cl\/wp-content\/uploads\/2022\/04\/ab89d288-a754-4b4d-8370-1e6ea8008c95-1-1.jpg","_links":{"self":[{"href":"https:\/\/radiorevelacionfm.cl\/index.php?rest_route=\/wp\/v2\/posts\/16143","targetHints":{"allow":["GET"]}}],"collection":[{"href":"https:\/\/radiorevelacionfm.cl\/index.php?rest_route=\/wp\/v2\/posts"}],"about":[{"href":"https:\/\/radiorevelacionfm.cl\/index.php?rest_route=\/wp\/v2\/types\/post"}],"author":[{"embeddable":true,"href":"https:\/\/radiorevelacionfm.cl\/index.php?rest_route=\/wp\/v2\/users\/1"}],"replies":[{"embeddable":true,"href":"https:\/\/radiorevelacionfm.cl\/index.php?rest_route=%2Fwp%2Fv2%2Fcomments&post=16143"}],"version-history":[{"count":2,"href":"https:\/\/radiorevelacionfm.cl\/index.php?rest_route=\/wp\/v2\/posts\/16143\/revisions"}],"predecessor-version":[{"id":16163,"href":"https:\/\/radiorevelacionfm.cl\/index.php?rest_route=\/wp\/v2\/posts\/16143\/revisions\/16163"}],"wp:featuredmedia":[{"embeddable":true,"href":"https:\/\/radiorevelacionfm.cl\/index.php?rest_route=\/wp\/v2\/media\/16144"}],"wp:attachment":[{"href":"https:\/\/radiorevelacionfm.cl\/index.php?rest_route=%2Fwp%2Fv2%2Fmedia&parent=16143"}],"wp:term":[{"taxonomy":"category","embeddable":true,"href":"https:\/\/radiorevelacionfm.cl\/index.php?rest_route=%2Fwp%2Fv2%2Fcategories&post=16143"},{"taxonomy":"post_tag","embeddable":true,"href":"https:\/\/radiorevelacionfm.cl\/index.php?rest_route=%2Fwp%2Fv2%2Ftags&post=16143"}],"curies":[{"name":"wp","href":"https:\/\/api.w.org\/{rel}","templated":true}]}}