{"id":16139,"date":"2022-04-26T09:48:12","date_gmt":"2022-04-26T12:48:12","guid":{"rendered":"https:\/\/radiorevelacionfm.cl\/?p=16139"},"modified":"2022-04-26T09:48:12","modified_gmt":"2022-04-26T12:48:12","slug":"fundacion-se-traslada-a-huichas-buscando-eliminar-listas-de-espera-en-el-area-dental","status":"publish","type":"post","link":"https:\/\/radiorevelacionfm.cl\/?p=16139","title":{"rendered":"Fundaci\u00f3n se traslada a Huichas buscando eliminar listas de espera en el \u00e1rea dental"},"content":{"rendered":"<div class=\"flex_column av_one_full  flex_column_div av-zero-column-padding first  avia-builder-el-0  el_before_av_one_full  avia-builder-el-first  \" style='border-radius:0px; '><div  class='avia-image-container  av-styling-    avia-builder-el-1  avia-builder-el-no-sibling  avia-align-center '  itemprop=\"image\" itemscope=\"itemscope\" itemtype=\"https:\/\/schema.org\/ImageObject\"  ><div class='avia-image-container-inner'><div class='avia-image-overlay-wrap'><img decoding=\"async\" class='wp-image-16140 avia-img-lazy-loading-not-16140 avia_image' src=\"https:\/\/radiorevelacionfm.cl\/wp-content\/uploads\/2022\/04\/HANSY-CHAVEZ-2-1-1.jpg\" alt='' title='HANSY CHAVEZ 2 (1) (1)' height=\"600\" width=\"1067\"  itemprop=\"thumbnailUrl\" srcset=\"https:\/\/radiorevelacionfm.cl\/wp-content\/uploads\/2022\/04\/HANSY-CHAVEZ-2-1-1.jpg 1067w, https:\/\/radiorevelacionfm.cl\/wp-content\/uploads\/2022\/04\/HANSY-CHAVEZ-2-1-1-300x169.jpg 300w, https:\/\/radiorevelacionfm.cl\/wp-content\/uploads\/2022\/04\/HANSY-CHAVEZ-2-1-1-1030x579.jpg 1030w, https:\/\/radiorevelacionfm.cl\/wp-content\/uploads\/2022\/04\/HANSY-CHAVEZ-2-1-1-768x432.jpg 768w, https:\/\/radiorevelacionfm.cl\/wp-content\/uploads\/2022\/04\/HANSY-CHAVEZ-2-1-1-705x396.jpg 705w, https:\/\/radiorevelacionfm.cl\/wp-content\/uploads\/2022\/04\/HANSY-CHAVEZ-2-1-1-600x337.jpg 600w\" sizes=\"(max-width: 1067px) 100vw, 1067px\" \/><\/div><\/div><\/div><\/div><div class=\"flex_column av_one_full  flex_column_div av-zero-column-padding first  avia-builder-el-2  el_after_av_one_full  el_before_av_one_full  column-top-margin\" style='border-radius:0px; '><section class=\"av_textblock_section \"  itemscope=\"itemscope\" itemtype=\"https:\/\/schema.org\/BlogPosting\" itemprop=\"blogPost\" ><div class='avia_textblock  '   itemprop=\"text\" ><p style=\"text-align: center;\"><strong><span style=\"font-size: 18pt;\">Fundaci\u00f3n se traslada a Huichas buscando eliminar listas de espera en el \u00e1rea dental<\/span><\/strong><\/p>\n<div id=\"gtx-trans\" style=\"position: absolute; left: -50px; top: 4.31534px;\">\n<div class=\"gtx-trans-icon\"><\/div>\n<\/div>\n<\/div><\/section><\/div><div class=\"flex_column av_one_full  flex_column_div av-zero-column-padding first  avia-builder-el-4  el_after_av_one_full  el_before_av_hr  column-top-margin\" style='border-radius:0px; '><section class=\"av_textblock_section \"  itemscope=\"itemscope\" itemtype=\"https:\/\/schema.org\/BlogPosting\" itemprop=\"blogPost\" ><div class='avia_textblock  '   itemprop=\"text\" ><p style=\"text-align: justify;\">Para este martes 26 de abril, la Fundaci\u00f3n \u201cvidas con prop\u00f3sitos\u201d de Puerto Ays\u00e9n, ha programado un operativo dental en Islas Huichas, orientado principalmente a eliminar las listas de espera, de pacientes que llevar mucho tiempo esperando una atenci\u00f3n de especialidad como esta.<\/p>\n<p style=\"text-align: justify;\">Hansy Ch\u00e1vez, presidenta de la Fundaci\u00f3n se refiri\u00f3 a esta actividad y destac\u00f3 el trabajo colaborativo con el Hospital de Puerto Ays\u00e9n.<\/p>\n<p style=\"text-align: justify;\">\u201cEsto nace a trav\u00e9s de un trabajo colaborativo con el hospital de Ays\u00e9n, llevamos especialidades para ayudar a reducir listas de espera en el sector. Eso bajo el marco de acercar la salud a la poblaci\u00f3n, esto ser\u00eda el d\u00eda martes 26 de abril, en una jornada completa de trabajo, son especialidades m\u00e9dicas que llevar\u00edamos a la isla, reduciendo listas de espera. Es un operativo odontol\u00f3gico, obviamente acusando a la necesidad imperante que hay en el tema dental y los especialistas con toda la disposici\u00f3n y el cari\u00f1o se desplazar\u00e1n a la isla\u201d.<\/p>\n<p style=\"text-align: justify;\">Hansy Ch\u00e1vez, agradeci\u00f3 tambi\u00e9n a las empresas y entidades que hacen posible en esta oportunidad llegar hasta Islas Huichas con este operativo.<\/p>\n<p style=\"text-align: justify;\">\u201cNo recibimos aportes estatales, eso es s\u00faper importante dejarlo claro, muchos pensar\u00e1n que como es una fundaci\u00f3n contamos con recursos y no es as\u00ed. O sea, se postula a proyectos, se financian programas espec\u00edficos y en esta oportunidad no fue diferente, tengo que reconocer que la empresa Aqua Chile, como siempre ha tenido la disposici\u00f3n de querer apoyarnos. Aqu\u00ed tambi\u00e9n los mismos profesionales que se cuadraron con la fundaci\u00f3n y dijeron nosotros queremos sumarnos y por supuesto, nunca queda atr\u00e1s, don Alejandro Bahamonde, que siempre ha estado con nosotros, por supuesto que esta vez no se iba a desmarcar y se cuadr\u00f3 una vez m\u00e1s. Entonces, yo creo que estas cosas son s\u00faper importantes darlas a conocer, que, si hay privados que les interesa aportar y apoyar esta causa\u201d.<\/p>\n<p style=\"text-align: justify;\">Lo que se llevar\u00e1 a cabo este martes 26 de abril en Islas Huichas, coordinado por la Fundaci\u00f3n \u201cvidas con prop\u00f3sitos\u201d de Puerto Ays\u00e9n, est\u00e1 orientado a disminuir las listas de espera en el \u00e1rea dental, por ello, se ha trabajado mancomunadamente con el hospital porte\u00f1o.<\/p>\n<\/div><\/section><\/div><div  style='height:50px' class='hr hr-invisible   avia-builder-el-6  el_after_av_one_full  el_before_av_social_share '><span class='hr-inner ' ><span class='hr-inner-style'><\/span><\/span><\/div><\/p>\n<div  class='av-social-sharing-box  avia-builder-el-7  el_after_av_hr  el_before_av_hr  '><div class='av-share-box'><h5 class='av-share-link-description av-no-toc '>Compartir esta noticia<\/h5><ul class='av-share-box-list noLightbox'><li class='av-share-link av-social-link-facebook' ><a target=\"_blank\" aria-label=\"Compartir en Facebook\" href='https:\/\/www.facebook.com\/sharer.php?u=https:\/\/radiorevelacionfm.cl\/?p=16139&#038;t=Fundaci%C3%B3n%20se%20traslada%20a%20Huichas%20buscando%20eliminar%20listas%20de%20espera%20en%20el%20%C3%A1rea%20dental' aria-hidden='false' data-av_icon='\ue8f3' data-av_iconfont='entypo-fontello' title='' data-avia-related-tooltip='Compartir en Facebook' rel=\"noopener\"><span class='avia_hidden_link_text'>Compartir en Facebook<\/span><\/a><\/li><li class='av-share-link av-social-link-twitter' ><a target=\"_blank\" aria-label=\"Compartir en Twitter\" href='https:\/\/twitter.com\/share?text=Fundaci%C3%B3n%20se%20traslada%20a%20Huichas%20buscando%20eliminar%20listas%20de%20espera%20en%20el%20%C3%A1rea%20dental&#038;url=https:\/\/radiorevelacionfm.cl\/?p=16139' aria-hidden='false' data-av_icon='\ue8f1' data-av_iconfont='entypo-fontello' title='' data-avia-related-tooltip='Compartir en Twitter' rel=\"noopener\"><span class='avia_hidden_link_text'>Compartir en Twitter<\/span><\/a><\/li><li class='av-share-link av-social-link-whatsapp' ><a target=\"_blank\" aria-label=\"Compartir en Whatsapp\" href='https:\/\/api.whatsapp.com\/send?text=https:\/\/radiorevelacionfm.cl\/?p=16139' aria-hidden='false' data-av_icon='\uf232' data-av_iconfont='entypo-fontello' title='' data-avia-related-tooltip='Compartir en Whatsapp' rel=\"noopener\"><span class='avia_hidden_link_text'>Compartir en Whatsapp<\/span><\/a><\/li><li class='av-share-link av-social-link-linkedin' ><a target=\"_blank\" aria-label=\"Compartir en LinkedIn\" href='https:\/\/linkedin.com\/shareArticle?mini=true&#038;title=Fundaci%C3%B3n%20se%20traslada%20a%20Huichas%20buscando%20eliminar%20listas%20de%20espera%20en%20el%20%C3%A1rea%20dental&#038;url=https:\/\/radiorevelacionfm.cl\/?p=16139' aria-hidden='false' data-av_icon='\ue8fc' data-av_iconfont='entypo-fontello' title='' data-avia-related-tooltip='Compartir en LinkedIn' rel=\"noopener\"><span class='avia_hidden_link_text'>Compartir en LinkedIn<\/span><\/a><\/li><li class='av-share-link av-social-link-mail' ><a  aria-label=\"Compartir por correo\" href='mailto:?subject=Fundaci%C3%B3n%20se%20traslada%20a%20Huichas%20buscando%20eliminar%20listas%20de%20espera%20en%20el%20%C3%A1rea%20dental&#038;body=https:\/\/radiorevelacionfm.cl\/?p=16139' aria-hidden='false' data-av_icon='\ue805' data-av_iconfont='entypo-fontello' title='' data-avia-related-tooltip='Compartir por correo'><span class='avia_hidden_link_text'>Compartir por correo<\/span><\/a><\/li><\/ul><\/div><\/div>\n<div  style='height:50px' class='hr hr-invisible   avia-builder-el-8  el_after_av_social_share  el_before_av_comments_list '><span class='hr-inner ' ><span class='hr-inner-style'><\/span><\/span><\/div>\n<div  class='av-buildercomment  av-blog-meta-html-info-disabled av-blog-meta-tag-disabled  '><\/div>\n","protected":false},"excerpt":{"rendered":"","protected":false},"author":1,"featured_media":16140,"comment_status":"open","ping_status":"open","sticky":false,"template":"","format":"standard","meta":{"footnotes":""},"categories":[46],"tags":[],"class_list":["post-16139","post","type-post","status-publish","format-standard","has-post-thumbnail","hentry","category-salud"],"jetpack_featured_media_url":"https:\/\/radiorevelacionfm.cl\/wp-content\/uploads\/2022\/04\/HANSY-CHAVEZ-2-1-1.jpg","_links":{"self":[{"href":"https:\/\/radiorevelacionfm.cl\/index.php?rest_route=\/wp\/v2\/posts\/16139","targetHints":{"allow":["GET"]}}],"collection":[{"href":"https:\/\/radiorevelacionfm.cl\/index.php?rest_route=\/wp\/v2\/posts"}],"about":[{"href":"https:\/\/radiorevelacionfm.cl\/index.php?rest_route=\/wp\/v2\/types\/post"}],"author":[{"embeddable":true,"href":"https:\/\/radiorevelacionfm.cl\/index.php?rest_route=\/wp\/v2\/users\/1"}],"replies":[{"embeddable":true,"href":"https:\/\/radiorevelacionfm.cl\/index.php?rest_route=%2Fwp%2Fv2%2Fcomments&post=16139"}],"version-history":[{"count":3,"href":"https:\/\/radiorevelacionfm.cl\/index.php?rest_route=\/wp\/v2\/posts\/16139\/revisions"}],"predecessor-version":[{"id":16192,"href":"https:\/\/radiorevelacionfm.cl\/index.php?rest_route=\/wp\/v2\/posts\/16139\/revisions\/16192"}],"wp:featuredmedia":[{"embeddable":true,"href":"https:\/\/radiorevelacionfm.cl\/index.php?rest_route=\/wp\/v2\/media\/16140"}],"wp:attachment":[{"href":"https:\/\/radiorevelacionfm.cl\/index.php?rest_route=%2Fwp%2Fv2%2Fmedia&parent=16139"}],"wp:term":[{"taxonomy":"category","embeddable":true,"href":"https:\/\/radiorevelacionfm.cl\/index.php?rest_route=%2Fwp%2Fv2%2Fcategories&post=16139"},{"taxonomy":"post_tag","embeddable":true,"href":"https:\/\/radiorevelacionfm.cl\/index.php?rest_route=%2Fwp%2Fv2%2Ftags&post=16139"}],"curies":[{"name":"wp","href":"https:\/\/api.w.org\/{rel}","templated":true}]}}