{"id":16135,"date":"2022-04-25T11:19:14","date_gmt":"2022-04-25T14:19:14","guid":{"rendered":"https:\/\/radiorevelacionfm.cl\/?p=16135"},"modified":"2022-04-25T11:19:14","modified_gmt":"2022-04-25T14:19:14","slug":"comenzo-estudio-del-pmdt-enfocado-en-el-desarrollo-economico-de-la-zona-norte-de-cisnes","status":"publish","type":"post","link":"https:\/\/radiorevelacionfm.cl\/?p=16135","title":{"rendered":"Comenz\u00f3 estudio del PMDT enfocado en el desarrollo econ\u00f3mico de la zona norte de Cisnes"},"content":{"rendered":"<div class=\"flex_column av_one_full  flex_column_div av-zero-column-padding first  avia-builder-el-0  el_before_av_one_full  avia-builder-el-first  \" style='border-radius:0px; '><div  class='avia-image-container  av-styling-    avia-builder-el-1  avia-builder-el-no-sibling  avia-align-center '  itemprop=\"image\" itemscope=\"itemscope\" itemtype=\"https:\/\/schema.org\/ImageObject\"  ><div class='avia-image-container-inner'><div class='avia-image-overlay-wrap'><img decoding=\"async\" class='wp-image-16137 avia-img-lazy-loading-not-16137 avia_image' src=\"https:\/\/radiorevelacionfm.cl\/wp-content\/uploads\/2022\/04\/INICIO-ESTUDIO-PMDT-6-1.jpeg\" alt='' title='INICIO ESTUDIO PMDT 6 (1)' height=\"600\" width=\"1333\"  itemprop=\"thumbnailUrl\" srcset=\"https:\/\/radiorevelacionfm.cl\/wp-content\/uploads\/2022\/04\/INICIO-ESTUDIO-PMDT-6-1.jpeg 1333w, https:\/\/radiorevelacionfm.cl\/wp-content\/uploads\/2022\/04\/INICIO-ESTUDIO-PMDT-6-1-300x135.jpeg 300w, https:\/\/radiorevelacionfm.cl\/wp-content\/uploads\/2022\/04\/INICIO-ESTUDIO-PMDT-6-1-1030x464.jpeg 1030w, https:\/\/radiorevelacionfm.cl\/wp-content\/uploads\/2022\/04\/INICIO-ESTUDIO-PMDT-6-1-768x346.jpeg 768w, https:\/\/radiorevelacionfm.cl\/wp-content\/uploads\/2022\/04\/INICIO-ESTUDIO-PMDT-6-1-705x317.jpeg 705w, https:\/\/radiorevelacionfm.cl\/wp-content\/uploads\/2022\/04\/INICIO-ESTUDIO-PMDT-6-1-600x270.jpeg 600w\" sizes=\"(max-width: 1333px) 100vw, 1333px\" \/><\/div><\/div><\/div><\/div><div class=\"flex_column av_one_full  flex_column_div av-zero-column-padding first  avia-builder-el-2  el_after_av_one_full  el_before_av_one_full  column-top-margin\" style='border-radius:0px; '><section class=\"av_textblock_section \"  itemscope=\"itemscope\" itemtype=\"https:\/\/schema.org\/BlogPosting\" itemprop=\"blogPost\" ><div class='avia_textblock  '   itemprop=\"text\" ><p style=\"text-align: center;\"><strong><span style=\"font-size: 18pt;\">Comenz\u00f3 estudio del PMDT enfocado en el desarrollo econ\u00f3mico de la zona norte de Cisnes<\/span><\/strong><\/p>\n<div id=\"gtx-trans\" style=\"position: absolute; left: -50px; top: 4.31534px;\">\n<div class=\"gtx-trans-icon\"><\/div>\n<\/div>\n<\/div><\/section><\/div><div class=\"flex_column av_one_full  flex_column_div av-zero-column-padding first  avia-builder-el-4  el_after_av_one_full  el_before_av_hr  column-top-margin\" style='border-radius:0px; '><section class=\"av_textblock_section \"  itemscope=\"itemscope\" itemtype=\"https:\/\/schema.org\/BlogPosting\" itemprop=\"blogPost\" ><div class='avia_textblock  '   itemprop=\"text\" ><p style=\"text-align: justify;\">En la localidad de La Junta, se reunieron autoridades regionales, provinciales y comunales junto a dirigentes sociales, para dar el vamos un hito importante, como es, el inicio del estudio del Plan Marco de Desarrollo Territorial (PMDT), de la zona norte de la comuna de Cisnes.<\/p>\n<p style=\"text-align: justify;\">Esta iniciativa busca, como principal objetivo, reconocer las necesidades desde el punto de vista econ\u00f3mico, en localidades como Melimoyu, Puerto Ra\u00fal Mar\u00edn Balmaceda, La Junta y Puyuhuapi. Tal como lo dio a conocer el Jefe de la Divisi\u00f3n de Planificaci\u00f3n del Gobierno Regional de Ays\u00e9n, Francisco Acevedo.<\/p>\n<p style=\"text-align: justify;\">\u201cEste es el puntapi\u00e9 inicial del estudio del Plan Marco de Desarrollo Territorial para el territorio Palena \u2013 Queulat. Esto es como una entrega de terreno, cuando hay una obra y se entrega el terreno a la empresa que lo va a construir, esto es algo similar, pero con un estudio. Un estudio que est\u00e1 enfocado en el desarrollo econ\u00f3mico del territorio, que considera las localidades de La Junta, Melimoyu, Puyuhuapi y Puerto Ra\u00fal Mar\u00edn Balmaceda. Durante este tiempo la consultora que est\u00e1 a cargo de este proceso, va a poder hacer el levantamiento de las necesidades productivas en el sector y tambi\u00e9n finalizar una cartera de proyectos y programas que nos permita orientar la inversi\u00f3n p\u00fablica para los pr\u00f3ximos a\u00f1os\u201d.<\/p>\n<p style=\"text-align: justify;\">Por su parte el Alcalde de la comuna de Cisnes, Francisco Roncagliolo, recalc\u00f3 que este PMDT, busca ordenar las necesidades y los focos productivos del territorio. Adem\u00e1s, relev\u00f3 el importante trabajo colaborativo que se ha desarrollado con el Gobierno Regional, a trav\u00e9s de la Gobernadora Andrea Mac\u00edas y todo el cuerpo de Consejeros y Consejeras.<\/p>\n<p style=\"text-align: justify;\">\u201cLo que esperamos es que, podamos ordenar entre todos los habitantes de la zona norte, cuales son los focos y las necesidades productivas que tenemos, no solamente en infraestructura, sino que tambi\u00e9n, en programas y que podamos en conjuntos elaborar un plan de acci\u00f3n, algo que podamos ejecutar en el corto, mediano y largo plazo dentro de seis a\u00f1os y vaya de la mano con un trabajo colaborativo que hemos llevado adelante con el Gobierno Regional. En eso, yo en lo personal como Alcalde, quiero agradecer la confianza de la Gobernadora Andrea Mac\u00edas, para poder llevar adelante este proceso, ya que, nace y se desarrolla dentro de lo que es la DIPLADE, pero tambi\u00e9n, quiero agradecer la confianza y la visi\u00f3n productiva que tiene el Consejo Regional de Ays\u00e9n, todos sus Consejeros y Consejeras, porque ponen una ficha importante en el desarrollo local y para nosotros es fundamental que tengamos este nivel de coordinaci\u00f3n, como el que estamos llevando adelante hoy d\u00eda y que permite, en ese sentido, trabajar como comuna de Cisnes en los desaf\u00edos que tenemos hacia adelante\u201d.<\/p>\n<p style=\"text-align: justify;\">Para la Consejera Regional, Paola Rodr\u00edguez, es muy importante la inversi\u00f3n que considera el Plan Marco de Desarrollo Territorial para la zona norte de la comuna de Cisnes.<\/p>\n<p style=\"text-align: justify;\">\u201cEstamos viendo con gran expectativa lo que significa la formulaci\u00f3n de este gran proyecto en Puerto Cisnes, que ya se est\u00e1 realizando en lo que es el litoral, este PMDT que considera 10 mil y tantos millones de pesos de inversi\u00f3n en la comuna de Cisnes. Entonces, esperamos que aqu\u00ed en las localidades de La Junta, Ra\u00fal Mar\u00edn, Melimoyu y Puyuhuapi, se tenga una inversi\u00f3n parecida y es por eso que hoy se hizo la invitaci\u00f3n, a sus dirigentes representados aqu\u00ed en esta reuni\u00f3n, para que manifiesten cu\u00e1les son sus ideas de proyectos, la ruta que se le quiere dar a nuestra comuna en el sector norte, as\u00ed es que, realmente feliz\u201d.<\/p>\n<p style=\"text-align: justify;\">En tanto, la Concejala de la comuna de Cisnes, Ximena Ar\u00e9valo, puso en valor la participaci\u00f3n ciudadana para la elaboraci\u00f3n PMDT. \u201cLo que, sin duda, marca una instancia s\u00faper importante para lo que es participaci\u00f3n, principalmente ciudadana ac\u00e1 en La Junta en su etapa inicial, en donde se privilegian, como dec\u00eda Francisco del Gobierno Regional, m\u00e1s las necesidades que las personas y ese es un compromiso que ha tenido el Alcalde en todos sus periodos. Por lo tanto, para mi tiene un balance positivo, esperando que toda la comuna y especialmente La Junta, Ra\u00fal Mar\u00edn, Puyuhuapi, Melimoyu, participen de este gran proyecto, de este gran plan\u201d.<\/p>\n<p style=\"text-align: justify;\">Feliz con este avance se mostr\u00f3 el Concejal de la comuna de Cisnes, Larry Letcher. \u201cAsistimos hoy al lanzamiento del Plan Marco aqu\u00ed en La Junta, un proyecto buen\u00edsimo para la parte norte de nuestra comuna y que se va a comenzar a desarrollar a contar de hoy. Contento por nuestras localidades del sector norte y esperamos que se concrete para el bien de toda la comunidad\u201d.<\/p>\n<p style=\"text-align: justify;\">Durante el presente a\u00f1o la empresa a cargo del estudio del Plan Marco de Desarrollo Territorial en la zona norte de la comuna de Cisnes, debe llevar a cabo las diferentes etapas de la iniciativa, principalmente en cuanto a su diagn\u00f3stico y trabajo participativo.<\/p>\n<\/div><\/section><\/div><div  style='height:50px' class='hr hr-invisible   avia-builder-el-6  el_after_av_one_full  el_before_av_social_share '><span class='hr-inner ' ><span class='hr-inner-style'><\/span><\/span><\/div><\/p>\n<div  class='av-social-sharing-box  avia-builder-el-7  el_after_av_hr  el_before_av_hr  '><div class='av-share-box'><h5 class='av-share-link-description av-no-toc '>Compartir esta noticia<\/h5><ul class='av-share-box-list noLightbox'><li class='av-share-link av-social-link-facebook' ><a target=\"_blank\" aria-label=\"Compartir en Facebook\" href='https:\/\/www.facebook.com\/sharer.php?u=https:\/\/radiorevelacionfm.cl\/?p=16135&#038;t=Comenz%C3%B3%20estudio%20del%20PMDT%20enfocado%20en%20el%20desarrollo%20econ%C3%B3mico%20de%20la%20zona%20norte%20de%20Cisnes' aria-hidden='false' data-av_icon='\ue8f3' data-av_iconfont='entypo-fontello' title='' data-avia-related-tooltip='Compartir en Facebook' rel=\"noopener\"><span class='avia_hidden_link_text'>Compartir en Facebook<\/span><\/a><\/li><li class='av-share-link av-social-link-twitter' ><a target=\"_blank\" aria-label=\"Compartir en Twitter\" href='https:\/\/twitter.com\/share?text=Comenz%C3%B3%20estudio%20del%20PMDT%20enfocado%20en%20el%20desarrollo%20econ%C3%B3mico%20de%20la%20zona%20norte%20de%20Cisnes&#038;url=https:\/\/radiorevelacionfm.cl\/?p=16135' aria-hidden='false' data-av_icon='\ue8f1' data-av_iconfont='entypo-fontello' title='' data-avia-related-tooltip='Compartir en Twitter' rel=\"noopener\"><span class='avia_hidden_link_text'>Compartir en Twitter<\/span><\/a><\/li><li class='av-share-link av-social-link-whatsapp' ><a target=\"_blank\" aria-label=\"Compartir en Whatsapp\" href='https:\/\/api.whatsapp.com\/send?text=https:\/\/radiorevelacionfm.cl\/?p=16135' aria-hidden='false' data-av_icon='\uf232' data-av_iconfont='entypo-fontello' title='' data-avia-related-tooltip='Compartir en Whatsapp' rel=\"noopener\"><span class='avia_hidden_link_text'>Compartir en Whatsapp<\/span><\/a><\/li><li class='av-share-link av-social-link-linkedin' ><a target=\"_blank\" aria-label=\"Compartir en LinkedIn\" href='https:\/\/linkedin.com\/shareArticle?mini=true&#038;title=Comenz%C3%B3%20estudio%20del%20PMDT%20enfocado%20en%20el%20desarrollo%20econ%C3%B3mico%20de%20la%20zona%20norte%20de%20Cisnes&#038;url=https:\/\/radiorevelacionfm.cl\/?p=16135' aria-hidden='false' data-av_icon='\ue8fc' data-av_iconfont='entypo-fontello' title='' data-avia-related-tooltip='Compartir en LinkedIn' rel=\"noopener\"><span class='avia_hidden_link_text'>Compartir en LinkedIn<\/span><\/a><\/li><li class='av-share-link av-social-link-mail' ><a  aria-label=\"Compartir por correo\" href='mailto:?subject=Comenz%C3%B3%20estudio%20del%20PMDT%20enfocado%20en%20el%20desarrollo%20econ%C3%B3mico%20de%20la%20zona%20norte%20de%20Cisnes&#038;body=https:\/\/radiorevelacionfm.cl\/?p=16135' aria-hidden='false' data-av_icon='\ue805' data-av_iconfont='entypo-fontello' title='' data-avia-related-tooltip='Compartir por correo'><span class='avia_hidden_link_text'>Compartir por correo<\/span><\/a><\/li><\/ul><\/div><\/div>\n<div  style='height:50px' class='hr hr-invisible   avia-builder-el-8  el_after_av_social_share  el_before_av_comments_list '><span class='hr-inner ' ><span class='hr-inner-style'><\/span><\/span><\/div>\n<div  class='av-buildercomment  av-blog-meta-html-info-disabled av-blog-meta-tag-disabled  '><\/div>\n","protected":false},"excerpt":{"rendered":"","protected":false},"author":1,"featured_media":16136,"comment_status":"open","ping_status":"open","sticky":false,"template":"","format":"standard","meta":{"footnotes":""},"categories":[38],"tags":[],"class_list":["post-16135","post","type-post","status-publish","format-standard","has-post-thumbnail","hentry","category-regional"],"jetpack_featured_media_url":"https:\/\/radiorevelacionfm.cl\/wp-content\/uploads\/2022\/04\/INICIO-ESTUDIO-PMDT-6-1-1.jpeg","_links":{"self":[{"href":"https:\/\/radiorevelacionfm.cl\/index.php?rest_route=\/wp\/v2\/posts\/16135","targetHints":{"allow":["GET"]}}],"collection":[{"href":"https:\/\/radiorevelacionfm.cl\/index.php?rest_route=\/wp\/v2\/posts"}],"about":[{"href":"https:\/\/radiorevelacionfm.cl\/index.php?rest_route=\/wp\/v2\/types\/post"}],"author":[{"embeddable":true,"href":"https:\/\/radiorevelacionfm.cl\/index.php?rest_route=\/wp\/v2\/users\/1"}],"replies":[{"embeddable":true,"href":"https:\/\/radiorevelacionfm.cl\/index.php?rest_route=%2Fwp%2Fv2%2Fcomments&post=16135"}],"version-history":[{"count":2,"href":"https:\/\/radiorevelacionfm.cl\/index.php?rest_route=\/wp\/v2\/posts\/16135\/revisions"}],"predecessor-version":[{"id":16142,"href":"https:\/\/radiorevelacionfm.cl\/index.php?rest_route=\/wp\/v2\/posts\/16135\/revisions\/16142"}],"wp:featuredmedia":[{"embeddable":true,"href":"https:\/\/radiorevelacionfm.cl\/index.php?rest_route=\/wp\/v2\/media\/16136"}],"wp:attachment":[{"href":"https:\/\/radiorevelacionfm.cl\/index.php?rest_route=%2Fwp%2Fv2%2Fmedia&parent=16135"}],"wp:term":[{"taxonomy":"category","embeddable":true,"href":"https:\/\/radiorevelacionfm.cl\/index.php?rest_route=%2Fwp%2Fv2%2Fcategories&post=16135"},{"taxonomy":"post_tag","embeddable":true,"href":"https:\/\/radiorevelacionfm.cl\/index.php?rest_route=%2Fwp%2Fv2%2Ftags&post=16135"}],"curies":[{"name":"wp","href":"https:\/\/api.w.org\/{rel}","templated":true}]}}